{"id":88452,"date":"2026-04-28T16:10:57","date_gmt":"2026-04-28T14:10:57","guid":{"rendered":"https:\/\/www.klaus-janowitz.de\/wordpress\/?p=88452"},"modified":"2026-04-28T17:00:33","modified_gmt":"2026-04-28T15:00:33","slug":"technogenese-in-der-diskussion-ein-zwischenstand","status":"publish","type":"post","link":"https:\/\/www.klaus-janowitz.de\/wordpress\/technogenese-in-der-diskussion-ein-zwischenstand\/","title":{"rendered":"Technogenese in der Diskussion \u2013 Ein Zwischenstand"},"content":{"rendered":"<figure id=\"attachment_87287\" aria-describedby=\"caption-attachment-87287\" style=\"width: 300px\" class=\"wp-caption alignright\"><a href=\"https:\/\/i0.wp.com\/www.klaus-janowitz.de\/wordpress\/wp-content\/uploads\/2025\/09\/getty-images-MVdQKxe_YTg-unsplash-scaled.jpg?ssl=1\"><img data-recalc-dims=\"1\" fetchpriority=\"high\" decoding=\"async\" class=\"wp-image-87287 size-medium\" src=\"https:\/\/i0.wp.com\/www.klaus-janowitz.de\/wordpress\/wp-content\/uploads\/2025\/09\/getty-images-MVdQKxe_YTg-unsplash.jpg?resize=300%2C176&#038;ssl=1\" alt=\"\" width=\"300\" height=\"176\" srcset=\"https:\/\/i0.wp.com\/www.klaus-janowitz.de\/wordpress\/wp-content\/uploads\/2025\/09\/getty-images-MVdQKxe_YTg-unsplash-scaled.jpg?resize=300%2C176&amp;ssl=1 300w, https:\/\/i0.wp.com\/www.klaus-janowitz.de\/wordpress\/wp-content\/uploads\/2025\/09\/getty-images-MVdQKxe_YTg-unsplash-scaled.jpg?resize=1024%2C600&amp;ssl=1 1024w, https:\/\/i0.wp.com\/www.klaus-janowitz.de\/wordpress\/wp-content\/uploads\/2025\/09\/getty-images-MVdQKxe_YTg-unsplash-scaled.jpg?resize=768%2C450&amp;ssl=1 768w, https:\/\/i0.wp.com\/www.klaus-janowitz.de\/wordpress\/wp-content\/uploads\/2025\/09\/getty-images-MVdQKxe_YTg-unsplash-scaled.jpg?resize=1536%2C899&amp;ssl=1 1536w, https:\/\/i0.wp.com\/www.klaus-janowitz.de\/wordpress\/wp-content\/uploads\/2025\/09\/getty-images-MVdQKxe_YTg-unsplash-scaled.jpg?resize=2048%2C1199&amp;ssl=1 2048w\" sizes=\"(max-width: 300px) 100vw, 300px\" \/><\/a><figcaption id=\"caption-attachment-87287\" class=\"wp-caption-text\">Bild: unsplash+<\/figcaption><\/figure>\n<p style=\"text-align: justify;\" data-wp-editing=\"1\">Digitale Technologien verschieben unsere Wahrnehmung, den Zugang zu Wissen und Machtverh\u00e4ltnisse \u2013 als langfristiger gesellschaftlicher Prozess, der sich nur unzureichend mit etablierten analytischen Kategorien fassen l\u00e4sst.<\/p>\n<p style=\"text-align: justify;\" data-wp-editing=\"1\">Die letzten beiden Texte <em><a href=\"https:\/\/www.klaus-janowitz.de\/wordpress\/technogenese-als-perspektive-interdependenz-statt-kausalitaet\/\" target=\"_blank\" rel=\"noopener\">Technogenese als Perspektive<\/a>\u00b9 und <a href=\"https:\/\/www.klaus-janowitz.de\/wordpress\/ko-evolution-und-intermediaritaet-wie-ki-wissen-organisiert\/\" target=\"_blank\" rel=\"noopener\">Ko-Evolution und\u00a0Intermediarit\u00e4t<\/a><\/em><em>\u00b2<\/em> haben einige\u00a0 bemerkenswerte Resonanzen, von medientheoretischen Zuspitzungen bis zu Fragen nach k\u00fcnftiger Gesellschaftsforschung,\u00a0 ausgel\u00f6st, die die Diskussion <em>\u00a0<\/em>weiterf\u00fchren und zugleich sch\u00e4rfen.<\/p>\n<p style=\"text-align: justify;\" data-wp-editing=\"1\">Ausgangspunkt war die von <em><strong>Klaus Burmeister<\/strong><\/em> (Zukunftsforscher bei <a href=\"https:\/\/d2030.de\/\" target=\"_blank\" rel=\"noopener\">D2030<\/a>) seit November 2025\u00a0 angestossene Debatte zur <a href=\"https:\/\/www.linkedin.com\/pulse\/sieben-erkenntnisse-aus-18-monaten-ko-evolution-und-f%C3%BCnf-burmeister-srfpf\/?trackingId=18sDpGyNQLe32D5%2FgTZtCA%3D%3D\" target=\"_blank\" rel=\"noopener\"><em>Ko-Evolution von Mensch und Maschine<\/em><\/a>. Die gesamte Debatte l\u00e4sst sich in mehreren Artikeln auf LinkedIn verfolgen. Der einfachste Zugang ist \u00fcber den aktuellsten Artikel <a href=\"https:\/\/www.linkedin.com\/pulse\/sieben-erkenntnisse-aus-18-monaten-ko-evolution-und-f%C3%BCnf-burmeister-srfpf\/\" target=\"_blank\" rel=\"noopener\"><em>Sieben Erkenntnisse aus 18 Monaten. Ko-Evolution und f\u00fcnf Notizen<\/em><\/a> (04\/26) &#8211; dar\u00fcber sind die anderen Beitr\u00e4ge verlinkt.<br \/>\n<em>Burmeister<\/em> hatte u.a. auch das Leitbild einer <strong><em>vorausschauenden Gesellschaftsforschung<\/em><\/strong> genannt: <em>Weg von der klassischen Technikfolgenabsch\u00e4tzung, die Risiken im Nachhinein bewertet, hin zu einer Forschung, die als Navigator in ungewissen Zuk\u00fcnften dient<\/em>. Das bedeutet eine offene Exploration von gesellschaftlichen Ordnungen, Praktiken und Verhandlungsr\u00e4umen, die sich mit aufkommenden Technologien (z.B. KI, Plattformkapitalismus, Energieinfrastruktur) konstituieren \u2013 also nicht nur auf Folgen, sondern auf Ko\u2011Evolution von Technik und Gesellschaft.<\/p>\n<p style=\"text-align: justify;\" data-wp-editing=\"1\">Meine beiden Texte schliessen an die Debatte an \u2013\u00a0 der eine mit Blick auf die konkret erlebte Funktionsweise von KI, der andere mit einer Weiterf\u00fchrung zu einer langfristigen Perspektive mit einem Anschluss an die Prozesssoziologie von Norbert Elias. <strong><em>Technogenese<\/em><\/strong> fasst diese Perspektive begrifflich.<\/p>\n<p style=\"text-align: justify;\" data-wp-editing=\"1\">F\u00fcr die Mikroebene der KI erweist sich der Begriff der <em>Intermediarit\u00e4t<\/em> als angemessen. Sprachmodelle rufen Wissen nicht einfach ab wie ein Archiv, und sie sind auch kein Werkzeug im klassischen Sinn. Sie fungieren als Vermittlungsinstanzen, die aus gespeicherten Daten kontextabh\u00e4ngige Synthesen erzeugen. Der Begriff des <em>Konfabulationsraums<\/em> macht deutlich: Ergebnisse sind nicht <em>wahr<\/em>, sondern <em>plausibel<\/em> \u2013 gesteuert durch die Eingaben der Nutzer und begrenzt durch das Modell.<\/p>\n<p style=\"text-align: justify;\" data-wp-editing=\"1\">F\u00fcr die Funktionsweise von KI ergibt sich eine begriffliche Sequenz:<br \/>\n<strong><em>Intermediarit\u00e4t \u2192 plausible Konfabulation \u2192 kognitive Ratifikation.<br \/>\n<\/em><\/strong>Erst mit der <em>kognitiven Ratifikation<\/em> \u2013 also der sozialen Anerkennung und \u00dcbernahme eines erzielten Ergebnisses \u2013 wird aus einer technischen Operation gesellschaftlich wirksames Handeln.<\/p>\n<p style=\"text-align: justify;\" data-wp-editing=\"1\"><strong><em>Gunnar Sohn<\/em><\/strong> f\u00fchrt in seinem Text <em><a href=\"https:\/\/ichsagmal.com\/aufschreibesysteme-statt-interdependenzen-eine-soziologische-zuspitzung-nach-klaus-janowitz-und-friedrich-kittler\/\" target=\"_blank\" rel=\"noopener\">Aufschreibesysteme statt Interdependenzen:<\/a> Eine soziologische Zuspitzung nach Klaus Janowitz und Friedrich Kittler<\/em> die Arbeiten des Medientheoretikers <em>Friedrich Kittler<\/em> in die Diskussion ein.\u00a0 <em>Kittlers <\/em>medientheoretische Arbeiten (Aufschreibesysteme 1800\/1900, Grammophon, Film, Typewriter) markieren die radikale These, dass Aufschreibesysteme und Medientechnologien nicht nur Kommunikationswege bereitstellen, sondern Wahrnehmungsordnungen, Wissensformen und Machtverh\u00e4ltnisse mitkonstituieren. Technik ist die operative Grammatik dessen, was eine Gesellschaft speichern, \u00fcbertragen, z\u00e4hlen, befehlen und erinnern kann.<br \/>\n<em>Sohn<\/em> kritisiert, dass Interdependenz zu harmonisch klinge; Mediengeschichte sei kein Gleichgewicht, sondern eine Folge technischer Zumutungen, die Speicherformen, Kan\u00e4le und Adressierungen radikal umstellen.<br \/>\n<em>Interdependenz<\/em> meint jedoch kein harmonisches Gleichgewicht, sondern \u2013 im Anschluss an Norbert Elias \u2013 ein Gef\u00fcge wechselseitiger Abh\u00e4ngigkeiten, in dem sich Machtverh\u00e4ltnisse ausbilden und verschieben. Macht ist hier ein Beziehungsbegriff: Machtbalancen entstehen \u00fcberall dort, wo funktionale Abh\u00e4ngigkeiten, d.h. <em>Interdependenzen<\/em> zwischen Menschen bestehen \u2013 sie sind selten stabil, oft asymmetrisch und st\u00e4ndig in Bewegung. Interdependenz klingt nur dann harmonisch, wenn Macht ausgeblendet wird.<\/p>\n<p style=\"text-align: justify;\" data-wp-editing=\"1\">Kittlers Diagnosen sind f\u00fcr das Verst\u00e4ndnis von Technogenese unverzichtbar, aber sie bilden kein prozesssoziologisches Modell. Sie markieren die medientechnischen Bedingungen des Sozialen \u2013 nicht dessen langfristige Entwicklungsdynamik.<\/p>\n<p style=\"text-align: justify;\" data-wp-editing=\"1\"><em>Technogenese<\/em> beschreibt nicht nur eine Ko-Evolution von Technik und Gesellschaft, sondern \u2013 wie <strong><em>Frank Witt<\/em><\/strong> ausf\u00fchrt \u2013 die technische Reorganisation gesellschaftlicher Kognition, Selektion und Koordination. Technik ist nicht extern, sondern verdichtete Sozialit\u00e4t. Gesellschaft lagert kognitive Leistungen in technische Infrastrukturen aus \u2013 und ver\u00e4ndert damit ihre eigene Ordnung. <em>Maschinen \u201e\u00fcbernehmen\u201c Gesellschaft nicht, vielmehr externalisiert Gesellschaft aber immer mehr kognitive Leistungen in technische Infrastrukturen und ver\u00e4ndert damit ihre eigenen Strukturen<\/em>.<\/p>\n<p style=\"text-align: justify;\" data-wp-editing=\"1\"><span style=\"font-size: 1rem;\">Die wechselseitige Abh\u00e4ngigkeit technischer und gesellschaftlicher Entwicklungen ist keine neue Erkenntnis, sie\u00a0 geh\u00f6rt zum Erfahrungsschatz der meisten Menschen.\u00a0 Fr\u00fchere Generationen erlebten technische Innovationen vor allem im Alltag der Lebensf\u00fchrung: Waschmaschine, Herd, K\u00fchlschrank. Diese Technologien ver\u00e4nderten den Alltag tiefgreifend und setzten zahllose M\u00f6glichkeiten frei.<br \/>\nDer digitale Wandel setzte anders an. Zun\u00e4chst betraf er die Medien. Mit dem Internet und sp\u00e4ter Social Media wurde \u00d6ffentlichkeit neu organisiert \u2013 Kommunikation, Sichtbarkeit und Teilhabe verschoben sich grundlegend.<br \/>\nZun\u00e4chst brachte der Wandel neue Freiheitsr\u00e4ume; lange Zeit herrschte die Ansicht vor, <em>digitaler Fortschritt<\/em> gehe notwendig mit mehr Demokratie und Beteiligung einher. Technische Innovationen k\u00f6nnen jedoch bestehende Machtsysteme ebenso unterh\u00f6hlen wie sie neue hervorbringen k\u00f6nnen.<\/span><\/p>\n<p style=\"text-align: justify;\" data-wp-editing=\"1\"><span style=\"font-size: 1rem;\"><em>Technogenese<\/em> ist kein neuer Sammelbegriff f\u00fcr Technik-Sozial-Theorien, sondern ein Versuch, langfristige technosoziale Dynamiken\u00a0 pr\u00e4zise zu beschreiben \u2013 das ist anschlussf\u00e4hig an Elias\u2019 Prozesslogik, dar\u00fcber hinaus offen f\u00fcr unterschiedliche theoretische Zug\u00e4nge.<\/span><span style=\"font-size: 1rem;\"><br \/>\nTechnologie ver\u00e4ndert Interdependenzen, Habitus und Selbstmanagement, ohne statische Strukturen zu \u00fcbersetzen.<br \/>\nMit der gegenw\u00e4rtigen Verbreitung von KI zeichnet sich eine weitere Verschiebung ab: der Zugang zu Wissen selbst wird zunehmend technisch vermittelt und strukturiert.<br \/>\nGenau hier setzt der Anspruch einer vorausschauenden Gesellschaftsforschung an: nicht nachtr\u00e4glich zu bilanzieren, sondern Orientierung in offenen Zuk\u00fcnften zu erm\u00f6glichen.<\/span><\/p>\n<p style=\"text-align: justify;\" data-wp-editing=\"1\"><em>Technogenese<\/em> gewinnt in diesem Zusammenhang ihre Attraktivit\u00e4t daraus, dass sie Entwicklungen nicht isoliert beschreibt, sondern als zusammenh\u00e4ngenden, langfristigen Prozess sichtbar macht, ohne ihn vorschnell zu schlie\u00dfen oder normativ festzulegen.<\/p>\n<p style=\"text-align: justify;\" data-wp-editing=\"1\">Der hier skizzierte Stand versteht sich ausdr\u00fccklich als Zwischenstand einer laufenden Diskussion. Er b\u00fcndelt bereits erarbeitete Anschlussstellen und begriffliche Kl\u00e4rungen und markiert damit eine gemeinsame Ausgangsbasis. Auf dieser Grundlage kann die Debatte weitergef\u00fchrt und erweitert werden \u2013 auch durch Perspektiven, die bislang nicht beteiligt waren. Entscheidend ist nicht die Schlie\u00dfung des Begriffs, sondern seine weitere Pr\u00e4zisierung im offenen Diskursfeld langfristiger technosozialer Dynamiken.<\/p>\n<p><span style=\"font-size: small; line-height: 2px;\"><em>\u00b9 und\u00a0 \u00b2: <\/em>komplett sind es die beiden Titel <a href=\"https:\/\/www.klaus-janowitz.de\/wordpress\/technogenese-als-perspektive-interdependenz-statt-kausalitaet\/\" target=\"_blank\" rel=\"noopener\"><em>Technogenese als Perspektive \u2013 Interdependenz statt Kausalit\u00e4t<\/em><\/a> und <a href=\"https:\/\/www.klaus-janowitz.de\/wordpress\/ko-evolution-und-intermediaritaet-wie-ki-wissen-organisiert\/\" target=\"_blank\" rel=\"noopener\"><em>Ko-Evolution und Intermediarit\u00e4t \u2013 Wie KI Wissen organisiert<\/em><\/a><br \/>\n<\/span><\/p>\n<p><!-- Matomo --><br \/>\n<script type=\"text\/javascript\">\n  var _paq = window._paq || [];\n  \/* tracker methods like \"setCustomDimension\" should be called before \"trackPageView\" *\/\n  _paq.push(['trackPageView']);\n  _paq.push(['enableLinkTracking']);\n  (function() {\n    var u=\"\/\/www.klaus-janowitz.de\/piwik\/\";\n    _paq.push(['setTrackerUrl', u+'matomo.php']);\n    _paq.push(['setSiteId', '1']);\n    var d=document, g=d.createElement('script'), s=d.getElementsByTagName('script')[0];\n    g.type='text\/javascript'; g.async=true; g.defer=true; g.src=u+'matomo.js'; s.parentNode.insertBefore(g,s);\n  })();\n<\/script><br \/>\n<!-- End Matomo Code --><\/p>\n","protected":false},"excerpt":{"rendered":"<p>Digitale Technologien verschieben unsere Wahrnehmung, den Zugang zu Wissen und Machtverh\u00e4ltnisse \u2013 als langfristiger gesellschaftlicher Prozess, der sich nur unzureichend mit etablierten analytischen Kategorien fassen l\u00e4sst. Die letzten beiden Texte Technogenese als Perspektive\u00b9 und Ko-Evolution und\u00a0Intermediarit\u00e4t\u00b2 haben einige\u00a0 bemerkenswerte Resonanzen, von medientheoretischen Zuspitzungen bis zu Fragen nach k\u00fcnftiger Gesellschaftsforschung,\u00a0 ausgel\u00f6st, die die Diskussion \u00a0weiterf\u00fchren und &hellip; <\/p>\n<p class=\"link-more\"><a href=\"https:\/\/www.klaus-janowitz.de\/wordpress\/technogenese-in-der-diskussion-ein-zwischenstand\/\" class=\"more-link\"><span class=\"screen-reader-text\">\u201eTechnogenese in der Diskussion \u2013 Ein Zwischenstand\u201c <\/span>weiterlesen<\/a><\/p>\n","protected":false},"author":1,"featured_media":0,"comment_status":"open","ping_status":"open","sticky":false,"template":"","format":"standard","meta":{"jetpack_post_was_ever_published":false,"_jetpack_newsletter_access":"","_jetpack_dont_email_post_to_subs":false,"_jetpack_newsletter_tier_id":0,"_jetpack_memberships_contains_paywalled_content":false,"_jetpack_memberships_contains_paid_content":false,"activitypub_content_warning":"","activitypub_content_visibility":"","activitypub_max_image_attachments":4,"activitypub_interaction_policy_quote":"","activitypub_status":"federated","footnotes":"","jetpack_publicize_message":"","jetpack_publicize_feature_enabled":true,"jetpack_social_post_already_shared":true,"jetpack_social_options":{"image_generator_settings":{"template":"highway","default_image_id":0,"font":"","enabled":false},"version":2}},"categories":[1,15,170],"tags":[37,115,76,65],"class_list":["post-88452","post","type-post","status-publish","format-standard","hentry","category-allgemein","category-feuilleton","category-ki","tag-digitaler-wandel","tag-ki","tag-soziologie","tag-technogenese"],"yoast_head":"<!-- This site is optimized with the Yoast SEO plugin v27.5 - https:\/\/yoast.com\/product\/yoast-seo-wordpress\/ -->\n<title>Technogenese in der Diskussion \u2013 Ein Zwischenstand - Netnographie &amp; Digitaler Wandel<\/title>\n<meta name=\"description\" content=\"Ein Zwischenstand zur Debatte \u00fcber Technogenese: Wie digitale Technologien und KI gesellschaftliche Kognition, Interdependenzen und Machtverh\u00e4ltnisse neu organisieren \u2013 im Anschluss an Norbert Elias, Kittler und aktuelle Zukunftsforschung.\" \/>\n<meta name=\"robots\" content=\"index, follow, max-snippet:-1, max-image-preview:large, max-video-preview:-1\" \/>\n<link rel=\"canonical\" href=\"https:\/\/www.klaus-janowitz.de\/wordpress\/technogenese-in-der-diskussion-ein-zwischenstand\/\" \/>\n<meta property=\"og:locale\" content=\"de_DE\" \/>\n<meta property=\"og:type\" content=\"article\" \/>\n<meta property=\"og:title\" content=\"Technogenese in der Diskussion \u2013 Ein Zwischenstand - Netnographie &amp; Digitaler Wandel\" \/>\n<meta property=\"og:description\" content=\"Ein Zwischenstand zur Debatte \u00fcber Technogenese: Wie digitale Technologien und KI gesellschaftliche Kognition, Interdependenzen und Machtverh\u00e4ltnisse neu organisieren \u2013 im Anschluss an Norbert Elias, Kittler und aktuelle Zukunftsforschung.\" \/>\n<meta property=\"og:url\" content=\"https:\/\/www.klaus-janowitz.de\/wordpress\/technogenese-in-der-diskussion-ein-zwischenstand\/\" \/>\n<meta property=\"og:site_name\" content=\"Netnographie &amp; Digitaler Wandel\" \/>\n<meta property=\"article:published_time\" content=\"2026-04-28T14:10:57+00:00\" \/>\n<meta property=\"article:modified_time\" content=\"2026-04-28T15:00:33+00:00\" \/>\n<meta property=\"og:image\" content=\"https:\/\/www.klaus-janowitz.de\/wordpress\/wp-content\/uploads\/2025\/09\/getty-images-MVdQKxe_YTg-unsplash-300x176.jpg\" \/>\n<meta name=\"author\" content=\"KlausMJan\" \/>\n<meta name=\"twitter:card\" content=\"summary_large_image\" \/>\n<meta name=\"twitter:label1\" content=\"Verfasst von\" \/>\n\t<meta name=\"twitter:data1\" content=\"KlausMJan\" \/>\n\t<meta name=\"twitter:label2\" content=\"Gesch\u00e4tzte Lesezeit\" \/>\n\t<meta name=\"twitter:data2\" content=\"6\u00a0Minuten\" \/>\n<script type=\"application\/ld+json\" class=\"yoast-schema-graph\">{\"@context\":\"https:\\\/\\\/schema.org\",\"@graph\":[{\"@type\":\"Article\",\"@id\":\"https:\\\/\\\/www.klaus-janowitz.de\\\/wordpress\\\/technogenese-in-der-diskussion-ein-zwischenstand\\\/#article\",\"isPartOf\":{\"@id\":\"https:\\\/\\\/www.klaus-janowitz.de\\\/wordpress\\\/technogenese-in-der-diskussion-ein-zwischenstand\\\/\"},\"author\":{\"name\":\"KlausMJan\",\"@id\":\"https:\\\/\\\/www.klaus-janowitz.de\\\/wordpress\\\/#\\\/schema\\\/person\\\/010eda704157cb8ce4370bfd0376c858\"},\"headline\":\"Technogenese in der Diskussion \u2013 Ein Zwischenstand\",\"datePublished\":\"2026-04-28T14:10:57+00:00\",\"dateModified\":\"2026-04-28T15:00:33+00:00\",\"mainEntityOfPage\":{\"@id\":\"https:\\\/\\\/www.klaus-janowitz.de\\\/wordpress\\\/technogenese-in-der-diskussion-ein-zwischenstand\\\/\"},\"wordCount\":951,\"commentCount\":0,\"image\":{\"@id\":\"https:\\\/\\\/www.klaus-janowitz.de\\\/wordpress\\\/technogenese-in-der-diskussion-ein-zwischenstand\\\/#primaryimage\"},\"thumbnailUrl\":\"https:\\\/\\\/www.klaus-janowitz.de\\\/wordpress\\\/wp-content\\\/uploads\\\/2025\\\/09\\\/getty-images-MVdQKxe_YTg-unsplash-300x176.jpg\",\"keywords\":[\"digitaler Wandel\",\"KI\",\"Soziologie\",\"Technogenese\"],\"articleSection\":{\"1\":\"Feuilleton\",\"2\":\"KI\"},\"inLanguage\":\"de\",\"potentialAction\":[{\"@type\":\"CommentAction\",\"name\":\"Comment\",\"target\":[\"https:\\\/\\\/www.klaus-janowitz.de\\\/wordpress\\\/technogenese-in-der-diskussion-ein-zwischenstand\\\/#respond\"]}]},{\"@type\":\"WebPage\",\"@id\":\"https:\\\/\\\/www.klaus-janowitz.de\\\/wordpress\\\/technogenese-in-der-diskussion-ein-zwischenstand\\\/\",\"url\":\"https:\\\/\\\/www.klaus-janowitz.de\\\/wordpress\\\/technogenese-in-der-diskussion-ein-zwischenstand\\\/\",\"name\":\"Technogenese in der Diskussion \u2013 Ein Zwischenstand - Netnographie &amp; Digitaler Wandel\",\"isPartOf\":{\"@id\":\"https:\\\/\\\/www.klaus-janowitz.de\\\/wordpress\\\/#website\"},\"primaryImageOfPage\":{\"@id\":\"https:\\\/\\\/www.klaus-janowitz.de\\\/wordpress\\\/technogenese-in-der-diskussion-ein-zwischenstand\\\/#primaryimage\"},\"image\":{\"@id\":\"https:\\\/\\\/www.klaus-janowitz.de\\\/wordpress\\\/technogenese-in-der-diskussion-ein-zwischenstand\\\/#primaryimage\"},\"thumbnailUrl\":\"https:\\\/\\\/www.klaus-janowitz.de\\\/wordpress\\\/wp-content\\\/uploads\\\/2025\\\/09\\\/getty-images-MVdQKxe_YTg-unsplash-300x176.jpg\",\"datePublished\":\"2026-04-28T14:10:57+00:00\",\"dateModified\":\"2026-04-28T15:00:33+00:00\",\"author\":{\"@id\":\"https:\\\/\\\/www.klaus-janowitz.de\\\/wordpress\\\/#\\\/schema\\\/person\\\/010eda704157cb8ce4370bfd0376c858\"},\"description\":\"Ein Zwischenstand zur Debatte \u00fcber Technogenese: Wie digitale Technologien und KI gesellschaftliche Kognition, Interdependenzen und Machtverh\u00e4ltnisse neu organisieren \u2013 im Anschluss an Norbert Elias, Kittler und aktuelle Zukunftsforschung.\",\"breadcrumb\":{\"@id\":\"https:\\\/\\\/www.klaus-janowitz.de\\\/wordpress\\\/technogenese-in-der-diskussion-ein-zwischenstand\\\/#breadcrumb\"},\"inLanguage\":\"de\",\"potentialAction\":[{\"@type\":\"ReadAction\",\"target\":[\"https:\\\/\\\/www.klaus-janowitz.de\\\/wordpress\\\/technogenese-in-der-diskussion-ein-zwischenstand\\\/\"]}]},{\"@type\":\"ImageObject\",\"inLanguage\":\"de\",\"@id\":\"https:\\\/\\\/www.klaus-janowitz.de\\\/wordpress\\\/technogenese-in-der-diskussion-ein-zwischenstand\\\/#primaryimage\",\"url\":\"https:\\\/\\\/i0.wp.com\\\/www.klaus-janowitz.de\\\/wordpress\\\/wp-content\\\/uploads\\\/2025\\\/09\\\/getty-images-MVdQKxe_YTg-unsplash-scaled.jpg?fit=2560%2C1499&ssl=1\",\"contentUrl\":\"https:\\\/\\\/i0.wp.com\\\/www.klaus-janowitz.de\\\/wordpress\\\/wp-content\\\/uploads\\\/2025\\\/09\\\/getty-images-MVdQKxe_YTg-unsplash-scaled.jpg?fit=2560%2C1499&ssl=1\",\"width\":2560,\"height\":1499},{\"@type\":\"BreadcrumbList\",\"@id\":\"https:\\\/\\\/www.klaus-janowitz.de\\\/wordpress\\\/technogenese-in-der-diskussion-ein-zwischenstand\\\/#breadcrumb\",\"itemListElement\":[{\"@type\":\"ListItem\",\"position\":1,\"name\":\"Startseite\",\"item\":\"https:\\\/\\\/www.klaus-janowitz.de\\\/wordpress\\\/\"},{\"@type\":\"ListItem\",\"position\":2,\"name\":\"Technogenese in der Diskussion \u2013 Ein Zwischenstand\"}]},{\"@type\":\"WebSite\",\"@id\":\"https:\\\/\\\/www.klaus-janowitz.de\\\/wordpress\\\/#website\",\"url\":\"https:\\\/\\\/www.klaus-janowitz.de\\\/wordpress\\\/\",\"name\":\"Netnographie &amp; Digitaler Wandel\",\"description\":\"Blog rund um die Themen Netnographie, Online-Kultur und Digitalen Wandel\",\"potentialAction\":[{\"@type\":\"SearchAction\",\"target\":{\"@type\":\"EntryPoint\",\"urlTemplate\":\"https:\\\/\\\/www.klaus-janowitz.de\\\/wordpress\\\/?s={search_term_string}\"},\"query-input\":{\"@type\":\"PropertyValueSpecification\",\"valueRequired\":true,\"valueName\":\"search_term_string\"}}],\"inLanguage\":\"de\"},{\"@type\":\"Person\",\"@id\":\"https:\\\/\\\/www.klaus-janowitz.de\\\/wordpress\\\/#\\\/schema\\\/person\\\/010eda704157cb8ce4370bfd0376c858\",\"name\":\"KlausMJan\",\"image\":{\"@type\":\"ImageObject\",\"inLanguage\":\"de\",\"@id\":\"https:\\\/\\\/secure.gravatar.com\\\/avatar\\\/94d3059bf264a4da1fe44d92721e645980d64122c3365532a3b1517b78db5093?s=96&r=g\",\"url\":\"https:\\\/\\\/secure.gravatar.com\\\/avatar\\\/94d3059bf264a4da1fe44d92721e645980d64122c3365532a3b1517b78db5093?s=96&r=g\",\"contentUrl\":\"https:\\\/\\\/secure.gravatar.com\\\/avatar\\\/94d3059bf264a4da1fe44d92721e645980d64122c3365532a3b1517b78db5093?s=96&r=g\",\"caption\":\"KlausMJan\"},\"sameAs\":[\"http:\\\/\\\/www.netnographie.eu\\\/wordpress\"],\"url\":\"https:\\\/\\\/www.klaus-janowitz.de\\\/wordpress\\\/author\\\/klausmjan\\\/\"}]}<\/script>\n<!-- \/ Yoast SEO plugin. -->","yoast_head_json":{"title":"Technogenese in der Diskussion \u2013 Ein Zwischenstand - Netnographie &amp; Digitaler Wandel","description":"Ein Zwischenstand zur Debatte \u00fcber Technogenese: Wie digitale Technologien und KI gesellschaftliche Kognition, Interdependenzen und Machtverh\u00e4ltnisse neu organisieren \u2013 im Anschluss an Norbert Elias, Kittler und aktuelle Zukunftsforschung.","robots":{"index":"index","follow":"follow","max-snippet":"max-snippet:-1","max-image-preview":"max-image-preview:large","max-video-preview":"max-video-preview:-1"},"canonical":"https:\/\/www.klaus-janowitz.de\/wordpress\/technogenese-in-der-diskussion-ein-zwischenstand\/","og_locale":"de_DE","og_type":"article","og_title":"Technogenese in der Diskussion \u2013 Ein Zwischenstand - Netnographie &amp; Digitaler Wandel","og_description":"Ein Zwischenstand zur Debatte \u00fcber Technogenese: Wie digitale Technologien und KI gesellschaftliche Kognition, Interdependenzen und Machtverh\u00e4ltnisse neu organisieren \u2013 im Anschluss an Norbert Elias, Kittler und aktuelle Zukunftsforschung.","og_url":"https:\/\/www.klaus-janowitz.de\/wordpress\/technogenese-in-der-diskussion-ein-zwischenstand\/","og_site_name":"Netnographie &amp; Digitaler Wandel","article_published_time":"2026-04-28T14:10:57+00:00","article_modified_time":"2026-04-28T15:00:33+00:00","og_image":[{"url":"https:\/\/www.klaus-janowitz.de\/wordpress\/wp-content\/uploads\/2025\/09\/getty-images-MVdQKxe_YTg-unsplash-300x176.jpg","type":"","width":"","height":""}],"author":"KlausMJan","twitter_card":"summary_large_image","twitter_misc":{"Verfasst von":"KlausMJan","Gesch\u00e4tzte Lesezeit":"6\u00a0Minuten"},"schema":{"@context":"https:\/\/schema.org","@graph":[{"@type":"Article","@id":"https:\/\/www.klaus-janowitz.de\/wordpress\/technogenese-in-der-diskussion-ein-zwischenstand\/#article","isPartOf":{"@id":"https:\/\/www.klaus-janowitz.de\/wordpress\/technogenese-in-der-diskussion-ein-zwischenstand\/"},"author":{"name":"KlausMJan","@id":"https:\/\/www.klaus-janowitz.de\/wordpress\/#\/schema\/person\/010eda704157cb8ce4370bfd0376c858"},"headline":"Technogenese in der Diskussion \u2013 Ein Zwischenstand","datePublished":"2026-04-28T14:10:57+00:00","dateModified":"2026-04-28T15:00:33+00:00","mainEntityOfPage":{"@id":"https:\/\/www.klaus-janowitz.de\/wordpress\/technogenese-in-der-diskussion-ein-zwischenstand\/"},"wordCount":951,"commentCount":0,"image":{"@id":"https:\/\/www.klaus-janowitz.de\/wordpress\/technogenese-in-der-diskussion-ein-zwischenstand\/#primaryimage"},"thumbnailUrl":"https:\/\/www.klaus-janowitz.de\/wordpress\/wp-content\/uploads\/2025\/09\/getty-images-MVdQKxe_YTg-unsplash-300x176.jpg","keywords":["digitaler Wandel","KI","Soziologie","Technogenese"],"articleSection":{"1":"Feuilleton","2":"KI"},"inLanguage":"de","potentialAction":[{"@type":"CommentAction","name":"Comment","target":["https:\/\/www.klaus-janowitz.de\/wordpress\/technogenese-in-der-diskussion-ein-zwischenstand\/#respond"]}]},{"@type":"WebPage","@id":"https:\/\/www.klaus-janowitz.de\/wordpress\/technogenese-in-der-diskussion-ein-zwischenstand\/","url":"https:\/\/www.klaus-janowitz.de\/wordpress\/technogenese-in-der-diskussion-ein-zwischenstand\/","name":"Technogenese in der Diskussion \u2013 Ein Zwischenstand - Netnographie &amp; Digitaler Wandel","isPartOf":{"@id":"https:\/\/www.klaus-janowitz.de\/wordpress\/#website"},"primaryImageOfPage":{"@id":"https:\/\/www.klaus-janowitz.de\/wordpress\/technogenese-in-der-diskussion-ein-zwischenstand\/#primaryimage"},"image":{"@id":"https:\/\/www.klaus-janowitz.de\/wordpress\/technogenese-in-der-diskussion-ein-zwischenstand\/#primaryimage"},"thumbnailUrl":"https:\/\/www.klaus-janowitz.de\/wordpress\/wp-content\/uploads\/2025\/09\/getty-images-MVdQKxe_YTg-unsplash-300x176.jpg","datePublished":"2026-04-28T14:10:57+00:00","dateModified":"2026-04-28T15:00:33+00:00","author":{"@id":"https:\/\/www.klaus-janowitz.de\/wordpress\/#\/schema\/person\/010eda704157cb8ce4370bfd0376c858"},"description":"Ein Zwischenstand zur Debatte \u00fcber Technogenese: Wie digitale Technologien und KI gesellschaftliche Kognition, Interdependenzen und Machtverh\u00e4ltnisse neu organisieren \u2013 im Anschluss an Norbert Elias, Kittler und aktuelle Zukunftsforschung.","breadcrumb":{"@id":"https:\/\/www.klaus-janowitz.de\/wordpress\/technogenese-in-der-diskussion-ein-zwischenstand\/#breadcrumb"},"inLanguage":"de","potentialAction":[{"@type":"ReadAction","target":["https:\/\/www.klaus-janowitz.de\/wordpress\/technogenese-in-der-diskussion-ein-zwischenstand\/"]}]},{"@type":"ImageObject","inLanguage":"de","@id":"https:\/\/www.klaus-janowitz.de\/wordpress\/technogenese-in-der-diskussion-ein-zwischenstand\/#primaryimage","url":"https:\/\/i0.wp.com\/www.klaus-janowitz.de\/wordpress\/wp-content\/uploads\/2025\/09\/getty-images-MVdQKxe_YTg-unsplash-scaled.jpg?fit=2560%2C1499&ssl=1","contentUrl":"https:\/\/i0.wp.com\/www.klaus-janowitz.de\/wordpress\/wp-content\/uploads\/2025\/09\/getty-images-MVdQKxe_YTg-unsplash-scaled.jpg?fit=2560%2C1499&ssl=1","width":2560,"height":1499},{"@type":"BreadcrumbList","@id":"https:\/\/www.klaus-janowitz.de\/wordpress\/technogenese-in-der-diskussion-ein-zwischenstand\/#breadcrumb","itemListElement":[{"@type":"ListItem","position":1,"name":"Startseite","item":"https:\/\/www.klaus-janowitz.de\/wordpress\/"},{"@type":"ListItem","position":2,"name":"Technogenese in der Diskussion \u2013 Ein Zwischenstand"}]},{"@type":"WebSite","@id":"https:\/\/www.klaus-janowitz.de\/wordpress\/#website","url":"https:\/\/www.klaus-janowitz.de\/wordpress\/","name":"Netnographie &amp; Digitaler Wandel","description":"Blog rund um die Themen Netnographie, Online-Kultur und Digitalen Wandel","potentialAction":[{"@type":"SearchAction","target":{"@type":"EntryPoint","urlTemplate":"https:\/\/www.klaus-janowitz.de\/wordpress\/?s={search_term_string}"},"query-input":{"@type":"PropertyValueSpecification","valueRequired":true,"valueName":"search_term_string"}}],"inLanguage":"de"},{"@type":"Person","@id":"https:\/\/www.klaus-janowitz.de\/wordpress\/#\/schema\/person\/010eda704157cb8ce4370bfd0376c858","name":"KlausMJan","image":{"@type":"ImageObject","inLanguage":"de","@id":"https:\/\/secure.gravatar.com\/avatar\/94d3059bf264a4da1fe44d92721e645980d64122c3365532a3b1517b78db5093?s=96&r=g","url":"https:\/\/secure.gravatar.com\/avatar\/94d3059bf264a4da1fe44d92721e645980d64122c3365532a3b1517b78db5093?s=96&r=g","contentUrl":"https:\/\/secure.gravatar.com\/avatar\/94d3059bf264a4da1fe44d92721e645980d64122c3365532a3b1517b78db5093?s=96&r=g","caption":"KlausMJan"},"sameAs":["http:\/\/www.netnographie.eu\/wordpress"],"url":"https:\/\/www.klaus-janowitz.de\/wordpress\/author\/klausmjan\/"}]}},"jetpack_publicize_connections":[],"jetpack_featured_media_url":"","jetpack_sharing_enabled":true,"jetpack_shortlink":"https:\/\/wp.me\/p15Wn2-n0E","jetpack_likes_enabled":true,"jetpack-related-posts":[{"id":88400,"url":"https:\/\/www.klaus-janowitz.de\/wordpress\/technogenese-als-perspektive-interdependenz-statt-kausalitaet\/","url_meta":{"origin":88452,"position":0},"title":"Technogenese als Perspektive \u2013 Interdependenz statt Kausalit\u00e4t","author":"KlausMJan","date":"22. April 2026","format":false,"excerpt":"In\u00a0 vorhergehenden Beitr\u00e4gen hatte ich den Begriff Technogenese propagiert. Gemeint ist die ko-evolution\u00e4re Verbindung von technischer und gesellschaftlicher Entwicklung. Die digitale Gegenwart ist gepr\u00e4gt von technischen Innovationen, deren gesellschaftliche Tragweite wir oft kaum verstehen. Neue Techniken l\u00f6sen immer wieder Hypes aus und stossen Ver\u00e4nderungsdynamiken an. Plattformen strukturieren Arbeit, Kommunikation und\u2026","rel":"","context":"In &quot;Allgemein&quot;","block_context":{"text":"Allgemein","link":"https:\/\/www.klaus-janowitz.de\/wordpress\/category\/allgemein\/"},"img":{"alt_text":"","src":"https:\/\/i0.wp.com\/www.klaus-janowitz.de\/wordpress\/wp-content\/uploads\/2025\/09\/alex-shuper-3Ft0a5sK2dk-unsplash-300x200.jpg?resize=350%2C200&ssl=1","width":350,"height":200},"classes":[]},{"id":67401,"url":"https:\/\/www.klaus-janowitz.de\/wordpress\/technogenese-technische-innovation-und-gesellschaftlicher-wandel\/","url_meta":{"origin":88452,"position":1},"title":"Technogenese &#8211; technische Innovation und gesellschaftlicher Wandel","author":"KlausMJan","date":"7. Juli 2021","format":false,"excerpt":"Was war zuerst - technische Innovationen oder gesellschaftlicher Wandel? Die Wechselwirkung - Interdependenz -\u00a0 von Gesellschaft und Technik ist ein immer wiederkehrendes und zentrales Thema. Dass Innovationen in Technik und Medien weitreichende, oft nicht voraussehbare, unabsch\u00e4tzbare Wirkungen haben, ist unbestritten. Historische Wendungen werden mit der Verbreitung neuer Techniken und Medien\u2026","rel":"","context":"In &quot;Allgemein&quot;","block_context":{"text":"Allgemein","link":"https:\/\/www.klaus-janowitz.de\/wordpress\/category\/allgemein\/"},"img":{"alt_text":"","src":"https:\/\/i0.wp.com\/www.klaus-janowitz.de\/wordpress\/wp-content\/uploads\/2021\/06\/Batman-224x300.jpg?resize=350%2C200&ssl=1","width":350,"height":200},"classes":[]},{"id":88191,"url":"https:\/\/www.klaus-janowitz.de\/wordpress\/ko-evolution-und-intermediaritaet-wie-ki-wissen-organisiert\/","url_meta":{"origin":88452,"position":2},"title":"Ko-Evolution und Intermediarit\u00e4t \u2013 Wie KI Wissen organisiert","author":"KlausMJan","date":"16. April 2026","format":false,"excerpt":"KI\/AI bleibt ein dominierendes Thema der Zeitgeschichte. Nicht mehr als spekulative Zukunftserz\u00e4hlung - die Durchdringung des Alltags und auch spektakul\u00e4re Anwendungen sind l\u00e4ngst Realit\u00e4t. Das Tempo und die Intensit\u00e4t, mit der sich KI verbreitet, macht eine Transformation von grunds\u00e4tzlicher gesellschaftlicher Bedeutung mit Auswirkungen auf nahezu alle Lebensbereiche, wie auf die\u2026","rel":"","context":"In &quot;Allgemein&quot;","block_context":{"text":"Allgemein","link":"https:\/\/www.klaus-janowitz.de\/wordpress\/category\/allgemein\/"},"img":{"alt_text":"","src":"https:\/\/i0.wp.com\/www.klaus-janowitz.de\/wordpress\/wp-content\/uploads\/2026\/04\/immo-wegmann-unsplash-300x199.jpg?resize=350%2C200&ssl=1","width":350,"height":200},"classes":[]},{"id":67654,"url":"https:\/\/www.klaus-janowitz.de\/wordpress\/innovation-und-technogenese\/","url_meta":{"origin":88452,"position":3},"title":"Innovation und Technogenese","author":"KlausMJan","date":"13. August 2021","format":false,"excerpt":"Innovation ist das wahrscheinlich beliebteste Buzzword von allen: The Most Important and Overused Word schrieb Wired bereits 2013. Innovationen gelten als der Schl\u00fcssel zur Zukunft, stehen\u00a0 f\u00fcr Wettbewerbsf\u00e4higkeit und sind die verbreitete Antwort auf die Frage, was notwendig ist, um erfolgreich zu sein. Die heute g\u00e4ngige Verwendung folgt der Definition\u2026","rel":"","context":"In &quot;Allgemein&quot;","block_context":{"text":"Allgemein","link":"https:\/\/www.klaus-janowitz.de\/wordpress\/category\/allgemein\/"},"img":{"alt_text":"","src":"https:\/\/i0.wp.com\/www.klaus-janowitz.de\/wordpress\/wp-content\/uploads\/2021\/07\/E34F491B-0199-4F40-8DCC-ED8C854C25AB_1_105_c-225x300.jpeg?resize=350%2C200&ssl=1","width":350,"height":200},"classes":[]},{"id":84431,"url":"https:\/\/www.klaus-janowitz.de\/wordpress\/code-vorurteil-ki-und-die-nebenwirkungen\/","url_meta":{"origin":88452,"position":4},"title":"Code &#038; Vorurteil  &#8211; KI  und die Nebenwirkungen","author":"KlausMJan","date":"16. April 2024","format":false,"excerpt":"KI ist im zweiten Jahr des Hype, mit einer gewissen Verz\u00f6gerung \u00a0auf dem Buchmarkt. In Code & Vorurteil - \u00fcber k\u00fcnstliche Intelligenz, Rassismus und Antisemitismus geht es um Nebenwirkungen der KI.\u00a0Ein Sammelband mit 18 Einzelbeitr\u00e4gen + Glossar. Mit Schwerpunkten zum Verh\u00e4ltnis KI zu\u00a0 strukturellen Ungleichheiten, Fake & Unfake, Kontrolle. Herausgeber\u2026","rel":"","context":"In &quot;Allgemein&quot;","block_context":{"text":"Allgemein","link":"https:\/\/www.klaus-janowitz.de\/wordpress\/category\/allgemein\/"},"img":{"alt_text":"","src":"https:\/\/i0.wp.com\/www.klaus-janowitz.de\/wordpress\/wp-content\/uploads\/2024\/03\/CodeVorurteil-194x300.jpg?resize=350%2C200&ssl=1","width":350,"height":200},"classes":[]},{"id":86340,"url":"https:\/\/www.klaus-janowitz.de\/wordpress\/die-sozialisation-von-maschinen-kuenstliche-intelligenz-transformation-und-krisen-in-wirtschaft-und-gesellschaft\/","url_meta":{"origin":88452,"position":5},"title":"Die Sozialisation von Maschinen &#8211; K\u00fcnstliche Intelligenz: Transformation und Krisen in Wirtschaft und Gesellschaft","author":"KlausMJan","date":"24. April 2025","format":false,"excerpt":"Zu fragen, wie etwas funktioniert, ist der beste Zugang zur Wirklichkeit. Das gilt ebenso f\u00fcr Maschinen, die die zentrale Funktionen des Gehirns gleichwertig imitieren und in vielerlei Hinsicht dessen Leistungsf\u00e4higkeit \u00fcbertreffen (12). K\u00fcnstliche Intelligenz: Transformation und Krisen in Wirtschaft und Gesellschaft ist ein langer, sperrig-n\u00fcchterner Titel, hinter dem ein\u00a0 komplexer\u2026","rel":"","context":"In &quot;Allgemein&quot;","block_context":{"text":"Allgemein","link":"https:\/\/www.klaus-janowitz.de\/wordpress\/category\/allgemein\/"},"img":{"alt_text":"","src":"https:\/\/i0.wp.com\/www.klaus-janowitz.de\/wordpress\/wp-content\/uploads\/2025\/04\/KI_FWitt-696x1024.jpg?resize=350%2C200&ssl=1","width":350,"height":200},"classes":[]}],"_links":{"self":[{"href":"https:\/\/www.klaus-janowitz.de\/wordpress\/wp-json\/wp\/v2\/posts\/88452","targetHints":{"allow":["GET"]}}],"collection":[{"href":"https:\/\/www.klaus-janowitz.de\/wordpress\/wp-json\/wp\/v2\/posts"}],"about":[{"href":"https:\/\/www.klaus-janowitz.de\/wordpress\/wp-json\/wp\/v2\/types\/post"}],"author":[{"embeddable":true,"href":"https:\/\/www.klaus-janowitz.de\/wordpress\/wp-json\/wp\/v2\/users\/1"}],"replies":[{"embeddable":true,"href":"https:\/\/www.klaus-janowitz.de\/wordpress\/wp-json\/wp\/v2\/comments?post=88452"}],"version-history":[{"count":33,"href":"https:\/\/www.klaus-janowitz.de\/wordpress\/wp-json\/wp\/v2\/posts\/88452\/revisions"}],"predecessor-version":[{"id":88497,"href":"https:\/\/www.klaus-janowitz.de\/wordpress\/wp-json\/wp\/v2\/posts\/88452\/revisions\/88497"}],"wp:attachment":[{"href":"https:\/\/www.klaus-janowitz.de\/wordpress\/wp-json\/wp\/v2\/media?parent=88452"}],"wp:term":[{"taxonomy":"category","embeddable":true,"href":"https:\/\/www.klaus-janowitz.de\/wordpress\/wp-json\/wp\/v2\/categories?post=88452"},{"taxonomy":"post_tag","embeddable":true,"href":"https:\/\/www.klaus-janowitz.de\/wordpress\/wp-json\/wp\/v2\/tags?post=88452"}],"curies":[{"name":"wp","href":"https:\/\/api.w.org\/{rel}","templated":true}]}}