{"id":88182,"date":"2026-03-16T06:23:10","date_gmt":"2026-03-16T05:23:10","guid":{"rendered":"https:\/\/www.klaus-janowitz.de\/wordpress\/?p=88182"},"modified":"2026-03-27T15:33:49","modified_gmt":"2026-03-27T14:33:49","slug":"digitaler-fortschritt-und-seine-aneignung","status":"publish","type":"post","link":"https:\/\/www.klaus-janowitz.de\/wordpress\/digitaler-fortschritt-und-seine-aneignung\/","title":{"rendered":"Digitaler Fortschritt und seine Aneignung"},"content":{"rendered":"<figure id=\"attachment_86774\" aria-describedby=\"caption-attachment-86774\" style=\"width: 260px\" class=\"wp-caption alignleft\"><a href=\"https:\/\/i0.wp.com\/www.klaus-janowitz.de\/wordpress\/wp-content\/uploads\/2025\/06\/rizki-ardia-4kTvZnkJW7M-unsplash-scaled.jpg?ssl=1\"><img data-recalc-dims=\"1\" fetchpriority=\"high\" decoding=\"async\" class=\"wp-image-86774\" src=\"https:\/\/i0.wp.com\/www.klaus-janowitz.de\/wordpress\/wp-content\/uploads\/2025\/06\/rizki-ardia-4kTvZnkJW7M-unsplash.jpg?resize=260%2C260&#038;ssl=1\" alt=\"\" width=\"260\" height=\"260\" srcset=\"https:\/\/i0.wp.com\/www.klaus-janowitz.de\/wordpress\/wp-content\/uploads\/2025\/06\/rizki-ardia-4kTvZnkJW7M-unsplash-scaled.jpg?resize=300%2C300&amp;ssl=1 300w, https:\/\/i0.wp.com\/www.klaus-janowitz.de\/wordpress\/wp-content\/uploads\/2025\/06\/rizki-ardia-4kTvZnkJW7M-unsplash-scaled.jpg?resize=1024%2C1024&amp;ssl=1 1024w, https:\/\/i0.wp.com\/www.klaus-janowitz.de\/wordpress\/wp-content\/uploads\/2025\/06\/rizki-ardia-4kTvZnkJW7M-unsplash-scaled.jpg?resize=150%2C150&amp;ssl=1 150w, https:\/\/i0.wp.com\/www.klaus-janowitz.de\/wordpress\/wp-content\/uploads\/2025\/06\/rizki-ardia-4kTvZnkJW7M-unsplash-scaled.jpg?resize=768%2C768&amp;ssl=1 768w, https:\/\/i0.wp.com\/www.klaus-janowitz.de\/wordpress\/wp-content\/uploads\/2025\/06\/rizki-ardia-4kTvZnkJW7M-unsplash-scaled.jpg?resize=1536%2C1536&amp;ssl=1 1536w, https:\/\/i0.wp.com\/www.klaus-janowitz.de\/wordpress\/wp-content\/uploads\/2025\/06\/rizki-ardia-4kTvZnkJW7M-unsplash-scaled.jpg?resize=2048%2C2048&amp;ssl=1 2048w, https:\/\/i0.wp.com\/www.klaus-janowitz.de\/wordpress\/wp-content\/uploads\/2025\/06\/rizki-ardia-4kTvZnkJW7M-unsplash-scaled.jpg?resize=100%2C100&amp;ssl=1 100w\" sizes=\"(max-width: 260px) 100vw, 260px\" \/><\/a><figcaption id=\"caption-attachment-86774\" class=\"wp-caption-text\">Das Freiheitsfenster des Digitalen Fortschritts. \u00a0Bild: unplash.com unlimited<\/figcaption><\/figure>\n<p style=\"text-align: justify;\">Debatten zur <a href=\"https:\/\/www.klaus-janowitz.de\/wordpress\/techno-faschismus-ein-mash-up-als-machtsystem\/\" target=\"_blank\" rel=\"noopener\"><em>Tech-Oligarchie<\/em><\/a> und zur Ausbreitung des <em><a href=\"https:\/\/www.klaus-janowitz.de\/wordpress\/cyberlibertarianism-the-right-wing-politics-of-digital-technology\/\" target=\"_blank\" rel=\"noopener\">Cyberlibertarismus<\/a> wu<\/em>rden im vergangenen Jahr ausgiebig gef\u00fchrt, ihre <a href=\"https:\/\/www.klaus-janowitz.de\/wordpress\/hayeks-bastards-die-neoliberalen-wurzeln-der-populistischen-rechten-rez\/\" target=\"_blank\" rel=\"noopener\">ideologischen Genealogien<\/a>\u00a0 analysiert. Weniger beschrieben wurde, wie ein <em>digitaler Fortschritt<\/em>, der \u00fcber mehrere Jahrzehnte auch als gesellschaftlicher und kultureller Fortschritt erlebt wurde, zu einem Instrument nationaler Machtprojektion werden konnte.<\/p>\n<p style=\"text-align: justify;\"><em><strong>Das Versprechen des digitalen Fortschritts<\/strong><\/em><\/p>\n<p style=\"text-align: justify;\"><em><strong>Digitaler Fortschritt<\/strong><\/em> war \u00fcber mehrere Jahrzehnte ein <em>Metanarrativ<\/em> &#8211; ein Fortschritt, der sich in immer neuen Sch\u00fcben vollzog, die immer tiefer in den Alltag eindrangen. Die Bilder dieses Fortschritts waren und sind\u00a0 tief in der popul\u00e4ren Kultur verankert: in Science-Fiction, in Computerspielen, in den Visionen einer vernetzten Zukunft, in denen Technologie fast selbstverst\u00e4ndlich als Erweiterung menschlicher M\u00f6glichkeiten erschien.<br \/>\nDer technische Fortschritt wurde oft gleichzeitig\u00a0 als gesellschaftlicher und\u00a0 kultureller Fortschritt erlebt. Mehrere Mediengenerationen wurden mit der Gewissheit sozialisiert, dass sich mit jeder neuen technischen Innovation Jahr f\u00fcr Jahr M\u00f6glichkeiten\u00a0 erweiterte, zu neuen Lebensstilen und Arbeitsstrukturen.<br \/>\nDigitale Technik entsch\u00e4rfte Hierarchien, sie brachte\u00a0 den fr\u00fchen Anwendern einen Vorsprung vor den bestehenden <em>Kontrollregimes<\/em>.<br \/>\nSie <em>versprachen unmittelbare Partizipation, individuelle Teilhabe sowie g\u00e4nzlich neue Organisationsformen<\/em> jenseits von Machtakkumulation* &#8211; dieser Satz von <em>Anna-Verena Nosthoff<\/em> bringt eine verbreitete \u00dcberzeugung auf den Punkt.<br \/>\nGefestigt hatte sich diese \u00dcberzeugung in den ersten Jahren des Jahrtausends, als sich das <em>offene Netz<\/em>\u00a0 gegen\u00fcber dem ersten Anlauf eines Internet der Konzerne, dem heute oft vergessenen Internet der Portale, durchsetzte. Medien- und Telekommunikationskonzerne versuchten damals den Internetzugang durch geschlossene Eingangspforten zu kontrollieren. Das offene Web erwies sich aber als\u00a0 produktiver, dynamischer und attraktiver als jedes Portal.<br \/>\nGoogle spielte eine besondere Rolle,\u00a0 die Suchmaschine machte das offene Web erst navigierbar, legte aber die Grundlage f\u00fcr die erste grosse Datenakkumulation: die Vermessung des <em>Interest Graph, <\/em>die digitale Kartierung dessen, was Menschen interessiert, wonach sie suchen, worauf sie verweisen.<br \/>\nNoch unter der 2. Obama-Pr\u00e4sidentschaft (2012-2016) herrschte die \u00dcberzeugung vor, dass die globale Verbreitung eines schnellen Internet zu einer globalen Demokratisierung und zum Zusammenbruch autokratischer Regime f\u00fchren w\u00fcrde.<\/p>\n<p style=\"text-align: justify;\">Es ist diese lange Geschichte der Verbindung von technischer Faszination und gesellschaftlichen Utopien, die den Blick auf den entscheidenden Kipppunkt verstellte: den Moment, in dem die Logik des Digitalen st\u00e4rker wurde als die bestehende Ordnung. Die Beherrschung der digitalen Infrastruktur wurde zum neuen Machtzentrum. Entscheidender als die Technik selbst sind die Daten <em>aus der digitalen Vermessung der Welt<\/em>.<\/p>\n<p style=\"text-align: justify;\">Was als gro\u00dfe Erm\u00f6glichung begann, erzeugte neue Kontrollstrukturen \u2013 diesmal unsichtbarer, tiefer, globaler als die alten Gatekeeper. <em>Digitale\u00a0 Landnahme<\/em>, <a href=\"https:\/\/www.klaus-janowitz.de\/wordpress\/die-macht-der-plattformen-rezension\/\" target=\"_blank\" rel=\"noopener\"><em>Plattformkonzentration<\/em><\/a>, <a href=\"https:\/\/www.klaus-janowitz.de\/wordpress\/das-zeitalter-des-ueberwachungskapitalismus-rez\/\" target=\"_blank\" rel=\"noopener\"><em>\u00dcberwachungskapitalismus<\/em><\/a> &#8211; die Konzentration von Datenmacht in wenigen H\u00e4nden.<br \/>\nDas Internet war nicht als <em>Governance- System<\/em> geplant, ist aber faktisch\u00a0 \u00a0zu einem solchen geworden. Die Kontrolle bedeutet nicht nur technologische \u00dcberlegenheit, sondern Kontrolle \u00fcber die Bedingungen, unter denen andere handeln. Die digitale Ordnung durchdringt bestehende Souver\u00e4nit\u00e4ten, ohne sie formal zu ersetzen.<\/p>\n<p><em><strong>Transformation und ihre Infrastruktur<\/strong><\/em><\/p>\n<figure id=\"attachment_8618\" aria-describedby=\"caption-attachment-8618\" style=\"width: 163px\" class=\"wp-caption alignright\"><a href=\"https:\/\/i0.wp.com\/www.klaus-janowitz.de\/wordpress\/wp-content\/uploads\/2016\/06\/Polyani.jpg?ssl=1\" target=\"_blank\" rel=\"noopener\"><img data-recalc-dims=\"1\" decoding=\"async\" class=\"wp-image-8618 size-full\" src=\"https:\/\/i0.wp.com\/www.klaus-janowitz.de\/wordpress\/wp-content\/uploads\/2016\/06\/Polyani.jpg?resize=163%2C266&#038;ssl=1\" alt=\"\" width=\"163\" height=\"266\" \/><\/a><figcaption id=\"caption-attachment-8618\" class=\"wp-caption-text\">Ein universelles Muster der Transformation<\/figcaption><\/figure>\n<p style=\"text-align: justify;\">Die heutige Verwendung des Konzepts <em>Transformation, <\/em>im Sinne\u00a0 einer Neuorganisation gesellschaftlicher Grundlagen, geht auf den Wirtschaftshistoriker <a href=\"https:\/\/www.klaus-janowitz.de\/wordpress\/8712-2\/\" target=\"_blank\" rel=\"noopener\"><em><strong>Karl Polanyi<\/strong><\/em><\/a> (1886-1964) zur\u00fcck. <em>Polanyi<\/em> hatte vor 80 Jahren in <i>The Great Transformation <\/i>die Durchsetzung des Marktkapitalismus als eine neue Ordnung, die gesellschaftliche Grundlagen reorganisiert, beschrieben.<br \/>\n<em>Polanyi<\/em> beschrieb einen historischen Mechanismus. Eine neue Ordnung entsteht nicht spontan, sie wird hergestellt \u2013 und sie reorganisiert gesellschaftliche Grundlagen, bevor kollektive Gegenkr\u00e4fte sich formieren k\u00f6nnen. Entscheidend ist dabei Polanyis Begriff der Doppelbewegung: Die Expansion einer neuen Ordnung erzeugt strukturell Gegenkr\u00e4fte, weil sie bestehende soziale Lebensgrundlagen bedroht. Das ist kein Optimismus, das ist ein historisches Muster. Die Frage ist nicht, ob Gegenkr\u00e4fte entstehen \u2013 sie entstehen. Die Frage ist, ob sie schnell genug entstehen, welche Ziele sie verfolgen und mit welchen Begriffen sie operieren.<\/p>\n<figure id=\"attachment_88232\" aria-describedby=\"caption-attachment-88232\" style=\"width: 233px\" class=\"wp-caption alignleft\"><a href=\"https:\/\/i0.wp.com\/www.klaus-janowitz.de\/wordpress\/wp-content\/uploads\/2026\/02\/TheStack.jpg?ssl=1\"><img data-recalc-dims=\"1\" decoding=\"async\" class=\"wp-image-88232 size-medium\" src=\"https:\/\/i0.wp.com\/www.klaus-janowitz.de\/wordpress\/wp-content\/uploads\/2026\/02\/TheStack.jpg?resize=233%2C300&#038;ssl=1\" alt=\"\" width=\"233\" height=\"300\" srcset=\"https:\/\/i0.wp.com\/www.klaus-janowitz.de\/wordpress\/wp-content\/uploads\/2026\/02\/TheStack.jpg?resize=233%2C300&amp;ssl=1 233w, https:\/\/i0.wp.com\/www.klaus-janowitz.de\/wordpress\/wp-content\/uploads\/2026\/02\/TheStack.jpg?resize=797%2C1024&amp;ssl=1 797w, https:\/\/i0.wp.com\/www.klaus-janowitz.de\/wordpress\/wp-content\/uploads\/2026\/02\/TheStack.jpg?resize=768%2C987&amp;ssl=1 768w, https:\/\/i0.wp.com\/www.klaus-janowitz.de\/wordpress\/wp-content\/uploads\/2026\/02\/TheStack.jpg?w=1167&amp;ssl=1 1167w, https:\/\/i0.wp.com\/www.klaus-janowitz.de\/wordpress\/wp-content\/uploads\/2026\/02\/TheStack.jpg?w=1050&amp;ssl=1 1050w\" sizes=\"(max-width: 233px) 100vw, 233px\" \/><\/a><figcaption id=\"caption-attachment-88232\" class=\"wp-caption-text\">10th anniversary edition &#8211; Februar 2026<\/figcaption><\/figure>\n<p style=\"text-align: justify;\">Einen <em>Polanyi<\/em> zur Transformation des digitalen Zeitalters gibt es noch nicht. Aber es sind\u00a0 Muster erkennbar.<br \/>\nDer Technik- und Gesellschaftstheoretiker <a href=\"https:\/\/en.wikipedia.org\/wiki\/Benjamin_H._Bratton\" target=\"_blank\" rel=\"noopener\"><strong><em>Benjamin\u00a0 Bratton<\/em><\/strong><\/a> hatte bereits 2016 in <a href=\"https:\/\/direct.mit.edu\/books\/monograph\/3504\/The-StackOn-Software-and-Sovereignty\" target=\"_blank\" rel=\"noopener\"><em>The Stack: On Software and Sovereignty<\/em><\/a> die globale digitale Infrastruktur als eine planetare Megastruktur, von ihm <em>The Stack <\/em>genannt, \u00a0beschrieben.<br \/>\nAktuell, im Februar 2026, erschien eine<em> 10th Anniversary Edition<\/em> mit aktualisiertem Vorwort: KI als neue Stack-Schicht, die Multipolarisierung von Geopolitik und Computation als dasselbe Ph\u00e4nomen. Brattons Prognose ist n\u00fcchtern: Was wir bis heute das Internet nennen, werde sich zu kognitiven Infrastrukturen weiterentwickeln. Der <em>KI Stack<\/em>, so Bratton, wird in einer anderen Welt existieren als unserer.<br \/>\n<em>Stack<\/em> entstammt der Informatik, und bezeichnet dort eine Schichtenarchitektur von Software und Hardware. Bratton hatte ihn ausgeweitet, so aus einem technischen Begriff einen der politischen Beschreibung gemacht.<br \/>\nDer <em>Stack<\/em> ist die technische Architektur, durch die eine neue Ordnung\u00a0 bestehende Souver\u00e4nit\u00e4ten durchdringt und neu organisiert. Sinngem\u00e4\u00df lautet die zentrale These: <em>Souver\u00e4nit\u00e4t entsteht nicht nur durch politische Institutionen, sondern durch infrastrukturelle Systeme, die Handlungen erm\u00f6glichen oder begrenzen.<br \/>\n<\/em>Die Infrastruktur dieser neuen Ordnung ist eine zuf\u00e4llige,\u00a0 aus vielen Einzelentscheidungen entstandene Megastruktur, Bratton nennt sie\u00a0 <em>Accidental Megastructure. <\/em>Diese Ordnung ist l\u00e4ngst da, bevor die Politik sie bemerkt.<br \/>\nSie durchdringt bestehende staatliche Souver\u00e4nit\u00e4ten, ohne sie formal zu ersetzen, und organisiert zunehmend die Bedingungen politischer und \u00f6konomischer Handlungsm\u00f6glichkeiten.<\/p>\n<p style=\"text-align: justify;\"><em>Bratton<\/em> macht sichtbar, was <em>Polanyi<\/em> f\u00fcr den Markt beschrieben hat \u2013 die neue Ordnung ist konstruiert, aber ihre Konstruiertheit ist weniger sichtbar als die Durchsetzung der Marktlogik, wie sie <em>Polanyi<\/em> beschreibt. Das offene Internet war urspr\u00fcnglich als kollektive Infrastruktur konzipiert \u2013 als digitales Gemeingut, das niemandem und allen geh\u00f6rt. Der Stack h\u00e4tte diese Form annehmen k\u00f6nnen. Stattdessen wurde er zu einer <em>invasiven maschinellen Spezies<\/em>.<br \/>\nDie unterschiedlichsten Objekte \u2013 Orte, K\u00f6rper, Waren, Bewegungen \u2013 werden\u00a0 in berechenbare Einheiten \u00fcbersetzt. Es ist eine Form der digitalen Vermessung der Welt als Infrastrukturprozess. Souver\u00e4nit\u00e4t, so Bratton, wird durch infrastrukturelle Linien geschaffen.<\/p>\n<p style=\"text-align: justify;\">2016, als <em>The Stack<\/em> erschien, war KI noch kein gesellschaftliches Massenereignis. Die <em>digitale Vermessung der Welt<\/em> betraf bis dahin vor allem das Soziale: Verhalten, Bewegungen, Pr\u00e4ferenzen, Beziehungen. Social Media war die gro\u00dfe Vermessungsmaschine der ersten Phase.<br \/>\n2022\/23 beginnt mit der Ausbreitung von KI eine qualitativ neue Phase: Die Vermessung greift nicht mehr nur auf soziale Oberfl\u00e4chen zu, sondern auf das akkumulierte Wissen der Menschheit selbst.\u00a0<em>\u00a0LLM systems harvest everything that can be made digital, and then use it to train corporate AI models<\/em> (Kate Crawford, 2023).<\/p>\n<p style=\"text-align: justify;\">Eine Welt ohne Machtasymmetrien ist nicht realistisch. Entscheidend ist, ob sie verhandelbar bleiben. Die digitale Infrastruktur von heute wird von wenigen Konzernen kontrolliert. Machtasymmetrien sind der Verhandlung entzogen. Das eigentliche Problem ist die Vorwegnahme des Politischen durch die Architektur der Technik.<br \/>\nPolanyi beschrieb die Einbettung der Wirtschaft in die Gesellschaft als demokratische Aufgabe. Heute geht es um eine demokratisch legitimierte Kontrolle der digitalen Infrastruktur. Dagegen stehen nicht nur wirtschaftliche Macht, sondern ein Fortschrittsbegriff, der sich auf technologische und \u00f6konomische Expansion verengt.<br \/>\nDie <em>Verengung des Fortschrittsbegriffs<\/em> ist keine Interpretation von au\u00dfen, sie ist Selbstbeschreibung f\u00fchrender Tech-Ideologen.<\/p>\n<p><em><strong>American Dynamism \u2013 Fortschritt als nationale Macht<\/strong><\/em><\/p>\n<figure id=\"attachment_88208\" aria-describedby=\"caption-attachment-88208\" style=\"width: 206px\" class=\"wp-caption alignright\"><a href=\"https:\/\/i0.wp.com\/www.klaus-janowitz.de\/wordpress\/wp-content\/uploads\/2026\/02\/Fortschritt-scaled.jpg?ssl=1\" target=\"_blank\" rel=\"noopener\"><img data-recalc-dims=\"1\" loading=\"lazy\" decoding=\"async\" class=\"wp-image-88208 size-medium\" src=\"https:\/\/i0.wp.com\/www.klaus-janowitz.de\/wordpress\/wp-content\/uploads\/2026\/02\/Fortschritt.jpg?resize=206%2C300&#038;ssl=1\" alt=\"\" width=\"206\" height=\"300\" srcset=\"https:\/\/i0.wp.com\/www.klaus-janowitz.de\/wordpress\/wp-content\/uploads\/2026\/02\/Fortschritt-scaled.jpg?resize=206%2C300&amp;ssl=1 206w, https:\/\/i0.wp.com\/www.klaus-janowitz.de\/wordpress\/wp-content\/uploads\/2026\/02\/Fortschritt-scaled.jpg?resize=704%2C1024&amp;ssl=1 704w, https:\/\/i0.wp.com\/www.klaus-janowitz.de\/wordpress\/wp-content\/uploads\/2026\/02\/Fortschritt-scaled.jpg?resize=768%2C1117&amp;ssl=1 768w, https:\/\/i0.wp.com\/www.klaus-janowitz.de\/wordpress\/wp-content\/uploads\/2026\/02\/Fortschritt-scaled.jpg?resize=1056%2C1536&amp;ssl=1 1056w, https:\/\/i0.wp.com\/www.klaus-janowitz.de\/wordpress\/wp-content\/uploads\/2026\/02\/Fortschritt-scaled.jpg?resize=1408%2C2048&amp;ssl=1 1408w, https:\/\/i0.wp.com\/www.klaus-janowitz.de\/wordpress\/wp-content\/uploads\/2026\/02\/Fortschritt-scaled.jpg?w=1760&amp;ssl=1 1760w, https:\/\/i0.wp.com\/www.klaus-janowitz.de\/wordpress\/wp-content\/uploads\/2026\/02\/Fortschritt-scaled.jpg?w=1575&amp;ssl=1 1575w\" sizes=\"(max-width: 206px) 100vw, 206px\" \/><\/a><figcaption id=\"caption-attachment-88208\" class=\"wp-caption-text\"><strong>American Dynamism<\/strong>: Die Timeline von Fortschritt und Innovation \u2013 nach Klick auf neuer Seite in voller Aufl\u00f6sung<\/figcaption><\/figure>\n<p style=\"text-align: justify;\"><em><strong>American Dynamism<\/strong><\/em> ist diese Selbstbeschreibung in institutioneller Form. Zun\u00e4chst der Titel eines Investmentfonds aus dem Hause <a href=\"https:\/\/a16z.com\/\" target=\"_blank\" rel=\"noopener\"><em>Andreessen &amp; Horwitz<\/em><\/a> (a16z), der explizit in <em>\u00a0founders and companies that support the national interest <\/em>investiert. \u00a0Schwerpunkte liegen in Verteidigung\/ R\u00fcstung, Raumfahrt, Robotik, generell Hard Tech.<br \/>\n<em>American Dynamism<\/em> ist keine Organisation, der man <em>angeh\u00f6rt<\/em>, sondern eher eine Programmatik\/ ideologische Formation, der Akteure zuzurechnen sind. Der Begriff <em>Dynamism<\/em> selbst soll das Silicon Valley aus der Plattform- und Konsumphase herausl\u00f6sen und mit industrieller und milit\u00e4rischer Innovation verbinden. Zugleich wird das meiste von dem, was als gesellschaftlicher Fortschritt verstanden wurde, wie <em>Sustainability\/<\/em> Nachhaltigkeit, Inklusion, demokratische Regulierung, ausdr\u00fccklich als Bremse verworfen.<br \/>\nDer Fonds ist die \u00f6konomische Basis, <em>American Dynamism<\/em> operiert aber gleichzeitig als politisches Lobbying-Programm, kulturelles Narrativ und als Transmissionsriemen zwischen Tech, Kapital und Staat, ausserdem als Konferenzformat, das Pentagon-Offizielle, Kongressabgeordnete und Startup-Gr\u00fcnder zusammenbringt.<\/p>\n<p style=\"text-align: justify;\">Am deutlichsten dr\u00fcckt sich <em><strong>American Dynamism<\/strong><\/em> in seinem Bildprogramm aus. Die visualisierte Timeline auf der Website \u2013 von den <em>Wright Brothers<\/em> bis zur <em>Generativen KI<\/em> \u2013 konstruiert eine Kontinuit\u00e4t milit\u00e4rischer und technologischer Macht als amerikanischer Zivilisationsgeschichte. Das <em>Manhattan Project<\/em> steht gleichberechtigt neben der <em>Mondlandung<\/em>. <em>Steve Jobs<\/em>, dessen universalistisches Selbstverst\u00e4ndnis dem nationalen Narrativ eigentlich widerspricht, wird reduziert auf das iPhone, sein erfolgreichstes Produkt.<br \/>\nBezeichnend ist das Fehlen universeller Werte: keine Wikipedia, keine Open-Source-Bewegung, kein <em>partizipatives Web<\/em> \u2013 nichts von dem, was <em>digitalen Fortschritt<\/em> einmal als gesellschaftliches Projekt erscheinen liess.<br \/>\nEin <em>Hero Banner Video<\/em> mit dem Titel\u00a0<em> It&#8217;s time to build<\/em> als Einstieg zur Website vervollst\u00e4ndigt die heroische Inszenierung mit Drohnen, Raketenstarts, futuristischen Fabriken, Pr\u00e4zisionstechnologie, begleitet von einem <em>Voice Over<\/em> mit Slogans wie <em>Technology is our birthright,<\/em><em>\u00a0<\/em>dazu Gesichter von BigTech Gr\u00f6ssen, wie Sam Altman und einem verz\u00fcckten Elon Musk, Techgeschichte als nationale Glorie Amerikas. \u00a0Es ist eine \u00c4sthetik, die nicht \u00fcberzeugen, sondern \u00fcberw\u00e4ltigen will. Argumente werden nicht ausgetauscht \u2013 ein <em>Wille zur Gr\u00f6sse<\/em>, insbesondere technologischer Gr\u00f6sse wird herausgestellt.<\/p>\n<p><strong><em>Cyberlibertarismus 2.0<\/em><\/strong><\/p>\n<p style=\"text-align: justify;\">Eine bemerkenswerte Verschiebung der Beziehung zum Staat wird deutlich. Technologie wird nicht mehr prim\u00e4r als Marktinnovation pr\u00e4sentiert, sondern als Voraussetzung nationaler St\u00e4rke.\u00a0 BigTech bewegt sich weg von einer globalistischen Perspektive hin zu einer engeren Verbindung mit nationalstaatlicher Macht. KI wird so als genuin amerikanische Technologie verstanden.<br \/>\n<a href=\"https:\/\/www.klaus-janowitz.de\/wordpress\/cyberlibertarianism-the-right-wing-politics-of-digital-technology\/\" target=\"_blank\" rel=\"noopener\"><em>Cyberlibertarismus<\/em><\/a> bedeutete in erster Linie die Freiheit von Regulierung, aber selektiv: <em>Their freedom doesn\u2019t mean your freedom<\/em>. Eine Haltung, die den Ausbau eines Machtpols erm\u00f6glichte. Heute, wo dieser Machtpol gefestigt ist, wird nicht mehr die\u00a0 Freiheit von staatlichen Macht angestrebt, sondern ihre Kontrolle.<br \/>\nWie dieser Machtpol Alternativr\u00e4ume schlie\u00dft, Zukunftsr\u00e4ume bestimmt und ob Gegenkr\u00e4fte entstehen k\u00f6nnen \u2013 das sind die Fragen eines Folgetexts.<\/p>\n<p style=\"text-align: justify;\"><em><strong>Digitaler Fortschritt<\/strong><\/em> ist in seiner derzeit dominanten Form kein Menschheitsversprechen zu einer von allen zu gestaltenden\u00a0 Zukunft\u00a0 mehr, sondern Teil machtpolitischer Strategie.<\/p>\n<p>&nbsp;<\/p>\n<p><span style=\"font-size: small;\"><strong>Benjamin Bratton<\/strong> \u00a0 \u00a0The Stack: On Software and Sovereignty (2016). 2.Ausgabe 2026 &#8212;\u00a0 <a href=\"https:\/\/thereader.mitpress.mit.edu\/computation-in-motion-from-the-personal-to-the-planetary\/\" target=\"_blank\" rel=\"noopener\">Planetary Computation\u2019s Next Phase<\/a>\u00a0 MIT Press Reader 2\/2026.<br \/>\n<strong>McKenzie Wark<\/strong>: <a href=\"https:\/\/publicseminar.org\/2016\/12\/stack\/\" target=\"_blank\" rel=\"noopener\">The Stack to Come. On Benjamin Bratton\u2019s The Stack<\/a>\u00a0 12\/2016 &#8211; im Blog: <a href=\"https:\/\/www.klaus-janowitz.de\/wordpress\/8712-2\/\" target=\"_blank\" rel=\"noopener\">Die gro\u00dfe Transformation \u2013 Polanyi und die Digitalisierung.<\/a>\u00a0 * Anna Verena Nosthoff, In: Die Geburt des Tech Kapitalismus aus dem Geist der Gegenkultur.: agora 42. Das philosophische Wirtschaftsmagazin .01\/2026<\/span><\/p>\n<p><span style=\"font-size: small;\"><strong>Selbstbeschreibung American Dynamism<\/strong>:\u00a0 American Dynamism embodies the spirit of innovation, progress, and resilience that drives the United States forward. This powerful force is exemplified by groundbreaking achievements in\u00a0 \u00a0 \u00a0 \u00a0 \u00a0technology and innovation, shaping both our nation and the global landscape. It reflects the\u00a0 American commitment to pushing boundaries, embracing challenges, and always striving for a brighter, more prosperous future. Investing in visionary founders and teams tackling the world\u2019s most pressing problems is essential to fueling this dynamic spirit and ensuring continued progress for generations to come.<br \/>\n<\/span><\/p>\n<p><!-- Matomo --><br \/>\n<script type=\"text\/javascript\">\n  var _paq = window._paq || [];\n  \/* tracker methods like \"setCustomDimension\" should be called before \"trackPageView\" *\/\n  _paq.push(['trackPageView']); \n  _paq.push(['enableLinkTracking']);\n  (function() {\n    var u=\"\/\/www.klaus-janowitz.de\/piwik\/\";\n    _paq.push(['setTrackerUrl', u+'matomo.php']);\n    _paq.push(['setSiteId', '1']);\n    var d=document, g=d.createElement('script'), s=d.getElementsByTagName('script')[0];\n    g.type='text\/javascript'; g.async=true; g.defer=true; g.src=u+'matomo.js'; s.parentNode.insertBefore(g,s);\n  })();\n<\/script><br \/>\n<!-- End Matomo Code --><\/p>\n","protected":false},"excerpt":{"rendered":"<p>Debatten zur Tech-Oligarchie und zur Ausbreitung des Cyberlibertarismus wurden im vergangenen Jahr ausgiebig gef\u00fchrt, ihre ideologischen Genealogien\u00a0 analysiert. Weniger beschrieben wurde, wie ein digitaler Fortschritt, der \u00fcber mehrere Jahrzehnte auch als gesellschaftlicher und kultureller Fortschritt erlebt wurde, zu einem Instrument nationaler Machtprojektion werden konnte. Das Versprechen des digitalen Fortschritts Digitaler Fortschritt war \u00fcber mehrere Jahrzehnte &hellip; <\/p>\n<p class=\"link-more\"><a href=\"https:\/\/www.klaus-janowitz.de\/wordpress\/digitaler-fortschritt-und-seine-aneignung\/\" class=\"more-link\"><span class=\"screen-reader-text\">\u201eDigitaler Fortschritt und seine Aneignung\u201c <\/span>weiterlesen<\/a><\/p>\n","protected":false},"author":1,"featured_media":0,"comment_status":"open","ping_status":"open","sticky":false,"template":"","format":"standard","meta":{"jetpack_post_was_ever_published":false,"_jetpack_newsletter_access":"","_jetpack_dont_email_post_to_subs":false,"_jetpack_newsletter_tier_id":0,"_jetpack_memberships_contains_paywalled_content":false,"_jetpack_memberships_contains_paid_content":false,"activitypub_content_warning":"","activitypub_content_visibility":"local","activitypub_max_image_attachments":4,"activitypub_interaction_policy_quote":"","activitypub_status":"","footnotes":"","jetpack_publicize_message":"","jetpack_publicize_feature_enabled":true,"jetpack_social_post_already_shared":true,"jetpack_social_options":{"image_generator_settings":{"template":"highway","default_image_id":0,"font":"","enabled":false},"version":2}},"categories":[1,382,66,15,170,161],"tags":[364,73,115,76,106],"class_list":["post-88182","post","type-post","status-publish","format-standard","hentry","category-allgemein","category-bigtech","category-digitaler-wandel","category-feuilleton","category-ki","category-zukunft","tag-bigtech","tag-digitale-transformation","tag-ki","tag-soziologie","tag-zukunft"],"yoast_head":"<!-- This site is optimized with the Yoast SEO plugin v27.5 - https:\/\/yoast.com\/product\/yoast-seo-wordpress\/ -->\n<title>Digitaler Fortschritt und seine Aneignung - Netnographie &amp; Digitaler Wandel<\/title>\n<meta name=\"description\" content=\"Digitaler Fortschritt wandelt sich vom emanzipatorischen Metanarrativ zum Instrument nationaler Machtpolitik: Infrastruktur, Datenakkumulation und KI verschieben Souver\u00e4nit\u00e4t in die H\u00e4nde weniger Tech\u2011Akteure. Am Beispiel von American Dynamism zeigt der Text, wie sich Digitaler Fortschritt zu einem machtpolitischen Projekt im Dienste nationaler Interessen verengt.\" \/>\n<meta name=\"robots\" content=\"index, follow, max-snippet:-1, max-image-preview:large, max-video-preview:-1\" \/>\n<link rel=\"canonical\" href=\"https:\/\/www.klaus-janowitz.de\/wordpress\/digitaler-fortschritt-und-seine-aneignung\/\" \/>\n<meta property=\"og:locale\" content=\"de_DE\" \/>\n<meta property=\"og:type\" content=\"article\" \/>\n<meta property=\"og:title\" content=\"Digitaler Fortschritt und seine Aneignung - Netnographie &amp; Digitaler Wandel\" \/>\n<meta property=\"og:description\" content=\"Digitaler Fortschritt wandelt sich vom emanzipatorischen Metanarrativ zum Instrument nationaler Machtpolitik: Infrastruktur, Datenakkumulation und KI verschieben Souver\u00e4nit\u00e4t in die H\u00e4nde weniger Tech\u2011Akteure. Am Beispiel von American Dynamism zeigt der Text, wie sich Digitaler Fortschritt zu einem machtpolitischen Projekt im Dienste nationaler Interessen verengt.\" \/>\n<meta property=\"og:url\" content=\"https:\/\/www.klaus-janowitz.de\/wordpress\/digitaler-fortschritt-und-seine-aneignung\/\" \/>\n<meta property=\"og:site_name\" content=\"Netnographie &amp; Digitaler Wandel\" \/>\n<meta property=\"article:published_time\" content=\"2026-03-16T05:23:10+00:00\" \/>\n<meta property=\"article:modified_time\" content=\"2026-03-27T14:33:49+00:00\" \/>\n<meta property=\"og:image\" content=\"https:\/\/www.klaus-janowitz.de\/wordpress\/wp-content\/uploads\/2025\/06\/rizki-ardia-4kTvZnkJW7M-unsplash-300x300.jpg\" \/>\n<meta name=\"author\" content=\"KlausMJan\" \/>\n<meta name=\"twitter:card\" content=\"summary_large_image\" \/>\n<meta name=\"twitter:label1\" content=\"Verfasst von\" \/>\n\t<meta name=\"twitter:data1\" content=\"KlausMJan\" \/>\n\t<meta name=\"twitter:label2\" content=\"Gesch\u00e4tzte Lesezeit\" \/>\n\t<meta name=\"twitter:data2\" content=\"11\u00a0Minuten\" \/>\n<script type=\"application\/ld+json\" class=\"yoast-schema-graph\">{\"@context\":\"https:\\\/\\\/schema.org\",\"@graph\":[{\"@type\":\"Article\",\"@id\":\"https:\\\/\\\/www.klaus-janowitz.de\\\/wordpress\\\/digitaler-fortschritt-und-seine-aneignung\\\/#article\",\"isPartOf\":{\"@id\":\"https:\\\/\\\/www.klaus-janowitz.de\\\/wordpress\\\/digitaler-fortschritt-und-seine-aneignung\\\/\"},\"author\":{\"name\":\"KlausMJan\",\"@id\":\"https:\\\/\\\/www.klaus-janowitz.de\\\/wordpress\\\/#\\\/schema\\\/person\\\/010eda704157cb8ce4370bfd0376c858\"},\"headline\":\"Digitaler Fortschritt und seine Aneignung\",\"datePublished\":\"2026-03-16T05:23:10+00:00\",\"dateModified\":\"2026-03-27T14:33:49+00:00\",\"mainEntityOfPage\":{\"@id\":\"https:\\\/\\\/www.klaus-janowitz.de\\\/wordpress\\\/digitaler-fortschritt-und-seine-aneignung\\\/\"},\"wordCount\":1777,\"commentCount\":0,\"image\":{\"@id\":\"https:\\\/\\\/www.klaus-janowitz.de\\\/wordpress\\\/digitaler-fortschritt-und-seine-aneignung\\\/#primaryimage\"},\"thumbnailUrl\":\"https:\\\/\\\/www.klaus-janowitz.de\\\/wordpress\\\/wp-content\\\/uploads\\\/2025\\\/06\\\/rizki-ardia-4kTvZnkJW7M-unsplash-300x300.jpg\",\"keywords\":[\"BigTech\",\"Digitale Transformation\",\"KI\",\"Soziologie\",\"Zukunft\"],\"articleSection\":{\"1\":\"BigTech\",\"2\":\"Digitaler Wandel\",\"3\":\"Feuilleton\",\"4\":\"KI\",\"5\":\"Zukunft\"},\"inLanguage\":\"de\",\"potentialAction\":[{\"@type\":\"CommentAction\",\"name\":\"Comment\",\"target\":[\"https:\\\/\\\/www.klaus-janowitz.de\\\/wordpress\\\/digitaler-fortschritt-und-seine-aneignung\\\/#respond\"]}]},{\"@type\":\"WebPage\",\"@id\":\"https:\\\/\\\/www.klaus-janowitz.de\\\/wordpress\\\/digitaler-fortschritt-und-seine-aneignung\\\/\",\"url\":\"https:\\\/\\\/www.klaus-janowitz.de\\\/wordpress\\\/digitaler-fortschritt-und-seine-aneignung\\\/\",\"name\":\"Digitaler Fortschritt und seine Aneignung - Netnographie &amp; Digitaler Wandel\",\"isPartOf\":{\"@id\":\"https:\\\/\\\/www.klaus-janowitz.de\\\/wordpress\\\/#website\"},\"primaryImageOfPage\":{\"@id\":\"https:\\\/\\\/www.klaus-janowitz.de\\\/wordpress\\\/digitaler-fortschritt-und-seine-aneignung\\\/#primaryimage\"},\"image\":{\"@id\":\"https:\\\/\\\/www.klaus-janowitz.de\\\/wordpress\\\/digitaler-fortschritt-und-seine-aneignung\\\/#primaryimage\"},\"thumbnailUrl\":\"https:\\\/\\\/www.klaus-janowitz.de\\\/wordpress\\\/wp-content\\\/uploads\\\/2025\\\/06\\\/rizki-ardia-4kTvZnkJW7M-unsplash-300x300.jpg\",\"datePublished\":\"2026-03-16T05:23:10+00:00\",\"dateModified\":\"2026-03-27T14:33:49+00:00\",\"author\":{\"@id\":\"https:\\\/\\\/www.klaus-janowitz.de\\\/wordpress\\\/#\\\/schema\\\/person\\\/010eda704157cb8ce4370bfd0376c858\"},\"description\":\"Digitaler Fortschritt wandelt sich vom emanzipatorischen Metanarrativ zum Instrument nationaler Machtpolitik: Infrastruktur, Datenakkumulation und KI verschieben Souver\u00e4nit\u00e4t in die H\u00e4nde weniger Tech\u2011Akteure. Am Beispiel von American Dynamism zeigt der Text, wie sich Digitaler Fortschritt zu einem machtpolitischen Projekt im Dienste nationaler Interessen verengt.\",\"breadcrumb\":{\"@id\":\"https:\\\/\\\/www.klaus-janowitz.de\\\/wordpress\\\/digitaler-fortschritt-und-seine-aneignung\\\/#breadcrumb\"},\"inLanguage\":\"de\",\"potentialAction\":[{\"@type\":\"ReadAction\",\"target\":[\"https:\\\/\\\/www.klaus-janowitz.de\\\/wordpress\\\/digitaler-fortschritt-und-seine-aneignung\\\/\"]}]},{\"@type\":\"ImageObject\",\"inLanguage\":\"de\",\"@id\":\"https:\\\/\\\/www.klaus-janowitz.de\\\/wordpress\\\/digitaler-fortschritt-und-seine-aneignung\\\/#primaryimage\",\"url\":\"https:\\\/\\\/i0.wp.com\\\/www.klaus-janowitz.de\\\/wordpress\\\/wp-content\\\/uploads\\\/2025\\\/06\\\/rizki-ardia-4kTvZnkJW7M-unsplash-scaled.jpg?fit=2560%2C2560&ssl=1\",\"contentUrl\":\"https:\\\/\\\/i0.wp.com\\\/www.klaus-janowitz.de\\\/wordpress\\\/wp-content\\\/uploads\\\/2025\\\/06\\\/rizki-ardia-4kTvZnkJW7M-unsplash-scaled.jpg?fit=2560%2C2560&ssl=1\",\"width\":2560,\"height\":2560},{\"@type\":\"BreadcrumbList\",\"@id\":\"https:\\\/\\\/www.klaus-janowitz.de\\\/wordpress\\\/digitaler-fortschritt-und-seine-aneignung\\\/#breadcrumb\",\"itemListElement\":[{\"@type\":\"ListItem\",\"position\":1,\"name\":\"Startseite\",\"item\":\"https:\\\/\\\/www.klaus-janowitz.de\\\/wordpress\\\/\"},{\"@type\":\"ListItem\",\"position\":2,\"name\":\"Digitaler Fortschritt und seine Aneignung\"}]},{\"@type\":\"WebSite\",\"@id\":\"https:\\\/\\\/www.klaus-janowitz.de\\\/wordpress\\\/#website\",\"url\":\"https:\\\/\\\/www.klaus-janowitz.de\\\/wordpress\\\/\",\"name\":\"Netnographie &amp; Digitaler Wandel\",\"description\":\"Blog rund um die Themen Netnographie, Online-Kultur und Digitalen Wandel\",\"potentialAction\":[{\"@type\":\"SearchAction\",\"target\":{\"@type\":\"EntryPoint\",\"urlTemplate\":\"https:\\\/\\\/www.klaus-janowitz.de\\\/wordpress\\\/?s={search_term_string}\"},\"query-input\":{\"@type\":\"PropertyValueSpecification\",\"valueRequired\":true,\"valueName\":\"search_term_string\"}}],\"inLanguage\":\"de\"},{\"@type\":\"Person\",\"@id\":\"https:\\\/\\\/www.klaus-janowitz.de\\\/wordpress\\\/#\\\/schema\\\/person\\\/010eda704157cb8ce4370bfd0376c858\",\"name\":\"KlausMJan\",\"image\":{\"@type\":\"ImageObject\",\"inLanguage\":\"de\",\"@id\":\"https:\\\/\\\/secure.gravatar.com\\\/avatar\\\/94d3059bf264a4da1fe44d92721e645980d64122c3365532a3b1517b78db5093?s=96&r=g\",\"url\":\"https:\\\/\\\/secure.gravatar.com\\\/avatar\\\/94d3059bf264a4da1fe44d92721e645980d64122c3365532a3b1517b78db5093?s=96&r=g\",\"contentUrl\":\"https:\\\/\\\/secure.gravatar.com\\\/avatar\\\/94d3059bf264a4da1fe44d92721e645980d64122c3365532a3b1517b78db5093?s=96&r=g\",\"caption\":\"KlausMJan\"},\"sameAs\":[\"http:\\\/\\\/www.netnographie.eu\\\/wordpress\"],\"url\":\"https:\\\/\\\/www.klaus-janowitz.de\\\/wordpress\\\/author\\\/klausmjan\\\/\"}]}<\/script>\n<!-- \/ Yoast SEO plugin. -->","yoast_head_json":{"title":"Digitaler Fortschritt und seine Aneignung - Netnographie &amp; Digitaler Wandel","description":"Digitaler Fortschritt wandelt sich vom emanzipatorischen Metanarrativ zum Instrument nationaler Machtpolitik: Infrastruktur, Datenakkumulation und KI verschieben Souver\u00e4nit\u00e4t in die H\u00e4nde weniger Tech\u2011Akteure. Am Beispiel von American Dynamism zeigt der Text, wie sich Digitaler Fortschritt zu einem machtpolitischen Projekt im Dienste nationaler Interessen verengt.","robots":{"index":"index","follow":"follow","max-snippet":"max-snippet:-1","max-image-preview":"max-image-preview:large","max-video-preview":"max-video-preview:-1"},"canonical":"https:\/\/www.klaus-janowitz.de\/wordpress\/digitaler-fortschritt-und-seine-aneignung\/","og_locale":"de_DE","og_type":"article","og_title":"Digitaler Fortschritt und seine Aneignung - Netnographie &amp; Digitaler Wandel","og_description":"Digitaler Fortschritt wandelt sich vom emanzipatorischen Metanarrativ zum Instrument nationaler Machtpolitik: Infrastruktur, Datenakkumulation und KI verschieben Souver\u00e4nit\u00e4t in die H\u00e4nde weniger Tech\u2011Akteure. Am Beispiel von American Dynamism zeigt der Text, wie sich Digitaler Fortschritt zu einem machtpolitischen Projekt im Dienste nationaler Interessen verengt.","og_url":"https:\/\/www.klaus-janowitz.de\/wordpress\/digitaler-fortschritt-und-seine-aneignung\/","og_site_name":"Netnographie &amp; Digitaler Wandel","article_published_time":"2026-03-16T05:23:10+00:00","article_modified_time":"2026-03-27T14:33:49+00:00","og_image":[{"url":"https:\/\/www.klaus-janowitz.de\/wordpress\/wp-content\/uploads\/2025\/06\/rizki-ardia-4kTvZnkJW7M-unsplash-300x300.jpg","type":"","width":"","height":""}],"author":"KlausMJan","twitter_card":"summary_large_image","twitter_misc":{"Verfasst von":"KlausMJan","Gesch\u00e4tzte Lesezeit":"11\u00a0Minuten"},"schema":{"@context":"https:\/\/schema.org","@graph":[{"@type":"Article","@id":"https:\/\/www.klaus-janowitz.de\/wordpress\/digitaler-fortschritt-und-seine-aneignung\/#article","isPartOf":{"@id":"https:\/\/www.klaus-janowitz.de\/wordpress\/digitaler-fortschritt-und-seine-aneignung\/"},"author":{"name":"KlausMJan","@id":"https:\/\/www.klaus-janowitz.de\/wordpress\/#\/schema\/person\/010eda704157cb8ce4370bfd0376c858"},"headline":"Digitaler Fortschritt und seine Aneignung","datePublished":"2026-03-16T05:23:10+00:00","dateModified":"2026-03-27T14:33:49+00:00","mainEntityOfPage":{"@id":"https:\/\/www.klaus-janowitz.de\/wordpress\/digitaler-fortschritt-und-seine-aneignung\/"},"wordCount":1777,"commentCount":0,"image":{"@id":"https:\/\/www.klaus-janowitz.de\/wordpress\/digitaler-fortschritt-und-seine-aneignung\/#primaryimage"},"thumbnailUrl":"https:\/\/www.klaus-janowitz.de\/wordpress\/wp-content\/uploads\/2025\/06\/rizki-ardia-4kTvZnkJW7M-unsplash-300x300.jpg","keywords":["BigTech","Digitale Transformation","KI","Soziologie","Zukunft"],"articleSection":{"1":"BigTech","2":"Digitaler Wandel","3":"Feuilleton","4":"KI","5":"Zukunft"},"inLanguage":"de","potentialAction":[{"@type":"CommentAction","name":"Comment","target":["https:\/\/www.klaus-janowitz.de\/wordpress\/digitaler-fortschritt-und-seine-aneignung\/#respond"]}]},{"@type":"WebPage","@id":"https:\/\/www.klaus-janowitz.de\/wordpress\/digitaler-fortschritt-und-seine-aneignung\/","url":"https:\/\/www.klaus-janowitz.de\/wordpress\/digitaler-fortschritt-und-seine-aneignung\/","name":"Digitaler Fortschritt und seine Aneignung - Netnographie &amp; Digitaler Wandel","isPartOf":{"@id":"https:\/\/www.klaus-janowitz.de\/wordpress\/#website"},"primaryImageOfPage":{"@id":"https:\/\/www.klaus-janowitz.de\/wordpress\/digitaler-fortschritt-und-seine-aneignung\/#primaryimage"},"image":{"@id":"https:\/\/www.klaus-janowitz.de\/wordpress\/digitaler-fortschritt-und-seine-aneignung\/#primaryimage"},"thumbnailUrl":"https:\/\/www.klaus-janowitz.de\/wordpress\/wp-content\/uploads\/2025\/06\/rizki-ardia-4kTvZnkJW7M-unsplash-300x300.jpg","datePublished":"2026-03-16T05:23:10+00:00","dateModified":"2026-03-27T14:33:49+00:00","author":{"@id":"https:\/\/www.klaus-janowitz.de\/wordpress\/#\/schema\/person\/010eda704157cb8ce4370bfd0376c858"},"description":"Digitaler Fortschritt wandelt sich vom emanzipatorischen Metanarrativ zum Instrument nationaler Machtpolitik: Infrastruktur, Datenakkumulation und KI verschieben Souver\u00e4nit\u00e4t in die H\u00e4nde weniger Tech\u2011Akteure. Am Beispiel von American Dynamism zeigt der Text, wie sich Digitaler Fortschritt zu einem machtpolitischen Projekt im Dienste nationaler Interessen verengt.","breadcrumb":{"@id":"https:\/\/www.klaus-janowitz.de\/wordpress\/digitaler-fortschritt-und-seine-aneignung\/#breadcrumb"},"inLanguage":"de","potentialAction":[{"@type":"ReadAction","target":["https:\/\/www.klaus-janowitz.de\/wordpress\/digitaler-fortschritt-und-seine-aneignung\/"]}]},{"@type":"ImageObject","inLanguage":"de","@id":"https:\/\/www.klaus-janowitz.de\/wordpress\/digitaler-fortschritt-und-seine-aneignung\/#primaryimage","url":"https:\/\/i0.wp.com\/www.klaus-janowitz.de\/wordpress\/wp-content\/uploads\/2025\/06\/rizki-ardia-4kTvZnkJW7M-unsplash-scaled.jpg?fit=2560%2C2560&ssl=1","contentUrl":"https:\/\/i0.wp.com\/www.klaus-janowitz.de\/wordpress\/wp-content\/uploads\/2025\/06\/rizki-ardia-4kTvZnkJW7M-unsplash-scaled.jpg?fit=2560%2C2560&ssl=1","width":2560,"height":2560},{"@type":"BreadcrumbList","@id":"https:\/\/www.klaus-janowitz.de\/wordpress\/digitaler-fortschritt-und-seine-aneignung\/#breadcrumb","itemListElement":[{"@type":"ListItem","position":1,"name":"Startseite","item":"https:\/\/www.klaus-janowitz.de\/wordpress\/"},{"@type":"ListItem","position":2,"name":"Digitaler Fortschritt und seine Aneignung"}]},{"@type":"WebSite","@id":"https:\/\/www.klaus-janowitz.de\/wordpress\/#website","url":"https:\/\/www.klaus-janowitz.de\/wordpress\/","name":"Netnographie &amp; Digitaler Wandel","description":"Blog rund um die Themen Netnographie, Online-Kultur und Digitalen Wandel","potentialAction":[{"@type":"SearchAction","target":{"@type":"EntryPoint","urlTemplate":"https:\/\/www.klaus-janowitz.de\/wordpress\/?s={search_term_string}"},"query-input":{"@type":"PropertyValueSpecification","valueRequired":true,"valueName":"search_term_string"}}],"inLanguage":"de"},{"@type":"Person","@id":"https:\/\/www.klaus-janowitz.de\/wordpress\/#\/schema\/person\/010eda704157cb8ce4370bfd0376c858","name":"KlausMJan","image":{"@type":"ImageObject","inLanguage":"de","@id":"https:\/\/secure.gravatar.com\/avatar\/94d3059bf264a4da1fe44d92721e645980d64122c3365532a3b1517b78db5093?s=96&r=g","url":"https:\/\/secure.gravatar.com\/avatar\/94d3059bf264a4da1fe44d92721e645980d64122c3365532a3b1517b78db5093?s=96&r=g","contentUrl":"https:\/\/secure.gravatar.com\/avatar\/94d3059bf264a4da1fe44d92721e645980d64122c3365532a3b1517b78db5093?s=96&r=g","caption":"KlausMJan"},"sameAs":["http:\/\/www.netnographie.eu\/wordpress"],"url":"https:\/\/www.klaus-janowitz.de\/wordpress\/author\/klausmjan\/"}]}},"jetpack_publicize_connections":[],"jetpack_featured_media_url":"","jetpack_sharing_enabled":true,"jetpack_shortlink":"https:\/\/wp.me\/p15Wn2-mWi","jetpack_likes_enabled":true,"jetpack-related-posts":[{"id":86709,"url":"https:\/\/www.klaus-janowitz.de\/wordpress\/who-is-building-a-brain-for-the-world\/","url_meta":{"origin":88182,"position":0},"title":"Who is building a brain for the world?","author":"KlausMJan","date":"23. Juni 2025","format":false,"excerpt":"Sam Altman,\u00a0 der CEO von Open AI, hat einen programmatischen Text mit dem Titel The Gentle Singularity\u00a0 online gestellt. Kurz darauf gab er seinem Bruder Jack Altman ein Videointerview: The Future of AI.\u00a0 Wenn der CEO eines BigTech- Unternehmens, wie Open AI, seine Zukunftsvisionen teilt, kann man davon ausgehen, dass\u2026","rel":"","context":"In &quot;Allgemein&quot;","block_context":{"text":"Allgemein","link":"https:\/\/www.klaus-janowitz.de\/wordpress\/category\/allgemein\/"},"img":{"alt_text":"","src":"https:\/\/i0.wp.com\/www.klaus-janowitz.de\/wordpress\/wp-content\/uploads\/2025\/06\/Sam_Altman-255x300.jpg?resize=350%2C200&ssl=1","width":350,"height":200},"classes":[]},{"id":84336,"url":"https:\/\/www.klaus-janowitz.de\/wordpress\/the-internet-con-enshittification-is-coming\/","url_meta":{"origin":88182,"position":1},"title":"The Internet Con &#8211; Enshittification is coming","author":"KlausMJan","date":"14. M\u00e4rz 2024","format":false,"excerpt":"This is a book for people who want to destroy BIG TECH - nicht eines, um BigTech zu z\u00e4hmen, so\u00a0 beginnt The Internet Con\u00a0- how to seize the means of computation. Cory Doctorow ist Science Fiction Autor, Tech- Journalist und sozialer Aktivist. Der\u00a0 Duktus der ersten S\u00e4tze setzt sich genauso\u2026","rel":"","context":"In &quot;Allgemein&quot;","block_context":{"text":"Allgemein","link":"https:\/\/www.klaus-janowitz.de\/wordpress\/category\/allgemein\/"},"img":{"alt_text":"","src":"https:\/\/i0.wp.com\/www.klaus-janowitz.de\/wordpress\/wp-content\/uploads\/2024\/03\/The_Internet-Con-204x300.jpg?resize=350%2C200&ssl=1","width":350,"height":200},"classes":[]},{"id":83965,"url":"https:\/\/www.klaus-janowitz.de\/wordpress\/power-and-progress-big-tech-is-bad-big-a-i-will-be-worse\/","url_meta":{"origin":88182,"position":2},"title":"Power and Progress &#8211; Big Tech Is Bad. Will Big A.I. Be Worse?","author":"KlausMJan","date":"5. Dezember 2023","format":false,"excerpt":"Die \u00a0FAZ am Sonntag (28.06.23) schlug es als Wirtschaftsbuch des Jahres 2023 vor: Power and Progress. Our Thousand- Year Struggle over Technology and Prosperity - seit 9\/23 unter dem Titel Macht und Fortschritt auch auf Deutsch. Es geht um das - im Laufe des letzten Jahrtausends - immer wiederkehrende Thema,\u2026","rel":"","context":"In &quot;Allgemein&quot;","block_context":{"text":"Allgemein","link":"https:\/\/www.klaus-janowitz.de\/wordpress\/category\/allgemein\/"},"img":{"alt_text":"","src":"https:\/\/i0.wp.com\/www.klaus-janowitz.de\/wordpress\/wp-content\/uploads\/2023\/10\/PowerProgress-186x300.jpg?resize=350%2C200&ssl=1","width":350,"height":200},"classes":[]},{"id":86136,"url":"https:\/\/www.klaus-janowitz.de\/wordpress\/absolute-disruption-zwischen-machtergreifung-und-freak-show\/","url_meta":{"origin":88182,"position":3},"title":"Absolute Disruption: Zwischen Machtergreifung und Freak-Show","author":"KlausMJan","date":"25. Februar 2025","format":false,"excerpt":"Was derzeit in den USA geschieht, hat historische Dimensionen. Nennt man es Machtergreifung - oder ist es eine Freak- Show\u00a0die vorbeizieht? Die Br\u00fcche sind da. Im Inneren der Beginn der deconstruction of the administrative state (Steve Bannon) - nach dem Muster von Hugo Ch\u00e1vez (Venezuela) oder Viktor Orb\u00e1n (Ungarn). Regimewechsel\u2026","rel":"","context":"In &quot;Allgemein&quot;","block_context":{"text":"Allgemein","link":"https:\/\/www.klaus-janowitz.de\/wordpress\/category\/allgemein\/"},"img":{"alt_text":"","src":"https:\/\/i0.wp.com\/www.klaus-janowitz.de\/wordpress\/wp-content\/uploads\/2025\/02\/MuskMillei-267x300.jpg?resize=350%2C200&ssl=1","width":350,"height":200},"classes":[]},{"id":85024,"url":"https:\/\/www.klaus-janowitz.de\/wordpress\/ki-im-zweiten-jahr-des-hype-bigtech-wird-zu-bigai\/","url_meta":{"origin":88182,"position":4},"title":"KI im zweiten Jahr des Hype &#8211; BigTech wird zu BigAI","author":"KlausMJan","date":"22. August 2024","format":false,"excerpt":"Auch Technologien brauchen eine Geschichte, um verstanden zu werden, oder zumindest um eine Erwartung an sie aufzubauen.\u00a0 Und es ist ein l\u00e4nger w\u00e4hrender Prozess, bis sie zum Teil unserer Zivilisation werden. Das Internet wurde als\u00a0 Beginn einer neuen Medienepoche der Menschheitsgeschichte* begr\u00fcsst - und war mit einer Aufbruchsstimmung zu einer\u2026","rel":"","context":"In &quot;Allgemein&quot;","block_context":{"text":"Allgemein","link":"https:\/\/www.klaus-janowitz.de\/wordpress\/category\/allgemein\/"},"img":{"alt_text":"","src":"https:\/\/i0.wp.com\/www.klaus-janowitz.de\/wordpress\/wp-content\/uploads\/2024\/07\/CHatGPT_SElbstportrait-300x300.jpg?resize=350%2C200&ssl=1","width":350,"height":200},"classes":[]},{"id":85675,"url":"https:\/\/www.klaus-janowitz.de\/wordpress\/demokratiedaemmerung-der-winter-der-oligarchen\/","url_meta":{"origin":88182,"position":5},"title":"Demokratied\u00e4mmerung? &#8211; Der Winter der Oligarchen","author":"KlausMJan","date":"7. Januar 2025","format":false,"excerpt":"Blickt man\u00a0 auf das Jahr 2024 zur\u00fcck, bleibt man an einem Datum h\u00e4ngen: dem 6. November - der Tag der zweiten Trumpwahl: Am Morgen wurde die Wahl best\u00e4tigt, am Abend flog die Ampel auseinander - zwei Einschnitte an einem Tag. Die zweite Trumpwahl war kein Unfall mehr. Trump, der l\u00e4cherliche\u2026","rel":"","context":"In &quot;Allgemein&quot;","block_context":{"text":"Allgemein","link":"https:\/\/www.klaus-janowitz.de\/wordpress\/category\/allgemein\/"},"img":{"alt_text":"","src":"https:\/\/i0.wp.com\/www.klaus-janowitz.de\/wordpress\/wp-content\/uploads\/2024\/12\/Musk_AfD-300x141.jpg?resize=350%2C200&ssl=1","width":350,"height":200},"classes":[]}],"_links":{"self":[{"href":"https:\/\/www.klaus-janowitz.de\/wordpress\/wp-json\/wp\/v2\/posts\/88182","targetHints":{"allow":["GET"]}}],"collection":[{"href":"https:\/\/www.klaus-janowitz.de\/wordpress\/wp-json\/wp\/v2\/posts"}],"about":[{"href":"https:\/\/www.klaus-janowitz.de\/wordpress\/wp-json\/wp\/v2\/types\/post"}],"author":[{"embeddable":true,"href":"https:\/\/www.klaus-janowitz.de\/wordpress\/wp-json\/wp\/v2\/users\/1"}],"replies":[{"embeddable":true,"href":"https:\/\/www.klaus-janowitz.de\/wordpress\/wp-json\/wp\/v2\/comments?post=88182"}],"version-history":[{"count":76,"href":"https:\/\/www.klaus-janowitz.de\/wordpress\/wp-json\/wp\/v2\/posts\/88182\/revisions"}],"predecessor-version":[{"id":88265,"href":"https:\/\/www.klaus-janowitz.de\/wordpress\/wp-json\/wp\/v2\/posts\/88182\/revisions\/88265"}],"wp:attachment":[{"href":"https:\/\/www.klaus-janowitz.de\/wordpress\/wp-json\/wp\/v2\/media?parent=88182"}],"wp:term":[{"taxonomy":"category","embeddable":true,"href":"https:\/\/www.klaus-janowitz.de\/wordpress\/wp-json\/wp\/v2\/categories?post=88182"},{"taxonomy":"post_tag","embeddable":true,"href":"https:\/\/www.klaus-janowitz.de\/wordpress\/wp-json\/wp\/v2\/tags?post=88182"}],"curies":[{"name":"wp","href":"https:\/\/api.w.org\/{rel}","templated":true}]}}