{"id":87623,"date":"2025-12-12T14:07:21","date_gmt":"2025-12-12T13:07:21","guid":{"rendered":"https:\/\/www.klaus-janowitz.de\/wordpress\/?p=87623"},"modified":"2025-12-12T22:01:50","modified_gmt":"2025-12-12T21:01:50","slug":"sprachmaschinen-eine-philosophie-der-kuenstlichen-intelligenz-rez","status":"publish","type":"post","link":"https:\/\/www.klaus-janowitz.de\/wordpress\/sprachmaschinen-eine-philosophie-der-kuenstlichen-intelligenz-rez\/","title":{"rendered":"Sprachmaschinen &#8211; eine Philosophie der k\u00fcnstlichen Intelligenz &#8211; (Rez.)"},"content":{"rendered":"<p><a href=\"https:\/\/i0.wp.com\/www.klaus-janowitz.de\/wordpress\/wp-content\/uploads\/2025\/12\/Sprachmaschinen.jpg?ssl=1\"><img data-recalc-dims=\"1\" fetchpriority=\"high\" decoding=\"async\" class=\"alignright wp-image-87624\" src=\"https:\/\/i0.wp.com\/www.klaus-janowitz.de\/wordpress\/wp-content\/uploads\/2025\/12\/Sprachmaschinen.jpg?resize=240%2C411&#038;ssl=1\" alt=\"\" width=\"240\" height=\"411\" srcset=\"https:\/\/i0.wp.com\/www.klaus-janowitz.de\/wordpress\/wp-content\/uploads\/2025\/12\/Sprachmaschinen.jpg?resize=175%2C300&amp;ssl=1 175w, https:\/\/i0.wp.com\/www.klaus-janowitz.de\/wordpress\/wp-content\/uploads\/2025\/12\/Sprachmaschinen.jpg?resize=598%2C1024&amp;ssl=1 598w, https:\/\/i0.wp.com\/www.klaus-janowitz.de\/wordpress\/wp-content\/uploads\/2025\/12\/Sprachmaschinen.jpg?resize=768%2C1315&amp;ssl=1 768w, https:\/\/i0.wp.com\/www.klaus-janowitz.de\/wordpress\/wp-content\/uploads\/2025\/12\/Sprachmaschinen.jpg?resize=897%2C1536&amp;ssl=1 897w, https:\/\/i0.wp.com\/www.klaus-janowitz.de\/wordpress\/wp-content\/uploads\/2025\/12\/Sprachmaschinen.jpg?resize=1196%2C2048&amp;ssl=1 1196w, https:\/\/i0.wp.com\/www.klaus-janowitz.de\/wordpress\/wp-content\/uploads\/2025\/12\/Sprachmaschinen.jpg?w=1398&amp;ssl=1 1398w, https:\/\/i0.wp.com\/www.klaus-janowitz.de\/wordpress\/wp-content\/uploads\/2025\/12\/Sprachmaschinen.jpg?w=1050&amp;ssl=1 1050w\" sizes=\"(max-width: 240px) 100vw, 240px\" \/><\/a><\/p>\n<p style=\"text-align: justify;\"><em>Jede Technik hat die Macht, ihren ahnungslosen Nutzern die eigene Logik aufzudr\u00e4ngen \u2013 <\/em>so beginnt es im Klappentext.\u00a0 Zitierf\u00e4hige S\u00e4tze und wirkungsvolle Sprachbilder gibt es zuhauf in\u00a0\u00a0<em><strong>Sprachmaschinen<\/strong><\/em>\u00a0\u2013\u00a0<em>eine Philosophie der k\u00fcnstlichen Intelligenz<\/em>\u00a0von\u00a0<em><strong>Roberto Simanowski<\/strong><\/em>.<br \/>\nDrei Jahre seit der Verbreitung von generativer KI tritt die Frage nach ihrer\u00a0<em>Wirkung<\/em>\u00a0auf unser Denken in den Vordergrund.\u00a0<em>Large Language Models<\/em> wie ChatGPT, Claude, Gemini sind nicht mehr Zukunftstechnologie, sie durchdringen inzwischen die kognitiv-kreativen Bereiche unseres Alltags.<br \/>\n<em>Roberto Simanowski<\/em>\u00a0ist Literatur- und Medienwissenschaftler,\u00a0<em>Medienphilosoph\u00a0<\/em>und<em> Autor (<span style=\"font-size: small; line-height: 2px;\"><a href=\"https:\/\/www.passagen.at\/gesamtverzeichnis\/bestseller\/todesalgorithmus-2\/\" target=\"_blank\" rel=\"noopener\">Todesalgorithmus. Das Dilemma der k\u00fcnstlichen Intelligenz<\/a>, 2020). <\/span><\/em>Bereits 1999 war er Gr\u00fcnder von\u00a0<em>Dichtung-Digital,\u00a0<\/em>einem internationalen Online-Journal f\u00fcr Kunst und Kultur. Mit der digitalen Entwicklung und ihrer gesellschaftlichen und kulturellen Wirkung ist er somit bestens vertraut.<br \/>\nSimanowski analysiert einen allt\u00e4glichen\u00a0<em>Souver\u00e4nit\u00e4tstransfer zwischen Mensch und Maschine<\/em>\u00a0(17). Nach welchen Standards geschieht das? Was geht durch die Automatisierung verloren? Von \u2018KI\u2019 spricht er selten; sein zentraler Begriff, die\u00a0<em>Sprachmaschine<\/em>, ist bewusst gew\u00e4hlt. Der Begriff markiert eine\u00a0<em>Algorithmisierung der Kommunikation<\/em>.<\/p>\n<p style=\"text-align: justify;\">Welche Art von Medium ist die\u00a0<em>Sprachmaschine<\/em>? Simanowski beschreibt sie als\u00a0<em>eine globale Technologie, die als riesiger Umschlagplatz von Werten fungiert<\/em>\u00a0(156). Damit verbunden ist eine zentrale Konfliktfrage der Globalisierung: Gleicht diese Technologie die Kulturen einander an, indem sie allen die gleichen Werte vermittelt, oder gleicht sie sich selbst den jeweiligen Kulturen an?<br \/>\nIhre Funktion ist die eines\u00a0<em>Intermedi\u00e4rs<\/em>: Sie verbindet den Nutzer mit einem mit Trainingsdaten gef\u00fcllten Thesaurus, dem gesammelten Wissen und\u00a0 kreativen Leistungen der Welt,\u00a0 der alles enth\u00e4lt, was sie kriegen kann. Die Maschine zitiert nicht daraus, sondern arbeitet damit. Sie \u00fcbersetzt Daten in nat\u00fcrliche Sprache, vermittelt zwischen Anfrage und generierter Ausgabe. Dabei produziert sie das, was statistisch am anschlussf\u00e4higsten erscheint.<\/p>\n<p style=\"text-align: justify;\">Das gro\u00dfe Versprechen der KI-Revolution ist die <em><strong>Automatisierung kognitiver und kreativer Prozesse<\/strong><\/em> \u2013 auf der Basis von Big Data und auf Bezahlbasis. Simanowski beschreibt die Nutzerlogik: Sie kaufen die Kompetenz, die sie nicht haben und auch nie so effektiv entwickeln k\u00f6nnten, wie es die Sprachmaschine tut (vgl. S. 58).<\/p>\n<p style=\"text-align: justify;\">Die Basis all dessen ist das Training der Sprachmaschine mit m\u00f6glichst vielen verf\u00fcgbaren Daten, ein heftig umstrittenes Thema <span style=\"font-size: small; line-height: 2px;\">(vgl.\u00a0<a href=\"https:\/\/www.klaus-janowitz.de\/wordpress\/der-wert-von-kultur-und-wissensarbeit-im-zeitalter-von-ki\/\" target=\"_blank\" rel=\"noopener\"><em>Der Wert von Kultur- und Wissensarbeit im Zeitalter von KI<\/em><\/a>).\u00a0 <\/span>Simanowskis Haltung dazu ist relativierend, was mich \u00fcberrascht. Er verweist auf <em>transformative Verwendung<\/em> und das <em>Fair-Use-Prinzip<\/em> (S. 57), auf das sich Betreiber beim Training der Modelle berufen k\u00f6nnen. Den Widerstand von Autoren gegen die unentgeltliche Nutzung ihrer Werke, h\u00e4lt er f\u00fcr verst\u00e4ndlich, aber f\u00fcr kontraproduktiv. Ihre Verweigerung senke lediglich die Standards der Sprachmaschinen-Outputs, w\u00e4hrend ihre Mitwirkung die Qualit\u00e4t heben w\u00fcrde (vgl. S. 59).<\/p>\n<p style=\"text-align: justify;\">Simanowskis Argument beruht auf einer Analogie. <em>Wir alle synthetisieren das, was wir geistig aufnehmen, und geben das Ergebnis \u2013 einen Text, ein Bild, einen Song \u2013 in die Welt zur\u00fcck, unter unserem Namen und gegebenenfalls mit Urheberanspruch und finanziellem Interesse<\/em> (S. 57). Wenn wir Texte schreiben, haben wir andere gelesen; wer malt, hat andere Bilder gesehen; wer komponiert, hat andere Musik geh\u00f6rt. Was Menschen daraus machen, f\u00e4llt unterschiedlich aus \u2013 abh\u00e4ngig von Intention und Ambition. Oft bleibt es bei Reproduktion, manchmal entsteht etwas Neues, evtl. sogar Kunst.<\/p>\n<p style=\"text-align: justify;\">L\u00e4sst sich diese Ebene individueller kreativer Synthese mit dem industriellen Ausma\u00df der KI-Konzerne vergleichen? Die Analogie verdeckt mehr, als sie erhellt. Tech-Konzerne privatisieren gratis gesammelte kulturelle Inhalte (Training) und monetarisieren anschlie\u00dfend die Abh\u00e4ngigkeit der Nutzer von den resultierenden Modellen (Bezahlung). Die Infrastruktur der kognitiven Automatisierung wird somit monopolisiert \u2013 ein Vorgang, der mit massiven Machtasymmetrien einhergeht.<\/p>\n<p style=\"text-align: justify;\">Simanowski versteht sein Buch nicht als systematische Abhandlung, sondern als einen explorativen Denkprozess. Er selber nennt es <em>vagabundierendes Denken. <\/em>Es geht um Einsichten, aus denen sich etwas machen l\u00e4sst, sein Antrieb ist intellektuelle Neugier (vgl. S. 43).<br \/>\nDie Sprachmaschine best\u00e4tigt ihn: <em>Diesem Text geht es nicht um Bullet Points, sondern um Denkfiguren &#8211; <\/em>\u00a0so das Urteil von ChatGPT \u00fcber das Buch (S. 43).<br \/>\nDie politische Ebene wird zun\u00e4chst ausgeblendet (vgl. <a href=\"https:\/\/www.profil.at\/kultur\/was-die-maschinen-sprechen-roberto-simanowskis-ki-philosophie\/403093058\" target=\"_blank\" rel=\"noopener\"><em>Profil-Interview, <\/em><\/a><em>Textauszug unten<\/em>). Erst an sp\u00e4terer Stelle (188ff) werden politische Bez\u00fcge weiter ausgef\u00fchrt. Politische\u00a0 Gestaltungsm\u00f6glichkeiten werden nicht weiter behandelt &#8211; und sind wohl auch thematisch nicht vorgesehen. Simanowskis Absicht ist eine Erkundung, keine Agenda. Die Sprachmaschine erscheint so neutraler, als sie ist.<\/p>\n<p style=\"text-align: justify;\">Die Exploration steht im Zeichen von f\u00fcnf Fragen, die sich in den f\u00fcnf Kapiteln des Buches entfalten. Damit entsteht zwar keine Systematik, aber eine Kartierung von Wirkungen der Sprachmaschine:\u00a0 <em>Was \u00e4ndert sich, wenn der Sender des Textes eine Maschine ist ? Was geschieht, wenn Sprache nur noch als Statistik behandelt wird? Wer gibt der Sprachmaschine mit welchem Mandat welche Werte vor? Wie ver\u00e4ndert sich die Souver\u00e4nit\u00e4t des Menschen, wenn er sich einer Sprachmaschine bedient? Warum ist die Entwicklung der Sprachmaschine trotz ihrer Risiken unausweichlich?<\/em> (40)<em><br \/>\nAutorenschaft<\/em>, <em>Rechenfehler<\/em>, <em>Werte-Export<\/em>, <em>Entm\u00fcndigungsschichten<\/em> und <em>Fortschrittsfalle<\/em> sind die Titel der Kapitel und gleichzeitig die Felder der Explorationen. Sie kn\u00fcpfen jeweils an Teildisziplinen der Philosophie an: Sprach-,\u00a0 Erkenntnis-, Moral- und politische Philosophie, Geschichtsphilosophie.<\/p>\n<p style=\"text-align: justify;\">Das Kapitel zur <strong><em>Autorenschaft<\/em><\/strong>\u00a0 &#8211; <em>Wen k\u00fcmmert es, wer aus der Sprachmaschine spricht<\/em>? f\u00fchrt in die sprachphilosophische Tradition. Simanowski reiht die Klassiker auf: Herders <em>Sprache als Abdruck der Seele<\/em>, Heideggers <em>Die Sprache ist das Haus des Seins<\/em>, Wittgensteins <em>Die Grenzen meiner Sprache bedeuten die Grenzen meiner Welt<\/em>. Diese S\u00e4tze sind mehr als blosse Referenzen \u2013 sie markieren eine fundamentale Einsicht. Sprache konstituiert Subjektivit\u00e4t, erschlie\u00dft Welt, begrenzt und erm\u00f6glicht Denken. Wenn Sprache uns pr\u00e4gt und unsere Welt erschlie\u00dft, dann ist die maschinelle Sprache nicht nur ein Werkzeug, sondern ein <em>Hausfriedensbruch<\/em>, <em>der in unser Sein eindringt, um zu bleiben<\/em> (17).\u00a0<em><br \/>\n<\/em>Einen theoretischen Angelpunkt bildet <em><em>Roland Barthes <\/em><\/em>Essay<em><em> Der Tod des Autors (1967), ein<\/em><\/em>\u00a0Schl\u00fcsseltext des Poststrukturalismus und der modernen Literaturtheorie<em><em>.<\/em><\/em>Simanowski fasst ihn so zusammen: <em><em>Der Mensch ist nicht souver\u00e4ner Eigent\u00fcmer seiner \u00c4usserungen. Vielmehr sind diese das Ergebnis der Diskurse, an denen er teilhat. Jeder Autor ist das, was er gelesen hat; er ist nicht die Quelle seiner Worte, sondern eine Art Mixer oder Durchlauferhitzer<\/em> (50).<br \/>\n<\/em>Die Sprachmaschine verschmilzt nicht nur einzelne gelesene Texte, sondern synthetisiert das gesamte verf\u00fcgbare Textkorpus. Generiert sie damit einen Welttext (61) \u2013 eine universale, autorlose,\u00a0 statistisch generierte Erz\u00e4hlung der Menschheit? KI-Texte k\u00f6nnen die perfekten Texte ohne Autor sein, reine statistische Reproduktion.<\/p>\n<p style=\"text-align: justify;\">Das Kapitel <strong><em>Rechenfehler<\/em><\/strong> \u2013 <em>das mathematische Denken der Sprachmaschine<\/em> kn\u00fcpft an die Erkenntnisphilosophie an. Es geht um die Rechenprozesse hinter den Texten \u2013 <em>ihre allm\u00e4hliche Verfertigung beim Rechnen, <\/em>\u00a0um den <em>Vektorraum<\/em>, in dem Token zueinander in Beziehung stehen. Die Anschlusswahrscheinlichkeit l\u00e4sst sich regulieren und damit der Stil <em>temperieren<\/em>. Schliesslich auch um einen drohenden Kipppunkt: Wenn die Sprachmaschine zur <em>Inzest-KI\u00a0<\/em> (101) wird und nur noch solche Daten verarbeitet, die sie selbst bereits produziert hat \u2013 eine Endlosschleife statistischer Selbstreferenz.<\/p>\n<p style=\"text-align: justify;\">Umfangreichstes Kapitel (109-184) ist <em><strong>Werte- Export<\/strong><\/em>\u00a0\u2013\u00a0<em>Die moralische Zweiterziehung der Sprachmaschine,<\/em>\u00a0mit Bezug zur Moralphilosophie. Hier geht es um den oben genannten\u00a0<em>Umschlagplatz von Werten<\/em>, um die politisch-kulturellen Auseinandersetzungen\u00a0 dar\u00fcber, auf welche Wertvorstellungen das Trainingsmaterial der Sprachmaschine\u00a0 ausgerichtet wird.<br \/>\n<em>Export<\/em> verweist auf die Dominanz eines Zentrums, das f\u00fcr universelle Werte steht \u2013 oder eben doch blo\u00df f\u00fcr westliche Werte bzw. ihre Gegenpositionen. Es geht darum, welche sozialen Welten gespiegelt werden sollen \u2013 und wessen Normen als selbstverst\u00e4ndlich gelten. Mit KI verst\u00e4rkt sich die Hegemonie des Globalen Nordens: Technologische Dominanz sichert kulturellen und politischen Einfluss.<br \/>\nWas in den Trainingsdaten der Sprachmaschine vorherrscht, bestimmt\u00a0 ihren Output,\u00a0 und ist\u00a0 das Abbild einer statistischen Realit\u00e4t.<br \/>\nDie<em> moralische Zweiterziehung der Sprachmaschine <\/em>ist derzeit Schauplatz eines politischen Kulturkampfes in den USA \u2013 zwischen <em>Wokeness u<\/em>nd ihren Gegnern<i>. Auseinandersetzungen, die bis an die<\/i> Stellschrauben des Finetunings und Post-Trainings reichen. Welches Alignment ist zul\u00e4ssig? Wie weit darf man den Output in erw\u00fcnschte Richtungen lenken?<br \/>\nEs wird deutlich, dass wenige privatwirtschaftliche Unternehmen zentrale Kommunikationsmittel und Zug\u00e4nge zu Wissen kontrollieren.<\/p>\n<p style=\"text-align: justify;\">In Kapitel <em><strong>Entm\u00fcndigungsgeschichte<\/strong><\/em> &#8211; <em>wenn die Sprachmaschine uns zu sehr zu Diensten ist<\/em> kommen politische und kulturkritische Fragen zum Zuge. KI ist ein zentraler Faktor einer Machtverschiebung zwischen staatlichen und wirtschaftlichen Systemen &#8211; oder besser gesagt, zwischen \u00f6ffentlich kontrollierten und gewinnorientierten Systemen.<br \/>\nAngesprochen werden die Gefahr von Oligarchien, aber auch der Erosion von menschlicher Urteilskraft und intellektuellen Autonomie durch die Auslagerung kognitiver Erfahrung: <em>Das Gehirn bleibt immer mehr hinter dem zur\u00fcck, was es ohne Sprachmaschinen leisten k\u00f6nnte<\/em>(210) -Schliesslich auch das Wohlverhalten der K: Warum ist sie immer so nett?<\/p>\n<p style=\"text-align: justify;\">Im letzten Kapitel <strong><em>Fortschrittsfalle<\/em><\/strong> geht es um die Unausweichlichkeit der Sprachmaschine, um eine Eigendynamik, der man sich kaum entziehen kann. K\u00fcnstliche Intelligenz ist gleichzeitig Triumph und Kr\u00e4nkung menschlicher Sch\u00f6pfungskraft\u00a0 <em style=\"text-align: justify; font-size: 1rem;\">Technology happens because it is possible &#8211; <\/em><span style=\"text-align: justify; font-size: 1rem;\">einverstanden &#8211; aber wem geh\u00f6rt sie?\u00a0<\/span><\/p>\n<figure id=\"attachment_87653\" aria-describedby=\"caption-attachment-87653\" style=\"width: 229px\" class=\"wp-caption alignright\"><a href=\"https:\/\/i0.wp.com\/www.klaus-janowitz.de\/wordpress\/wp-content\/uploads\/2025\/12\/planet-volumes-QgSBNqdUzc0-unsplash-scaled.jpg?ssl=1\" target=\"_blank\" rel=\"noopener\"><img data-recalc-dims=\"1\" decoding=\"async\" class=\"wp-image-87653\" src=\"https:\/\/i0.wp.com\/www.klaus-janowitz.de\/wordpress\/wp-content\/uploads\/2025\/12\/planet-volumes-QgSBNqdUzc0-unsplash.jpg?resize=229%2C274&#038;ssl=1\" alt=\"\" width=\"229\" height=\"274\" srcset=\"https:\/\/i0.wp.com\/www.klaus-janowitz.de\/wordpress\/wp-content\/uploads\/2025\/12\/planet-volumes-QgSBNqdUzc0-unsplash-scaled.jpg?resize=251%2C300&amp;ssl=1 251w, https:\/\/i0.wp.com\/www.klaus-janowitz.de\/wordpress\/wp-content\/uploads\/2025\/12\/planet-volumes-QgSBNqdUzc0-unsplash-scaled.jpg?w=1050&amp;ssl=1 1050w, https:\/\/i0.wp.com\/www.klaus-janowitz.de\/wordpress\/wp-content\/uploads\/2025\/12\/planet-volumes-QgSBNqdUzc0-unsplash-scaled.jpg?w=1575&amp;ssl=1 1575w\" sizes=\"(max-width: 229px) 100vw, 229px\" \/><\/a><figcaption id=\"caption-attachment-87653\" class=\"wp-caption-text\">Das Fazit des Autors: Wir brauchen Philosophische Medienkompetenz &#8211; Bild: unsplash+<\/figcaption><\/figure>\n<p style=\"text-align: justify;\">Simanowskis Fazit zum Abschluss ist die Forderung nach einer spezifischen KI-Kompetenz (261ff), einer\u00a0 <strong><em>Philosophischen Medienkompetenz<\/em><\/strong>, Eine Kompetenz, die \u00fcber die\u00a0 Nutzungskompetenz hinausgeht. Es muss eine Medien<em><strong>r<\/strong><strong>eflexions<\/strong>&#8211;<\/em>kompetenz sein, die es dem Nutzer erm\u00f6glicht, die Logik der Technik zu erkennen und f\u00fcr sich zu nutzen, und sich nicht von ihr beherrschen zu lassen.<br \/>\nAn anderer Stelle nennt er KI als m\u00f6glichen Ausl\u00f6ser eines neuen Digital Divide, als digitale Kluft \u2013 <em>f\u00fcr die einen f\u00fchrt der Umgang mit ihr zur Verbl\u00f6dung, f\u00fcr die anderen wird es produktiv<\/em>.<\/p>\n<p style=\"text-align: justify;\">Das Buch h\u00e4lt das, was der Autor ank\u00fcndigt &#8211; eine Exploration entlang von\u00a0 Fragen. Er nennt es selber <em>vagabundierendes Denken. <\/em>\u00a0Mit den Fragen entsteht dann eben doch eine Art Systematik, zumindest Kartierung\u00a0 der Wirkungen. So leistet das Buch einen wesentlichen Beitrag zur aktuellen Debatte.<br \/>\nDie Frage, ob KI\u00a0 demokratische und professionelle F\u00e4higkeiten st\u00e4rkt oder untergr\u00e4bt, treibt nicht nur Simanowski um. Seine Beobachtung einer erodierenden Souver\u00e4nit\u00e4t, sogar kognitiven Verlusten, und der Monopolisierung von Wissenszug\u00e4ngen findet sich in vielen zeitgen\u00f6ssischen Beobachtungen wieder. Ein aktueller <a href=\"https:\/\/www.linkedin.com\/pulse\/ko-evolution-von-mensch-und-ki-klaus-burmeister-dexmf\/?trackingId=pfmyvDJ9e7UrEeivI6HWhA%3D%3D\" target=\"_blank\" rel=\"noopener\">Essay des Zukunftsforschers Klaus Burmeister<\/a> beschreibt dies als <em>Selbstversuch zwischen kognitiver Bereicherung und stillem Verlust<\/em>. Burmeisters Perspektive erg\u00e4nzt Simanowskis philosophische Grundlegung \u2013 zeigt, dass diese Debatte weiter gef\u00fchrt wird.<\/p>\n<p style=\"text-align: justify;\">Die teilweise Ausblendung der politischen Ebene hat mich zun\u00e4chst irritiert. Die Diskussionen der vergangenen Monate waren von genau dieser Frage gepr\u00e4gt: den Effekten der Technologie selbst und den Machtstrukturen, die sie hervorbringt. Hier zeigen sich Parallelen zur Entwicklung der sozialen Medien: technische Innovation einerseits, oligarchische Infrastruktur andererseits. Dass Simanowski diese Ebene erst sp\u00e4t und knapp einbezieht, habe ich als Leerstelle empfunden. Sie erkl\u00e4rt sich aus seiner Absicht der Erkundung, nicht des Agenda-Setting \u2013 bleibt aber ein Thema, das in der \u00f6ffentlichen Debatte weitergef\u00fchrt werden muss.<\/p>\n<p><span style=\"font-size: small; line-height: 2px;\"><strong>Roberto Simanowsk<\/strong>i: <strong>\u00a0<\/strong> Sprachmaschinen &#8211; <em>eine Philosophie der k\u00fcnstlichen Intelligen<\/em> . C.H. Beck 2025,\u00a0 288 S.\u00a0 . <strong>Klaus Burmeister: .<\/strong>Ein Selbstversuch zwischen kognitiver Bereicherung und stillem Verlust. <a href=\"https:\/\/www.linkedin.com\/pulse\/ko-evolution-von-mensch-und-ki-klaus-burmeister-dexmf\/?trackingId=pfmyvDJ9e7UrEeivI6HWhA%3D%3D\" target=\"_blank\" rel=\"noopener\">LinkedIn 25.11.2025<\/a>.<br \/>\n<\/span><\/p>\n<p><span style=\"font-size: small; line-height: 2px;\">zu *: In einem Interview mit der \u00f6sterreichischen Zeitschrift Profil erkl\u00e4rt Simanowski: &#8216;Wir k\u00f6nnen die Profitgier der Plattformen und Unternehmen gei\u00dfeln und aufdecken. Das hat mich aber weniger interessiert, denn auch dahinter steckt eine gewisse Logik, der diese Konzerne selbst nicht entkommen.&#8217; Die Alternative w\u00e4re, &#8216;das marktwirtschaftliche System in Frage zu stellen&#8217; \u2013 doch die sei &#8216;vor 35 Jahren weggebrochen&#8217;. aus: Was die Maschinen sprechen: Roberto Simanowskis KI-Philosophie In:\u00a0 <a href=\"https:\/\/www.profil.at\/kultur\/was-die-maschinen-sprechen-roberto-simanowskis-ki-philosophie\/403093058\" target=\"_blank\" rel=\"noopener\">Profil Nr 45\/2025<\/a><br \/>\n<\/span><\/p>\n<h1 class=\"style-scope ytd-watch-metadata\"><\/h1>\n<p><span style=\"font-size: small; line-height: 2px;\"><em>\u00a0<\/em><\/span><\/p>\n<p><!-- Matomo --><br \/>\n<script type=\"text\/javascript\">\n  var _paq = window._paq || [];\n  \/* tracker methods like \"setCustomDimension\" should be called before \"trackPageView\" *\/\n  _paq.push(['trackPageView']); \n  _paq.push(['enableLinkTracking']);\n  (function() {\n    var u=\"\/\/www.klaus-janowitz.de\/piwik\/\";\n    _paq.push(['setTrackerUrl', u+'matomo.php']);\n    _paq.push(['setSiteId', '1']);\n    var d=document, g=d.createElement('script'), s=d.getElementsByTagName('script')[0];\n    g.type='text\/javascript'; g.async=true; g.defer=true; g.src=u+'matomo.js'; s.parentNode.insertBefore(g,s);\n  })();\n<\/script><br \/>\n<!-- End Matomo Code --><\/p>\n","protected":false},"excerpt":{"rendered":"<p>Jede Technik hat die Macht, ihren ahnungslosen Nutzern die eigene Logik aufzudr\u00e4ngen \u2013 so beginnt es im Klappentext.\u00a0 Zitierf\u00e4hige S\u00e4tze und wirkungsvolle Sprachbilder gibt es zuhauf in\u00a0\u00a0Sprachmaschinen\u00a0\u2013\u00a0eine Philosophie der k\u00fcnstlichen Intelligenz\u00a0von\u00a0Roberto Simanowski. Drei Jahre seit der Verbreitung von generativer KI tritt die Frage nach ihrer\u00a0Wirkung\u00a0auf unser Denken in den Vordergrund.\u00a0Large Language Models wie ChatGPT, Claude, &hellip; <\/p>\n<p class=\"link-more\"><a href=\"https:\/\/www.klaus-janowitz.de\/wordpress\/sprachmaschinen-eine-philosophie-der-kuenstlichen-intelligenz-rez\/\" class=\"more-link\"><span class=\"screen-reader-text\">\u201eSprachmaschinen &#8211; eine Philosophie der k\u00fcnstlichen Intelligenz &#8211; (Rez.)\u201c <\/span>weiterlesen<\/a><\/p>\n","protected":false},"author":1,"featured_media":0,"comment_status":"open","ping_status":"open","sticky":false,"template":"","format":"standard","meta":{"jetpack_post_was_ever_published":false,"_jetpack_newsletter_access":"","_jetpack_dont_email_post_to_subs":false,"_jetpack_newsletter_tier_id":0,"_jetpack_memberships_contains_paywalled_content":false,"_jetpack_memberships_contains_paid_content":false,"activitypub_content_warning":"","activitypub_content_visibility":"","activitypub_max_image_attachments":4,"activitypub_interaction_policy_quote":"","activitypub_status":"","footnotes":"","jetpack_publicize_message":"","jetpack_publicize_feature_enabled":true,"jetpack_social_post_already_shared":true,"jetpack_social_options":{"image_generator_settings":{"template":"highway","default_image_id":0,"font":"","enabled":false},"version":2}},"categories":[1,15,170,67],"tags":[117,115,61],"class_list":["post-87623","post","type-post","status-publish","format-standard","hentry","category-allgemein","category-feuilleton","category-ki","category-rezensionen","tag-digitale-zivilisation","tag-ki","tag-rezension"],"yoast_head":"<!-- This site is optimized with the Yoast SEO plugin v27.4 - https:\/\/yoast.com\/product\/yoast-seo-wordpress\/ -->\n<title>Sprachmaschinen - eine Philosophie der k\u00fcnstlichen Intelligenz - (Rez.) - Netnographie &amp; Digitaler Wandel<\/title>\n<meta name=\"description\" content=\"Roberto Simanowski entwirft in &quot;Sprachmaschinen&quot; eine Philosophie der k\u00fcnstlichen Intelligenz (KI). Seine Analyse f\u00fchrt vom &quot;vagabundierenden Denken&quot; zu einer Kartierung der Wirkung auf Autorschaft, kognitive Souver\u00e4nit\u00e4t und demokratische F\u00e4higkeiten. Das Werk ist essenziell f\u00fcr das Verst\u00e4ndnis der aufgedr\u00e4ngten Logik von ChatGPT, Claude und Gemini.\" \/>\n<meta name=\"robots\" content=\"index, follow, max-snippet:-1, max-image-preview:large, max-video-preview:-1\" \/>\n<link rel=\"canonical\" href=\"https:\/\/www.klaus-janowitz.de\/wordpress\/sprachmaschinen-eine-philosophie-der-kuenstlichen-intelligenz-rez\/\" \/>\n<meta property=\"og:locale\" content=\"de_DE\" \/>\n<meta property=\"og:type\" content=\"article\" \/>\n<meta property=\"og:title\" content=\"Sprachmaschinen - eine Philosophie der k\u00fcnstlichen Intelligenz - (Rez.) - Netnographie &amp; Digitaler Wandel\" \/>\n<meta property=\"og:description\" content=\"Roberto Simanowski entwirft in &quot;Sprachmaschinen&quot; eine Philosophie der k\u00fcnstlichen Intelligenz (KI). Seine Analyse f\u00fchrt vom &quot;vagabundierenden Denken&quot; zu einer Kartierung der Wirkung auf Autorschaft, kognitive Souver\u00e4nit\u00e4t und demokratische F\u00e4higkeiten. Das Werk ist essenziell f\u00fcr das Verst\u00e4ndnis der aufgedr\u00e4ngten Logik von ChatGPT, Claude und Gemini.\" \/>\n<meta property=\"og:url\" content=\"https:\/\/www.klaus-janowitz.de\/wordpress\/sprachmaschinen-eine-philosophie-der-kuenstlichen-intelligenz-rez\/\" \/>\n<meta property=\"og:site_name\" content=\"Netnographie &amp; Digitaler Wandel\" \/>\n<meta property=\"article:published_time\" content=\"2025-12-12T13:07:21+00:00\" \/>\n<meta property=\"article:modified_time\" content=\"2025-12-12T21:01:50+00:00\" \/>\n<meta property=\"og:image\" content=\"https:\/\/www.klaus-janowitz.de\/wordpress\/wp-content\/uploads\/2025\/12\/Sprachmaschinen-175x300.jpg\" \/>\n<meta name=\"author\" content=\"KlausMJan\" \/>\n<meta name=\"twitter:card\" content=\"summary_large_image\" \/>\n<meta name=\"twitter:label1\" content=\"Verfasst von\" \/>\n\t<meta name=\"twitter:data1\" content=\"KlausMJan\" \/>\n\t<meta name=\"twitter:label2\" content=\"Gesch\u00e4tzte Lesezeit\" \/>\n\t<meta name=\"twitter:data2\" content=\"11\u00a0Minuten\" \/>\n<script type=\"application\/ld+json\" class=\"yoast-schema-graph\">{\"@context\":\"https:\\\/\\\/schema.org\",\"@graph\":[{\"@type\":\"Article\",\"@id\":\"https:\\\/\\\/www.klaus-janowitz.de\\\/wordpress\\\/sprachmaschinen-eine-philosophie-der-kuenstlichen-intelligenz-rez\\\/#article\",\"isPartOf\":{\"@id\":\"https:\\\/\\\/www.klaus-janowitz.de\\\/wordpress\\\/sprachmaschinen-eine-philosophie-der-kuenstlichen-intelligenz-rez\\\/\"},\"author\":{\"name\":\"KlausMJan\",\"@id\":\"https:\\\/\\\/www.klaus-janowitz.de\\\/wordpress\\\/#\\\/schema\\\/person\\\/010eda704157cb8ce4370bfd0376c858\"},\"headline\":\"Sprachmaschinen &#8211; eine Philosophie der k\u00fcnstlichen Intelligenz &#8211; (Rez.)\",\"datePublished\":\"2025-12-12T13:07:21+00:00\",\"dateModified\":\"2025-12-12T21:01:50+00:00\",\"mainEntityOfPage\":{\"@id\":\"https:\\\/\\\/www.klaus-janowitz.de\\\/wordpress\\\/sprachmaschinen-eine-philosophie-der-kuenstlichen-intelligenz-rez\\\/\"},\"wordCount\":1849,\"commentCount\":1,\"image\":{\"@id\":\"https:\\\/\\\/www.klaus-janowitz.de\\\/wordpress\\\/sprachmaschinen-eine-philosophie-der-kuenstlichen-intelligenz-rez\\\/#primaryimage\"},\"thumbnailUrl\":\"https:\\\/\\\/www.klaus-janowitz.de\\\/wordpress\\\/wp-content\\\/uploads\\\/2025\\\/12\\\/Sprachmaschinen-175x300.jpg\",\"keywords\":[\"Digitale Zivilisation\",\"KI\",\"Rezension\"],\"articleSection\":{\"1\":\"Feuilleton\",\"2\":\"KI\",\"3\":\"Rezensionen\"},\"inLanguage\":\"de\",\"potentialAction\":[{\"@type\":\"CommentAction\",\"name\":\"Comment\",\"target\":[\"https:\\\/\\\/www.klaus-janowitz.de\\\/wordpress\\\/sprachmaschinen-eine-philosophie-der-kuenstlichen-intelligenz-rez\\\/#respond\"]}]},{\"@type\":\"WebPage\",\"@id\":\"https:\\\/\\\/www.klaus-janowitz.de\\\/wordpress\\\/sprachmaschinen-eine-philosophie-der-kuenstlichen-intelligenz-rez\\\/\",\"url\":\"https:\\\/\\\/www.klaus-janowitz.de\\\/wordpress\\\/sprachmaschinen-eine-philosophie-der-kuenstlichen-intelligenz-rez\\\/\",\"name\":\"Sprachmaschinen - eine Philosophie der k\u00fcnstlichen Intelligenz - (Rez.) - Netnographie &amp; Digitaler Wandel\",\"isPartOf\":{\"@id\":\"https:\\\/\\\/www.klaus-janowitz.de\\\/wordpress\\\/#website\"},\"primaryImageOfPage\":{\"@id\":\"https:\\\/\\\/www.klaus-janowitz.de\\\/wordpress\\\/sprachmaschinen-eine-philosophie-der-kuenstlichen-intelligenz-rez\\\/#primaryimage\"},\"image\":{\"@id\":\"https:\\\/\\\/www.klaus-janowitz.de\\\/wordpress\\\/sprachmaschinen-eine-philosophie-der-kuenstlichen-intelligenz-rez\\\/#primaryimage\"},\"thumbnailUrl\":\"https:\\\/\\\/www.klaus-janowitz.de\\\/wordpress\\\/wp-content\\\/uploads\\\/2025\\\/12\\\/Sprachmaschinen-175x300.jpg\",\"datePublished\":\"2025-12-12T13:07:21+00:00\",\"dateModified\":\"2025-12-12T21:01:50+00:00\",\"author\":{\"@id\":\"https:\\\/\\\/www.klaus-janowitz.de\\\/wordpress\\\/#\\\/schema\\\/person\\\/010eda704157cb8ce4370bfd0376c858\"},\"description\":\"Roberto Simanowski entwirft in \\\"Sprachmaschinen\\\" eine Philosophie der k\u00fcnstlichen Intelligenz (KI). Seine Analyse f\u00fchrt vom \\\"vagabundierenden Denken\\\" zu einer Kartierung der Wirkung auf Autorschaft, kognitive Souver\u00e4nit\u00e4t und demokratische F\u00e4higkeiten. Das Werk ist essenziell f\u00fcr das Verst\u00e4ndnis der aufgedr\u00e4ngten Logik von ChatGPT, Claude und Gemini.\",\"breadcrumb\":{\"@id\":\"https:\\\/\\\/www.klaus-janowitz.de\\\/wordpress\\\/sprachmaschinen-eine-philosophie-der-kuenstlichen-intelligenz-rez\\\/#breadcrumb\"},\"inLanguage\":\"de\",\"potentialAction\":[{\"@type\":\"ReadAction\",\"target\":[\"https:\\\/\\\/www.klaus-janowitz.de\\\/wordpress\\\/sprachmaschinen-eine-philosophie-der-kuenstlichen-intelligenz-rez\\\/\"]}]},{\"@type\":\"ImageObject\",\"inLanguage\":\"de\",\"@id\":\"https:\\\/\\\/www.klaus-janowitz.de\\\/wordpress\\\/sprachmaschinen-eine-philosophie-der-kuenstlichen-intelligenz-rez\\\/#primaryimage\",\"url\":\"https:\\\/\\\/i0.wp.com\\\/www.klaus-janowitz.de\\\/wordpress\\\/wp-content\\\/uploads\\\/2025\\\/12\\\/Sprachmaschinen.jpg?fit=1398%2C2393&ssl=1\",\"contentUrl\":\"https:\\\/\\\/i0.wp.com\\\/www.klaus-janowitz.de\\\/wordpress\\\/wp-content\\\/uploads\\\/2025\\\/12\\\/Sprachmaschinen.jpg?fit=1398%2C2393&ssl=1\",\"width\":1398,\"height\":2393},{\"@type\":\"BreadcrumbList\",\"@id\":\"https:\\\/\\\/www.klaus-janowitz.de\\\/wordpress\\\/sprachmaschinen-eine-philosophie-der-kuenstlichen-intelligenz-rez\\\/#breadcrumb\",\"itemListElement\":[{\"@type\":\"ListItem\",\"position\":1,\"name\":\"Startseite\",\"item\":\"https:\\\/\\\/www.klaus-janowitz.de\\\/wordpress\\\/\"},{\"@type\":\"ListItem\",\"position\":2,\"name\":\"Sprachmaschinen &#8211; eine Philosophie der k\u00fcnstlichen Intelligenz &#8211; (Rez.)\"}]},{\"@type\":\"WebSite\",\"@id\":\"https:\\\/\\\/www.klaus-janowitz.de\\\/wordpress\\\/#website\",\"url\":\"https:\\\/\\\/www.klaus-janowitz.de\\\/wordpress\\\/\",\"name\":\"Netnographie &amp; Digitaler Wandel\",\"description\":\"Blog rund um die Themen Netnographie, Online-Kultur und Digitalen Wandel\",\"potentialAction\":[{\"@type\":\"SearchAction\",\"target\":{\"@type\":\"EntryPoint\",\"urlTemplate\":\"https:\\\/\\\/www.klaus-janowitz.de\\\/wordpress\\\/?s={search_term_string}\"},\"query-input\":{\"@type\":\"PropertyValueSpecification\",\"valueRequired\":true,\"valueName\":\"search_term_string\"}}],\"inLanguage\":\"de\"},{\"@type\":\"Person\",\"@id\":\"https:\\\/\\\/www.klaus-janowitz.de\\\/wordpress\\\/#\\\/schema\\\/person\\\/010eda704157cb8ce4370bfd0376c858\",\"name\":\"KlausMJan\",\"image\":{\"@type\":\"ImageObject\",\"inLanguage\":\"de\",\"@id\":\"https:\\\/\\\/secure.gravatar.com\\\/avatar\\\/94d3059bf264a4da1fe44d92721e645980d64122c3365532a3b1517b78db5093?s=96&r=g\",\"url\":\"https:\\\/\\\/secure.gravatar.com\\\/avatar\\\/94d3059bf264a4da1fe44d92721e645980d64122c3365532a3b1517b78db5093?s=96&r=g\",\"contentUrl\":\"https:\\\/\\\/secure.gravatar.com\\\/avatar\\\/94d3059bf264a4da1fe44d92721e645980d64122c3365532a3b1517b78db5093?s=96&r=g\",\"caption\":\"KlausMJan\"},\"sameAs\":[\"http:\\\/\\\/www.netnographie.eu\\\/wordpress\"],\"url\":\"https:\\\/\\\/www.klaus-janowitz.de\\\/wordpress\\\/author\\\/klausmjan\\\/\"}]}<\/script>\n<!-- \/ Yoast SEO plugin. -->","yoast_head_json":{"title":"Sprachmaschinen - eine Philosophie der k\u00fcnstlichen Intelligenz - (Rez.) - Netnographie &amp; Digitaler Wandel","description":"Roberto Simanowski entwirft in \"Sprachmaschinen\" eine Philosophie der k\u00fcnstlichen Intelligenz (KI). Seine Analyse f\u00fchrt vom \"vagabundierenden Denken\" zu einer Kartierung der Wirkung auf Autorschaft, kognitive Souver\u00e4nit\u00e4t und demokratische F\u00e4higkeiten. Das Werk ist essenziell f\u00fcr das Verst\u00e4ndnis der aufgedr\u00e4ngten Logik von ChatGPT, Claude und Gemini.","robots":{"index":"index","follow":"follow","max-snippet":"max-snippet:-1","max-image-preview":"max-image-preview:large","max-video-preview":"max-video-preview:-1"},"canonical":"https:\/\/www.klaus-janowitz.de\/wordpress\/sprachmaschinen-eine-philosophie-der-kuenstlichen-intelligenz-rez\/","og_locale":"de_DE","og_type":"article","og_title":"Sprachmaschinen - eine Philosophie der k\u00fcnstlichen Intelligenz - (Rez.) - Netnographie &amp; Digitaler Wandel","og_description":"Roberto Simanowski entwirft in \"Sprachmaschinen\" eine Philosophie der k\u00fcnstlichen Intelligenz (KI). Seine Analyse f\u00fchrt vom \"vagabundierenden Denken\" zu einer Kartierung der Wirkung auf Autorschaft, kognitive Souver\u00e4nit\u00e4t und demokratische F\u00e4higkeiten. Das Werk ist essenziell f\u00fcr das Verst\u00e4ndnis der aufgedr\u00e4ngten Logik von ChatGPT, Claude und Gemini.","og_url":"https:\/\/www.klaus-janowitz.de\/wordpress\/sprachmaschinen-eine-philosophie-der-kuenstlichen-intelligenz-rez\/","og_site_name":"Netnographie &amp; Digitaler Wandel","article_published_time":"2025-12-12T13:07:21+00:00","article_modified_time":"2025-12-12T21:01:50+00:00","og_image":[{"url":"https:\/\/www.klaus-janowitz.de\/wordpress\/wp-content\/uploads\/2025\/12\/Sprachmaschinen-175x300.jpg","type":"","width":"","height":""}],"author":"KlausMJan","twitter_card":"summary_large_image","twitter_misc":{"Verfasst von":"KlausMJan","Gesch\u00e4tzte Lesezeit":"11\u00a0Minuten"},"schema":{"@context":"https:\/\/schema.org","@graph":[{"@type":"Article","@id":"https:\/\/www.klaus-janowitz.de\/wordpress\/sprachmaschinen-eine-philosophie-der-kuenstlichen-intelligenz-rez\/#article","isPartOf":{"@id":"https:\/\/www.klaus-janowitz.de\/wordpress\/sprachmaschinen-eine-philosophie-der-kuenstlichen-intelligenz-rez\/"},"author":{"name":"KlausMJan","@id":"https:\/\/www.klaus-janowitz.de\/wordpress\/#\/schema\/person\/010eda704157cb8ce4370bfd0376c858"},"headline":"Sprachmaschinen &#8211; eine Philosophie der k\u00fcnstlichen Intelligenz &#8211; (Rez.)","datePublished":"2025-12-12T13:07:21+00:00","dateModified":"2025-12-12T21:01:50+00:00","mainEntityOfPage":{"@id":"https:\/\/www.klaus-janowitz.de\/wordpress\/sprachmaschinen-eine-philosophie-der-kuenstlichen-intelligenz-rez\/"},"wordCount":1849,"commentCount":1,"image":{"@id":"https:\/\/www.klaus-janowitz.de\/wordpress\/sprachmaschinen-eine-philosophie-der-kuenstlichen-intelligenz-rez\/#primaryimage"},"thumbnailUrl":"https:\/\/www.klaus-janowitz.de\/wordpress\/wp-content\/uploads\/2025\/12\/Sprachmaschinen-175x300.jpg","keywords":["Digitale Zivilisation","KI","Rezension"],"articleSection":{"1":"Feuilleton","2":"KI","3":"Rezensionen"},"inLanguage":"de","potentialAction":[{"@type":"CommentAction","name":"Comment","target":["https:\/\/www.klaus-janowitz.de\/wordpress\/sprachmaschinen-eine-philosophie-der-kuenstlichen-intelligenz-rez\/#respond"]}]},{"@type":"WebPage","@id":"https:\/\/www.klaus-janowitz.de\/wordpress\/sprachmaschinen-eine-philosophie-der-kuenstlichen-intelligenz-rez\/","url":"https:\/\/www.klaus-janowitz.de\/wordpress\/sprachmaschinen-eine-philosophie-der-kuenstlichen-intelligenz-rez\/","name":"Sprachmaschinen - eine Philosophie der k\u00fcnstlichen Intelligenz - (Rez.) - Netnographie &amp; Digitaler Wandel","isPartOf":{"@id":"https:\/\/www.klaus-janowitz.de\/wordpress\/#website"},"primaryImageOfPage":{"@id":"https:\/\/www.klaus-janowitz.de\/wordpress\/sprachmaschinen-eine-philosophie-der-kuenstlichen-intelligenz-rez\/#primaryimage"},"image":{"@id":"https:\/\/www.klaus-janowitz.de\/wordpress\/sprachmaschinen-eine-philosophie-der-kuenstlichen-intelligenz-rez\/#primaryimage"},"thumbnailUrl":"https:\/\/www.klaus-janowitz.de\/wordpress\/wp-content\/uploads\/2025\/12\/Sprachmaschinen-175x300.jpg","datePublished":"2025-12-12T13:07:21+00:00","dateModified":"2025-12-12T21:01:50+00:00","author":{"@id":"https:\/\/www.klaus-janowitz.de\/wordpress\/#\/schema\/person\/010eda704157cb8ce4370bfd0376c858"},"description":"Roberto Simanowski entwirft in \"Sprachmaschinen\" eine Philosophie der k\u00fcnstlichen Intelligenz (KI). Seine Analyse f\u00fchrt vom \"vagabundierenden Denken\" zu einer Kartierung der Wirkung auf Autorschaft, kognitive Souver\u00e4nit\u00e4t und demokratische F\u00e4higkeiten. Das Werk ist essenziell f\u00fcr das Verst\u00e4ndnis der aufgedr\u00e4ngten Logik von ChatGPT, Claude und Gemini.","breadcrumb":{"@id":"https:\/\/www.klaus-janowitz.de\/wordpress\/sprachmaschinen-eine-philosophie-der-kuenstlichen-intelligenz-rez\/#breadcrumb"},"inLanguage":"de","potentialAction":[{"@type":"ReadAction","target":["https:\/\/www.klaus-janowitz.de\/wordpress\/sprachmaschinen-eine-philosophie-der-kuenstlichen-intelligenz-rez\/"]}]},{"@type":"ImageObject","inLanguage":"de","@id":"https:\/\/www.klaus-janowitz.de\/wordpress\/sprachmaschinen-eine-philosophie-der-kuenstlichen-intelligenz-rez\/#primaryimage","url":"https:\/\/i0.wp.com\/www.klaus-janowitz.de\/wordpress\/wp-content\/uploads\/2025\/12\/Sprachmaschinen.jpg?fit=1398%2C2393&ssl=1","contentUrl":"https:\/\/i0.wp.com\/www.klaus-janowitz.de\/wordpress\/wp-content\/uploads\/2025\/12\/Sprachmaschinen.jpg?fit=1398%2C2393&ssl=1","width":1398,"height":2393},{"@type":"BreadcrumbList","@id":"https:\/\/www.klaus-janowitz.de\/wordpress\/sprachmaschinen-eine-philosophie-der-kuenstlichen-intelligenz-rez\/#breadcrumb","itemListElement":[{"@type":"ListItem","position":1,"name":"Startseite","item":"https:\/\/www.klaus-janowitz.de\/wordpress\/"},{"@type":"ListItem","position":2,"name":"Sprachmaschinen &#8211; eine Philosophie der k\u00fcnstlichen Intelligenz &#8211; (Rez.)"}]},{"@type":"WebSite","@id":"https:\/\/www.klaus-janowitz.de\/wordpress\/#website","url":"https:\/\/www.klaus-janowitz.de\/wordpress\/","name":"Netnographie &amp; Digitaler Wandel","description":"Blog rund um die Themen Netnographie, Online-Kultur und Digitalen Wandel","potentialAction":[{"@type":"SearchAction","target":{"@type":"EntryPoint","urlTemplate":"https:\/\/www.klaus-janowitz.de\/wordpress\/?s={search_term_string}"},"query-input":{"@type":"PropertyValueSpecification","valueRequired":true,"valueName":"search_term_string"}}],"inLanguage":"de"},{"@type":"Person","@id":"https:\/\/www.klaus-janowitz.de\/wordpress\/#\/schema\/person\/010eda704157cb8ce4370bfd0376c858","name":"KlausMJan","image":{"@type":"ImageObject","inLanguage":"de","@id":"https:\/\/secure.gravatar.com\/avatar\/94d3059bf264a4da1fe44d92721e645980d64122c3365532a3b1517b78db5093?s=96&r=g","url":"https:\/\/secure.gravatar.com\/avatar\/94d3059bf264a4da1fe44d92721e645980d64122c3365532a3b1517b78db5093?s=96&r=g","contentUrl":"https:\/\/secure.gravatar.com\/avatar\/94d3059bf264a4da1fe44d92721e645980d64122c3365532a3b1517b78db5093?s=96&r=g","caption":"KlausMJan"},"sameAs":["http:\/\/www.netnographie.eu\/wordpress"],"url":"https:\/\/www.klaus-janowitz.de\/wordpress\/author\/klausmjan\/"}]}},"jetpack_publicize_connections":[],"jetpack_featured_media_url":"","jetpack_sharing_enabled":true,"jetpack_shortlink":"https:\/\/wp.me\/p15Wn2-mNh","jetpack_likes_enabled":true,"jetpack-related-posts":[{"id":87632,"url":"https:\/\/www.klaus-janowitz.de\/wordpress\/ki-als-intermediaer-plausible-konfabulation\/","url_meta":{"origin":87623,"position":0},"title":"KI als Intermedi\u00e4r &#8211; Plausible Konfabulation","author":"KlausMJan","date":"11. Januar 2026","format":false,"excerpt":"KI wird immer mehr zu einer kognitiven Infrastruktur, die in ganz unterschiedlichen Lebensbereichen genutzt wird. Sie automatisiert unz\u00e4hlige Vorg\u00e4nge, vermittelt zwischen Wissenschaft und \u00d6ffentlichkeit, assistiert bei kreativer Arbeit und ist als allt\u00e4gliche Instanz f\u00fcr Wissensfragen l\u00e4ngst akzeptiert. Daneben wird mit ihr digitaler Schrott \u2013 sogenannter Slop \u2013 in erschreckend gro\u00dfen\u2026","rel":"","context":"In &quot;Allgemein&quot;","block_context":{"text":"Allgemein","link":"https:\/\/www.klaus-janowitz.de\/wordpress\/category\/allgemein\/"},"img":{"alt_text":"","src":"https:\/\/i0.wp.com\/www.klaus-janowitz.de\/wordpress\/wp-content\/uploads\/2025\/09\/riswan-ratta-SB1x3-E8Tqc-unsplash-240x300.jpg?resize=350%2C200&ssl=1","width":350,"height":200},"classes":[]},{"id":42576,"url":"https:\/\/www.klaus-janowitz.de\/wordpress\/kuenstliche-intelligenz-einfach-erklaert-fuer-alle-rez\/","url_meta":{"origin":87623,"position":1},"title":"K\u00fcnstliche Intelligenz &#8211; einfach erkl\u00e4rt f\u00fcr alle (Rez.)","author":"KlausMJan","date":"16. Januar 2021","format":false,"excerpt":"K\u00fcnstliche Intelligenz ist nicht lediglich die n\u00e4chste Generation von Computern und Software - sie ist ein Quantensprung in der Informationsverarbeitung (57).\u00a0 Und sie f\u00fchrt zu Umw\u00e4lzungen in vielen Einsatzkontexten. KI ist eine Querschnittstechnologie, deren Anwendung sich nicht auf einzelne Branchen beschr\u00e4nkt. Stefan Holtel hat eine Einf\u00fchrung mit dem Titel KI-volution\u2026","rel":"","context":"In &quot;Allgemein&quot;","block_context":{"text":"Allgemein","link":"https:\/\/www.klaus-janowitz.de\/wordpress\/category\/allgemein\/"},"img":{"alt_text":"","src":"https:\/\/i0.wp.com\/www.klaus-janowitz.de\/wordpress\/wp-content\/uploads\/2020\/12\/Holtel_KI-204x300.jpg?resize=350%2C200&ssl=1","width":350,"height":200},"classes":[]},{"id":87160,"url":"https:\/\/www.klaus-janowitz.de\/wordpress\/stille-umbrueche-was-ki-wirklich-veraendert\/","url_meta":{"origin":87623,"position":2},"title":"Stille Umbr\u00fcche\u00a0 &#8211; Was KI wirklich ver\u00e4ndert. R\u00fcckblick auf das Autorengespr\u00e4ch mit Frank Witt","author":"KlausMJan","date":"31. August 2025","format":false,"excerpt":"Am letzten Donnerstag (28.08) hatten wir in den K\u00f6lner Startplatz eingeladen: Stille Umbr\u00fcche\u00a0 - Was KI wirklich ver\u00e4ndert, eine Diskussion\u00a0 mit dem Autor Frank Witt. Sein Buch\u00a0 K\u00fcnstliche Intelligenz: Transformation und Krisen in Wirtschaft und Gesellschaft war im Fr\u00fchjahr diesen Jahres erschienen. Zu diesem Buch gab es auch in diesem\u2026","rel":"","context":"In &quot;Allgemein&quot;","block_context":{"text":"Allgemein","link":"https:\/\/www.klaus-janowitz.de\/wordpress\/category\/allgemein\/"},"img":{"alt_text":"","src":"https:\/\/i0.wp.com\/www.klaus-janowitz.de\/wordpress\/wp-content\/uploads\/2025\/08\/Startplatz-249x300.jpg?resize=350%2C200&ssl=1","width":350,"height":200},"classes":[]},{"id":86340,"url":"https:\/\/www.klaus-janowitz.de\/wordpress\/die-sozialisation-von-maschinen-kuenstliche-intelligenz-transformation-und-krisen-in-wirtschaft-und-gesellschaft\/","url_meta":{"origin":87623,"position":3},"title":"Die Sozialisation von Maschinen &#8211; K\u00fcnstliche Intelligenz: Transformation und Krisen in Wirtschaft und Gesellschaft","author":"KlausMJan","date":"24. April 2025","format":false,"excerpt":"Zu fragen, wie etwas funktioniert, ist der beste Zugang zur Wirklichkeit. Das gilt ebenso f\u00fcr Maschinen, die die zentrale Funktionen des Gehirns gleichwertig imitieren und in vielerlei Hinsicht dessen Leistungsf\u00e4higkeit \u00fcbertreffen (12). K\u00fcnstliche Intelligenz: Transformation und Krisen in Wirtschaft und Gesellschaft ist ein langer, sperrig-n\u00fcchterner Titel, hinter dem ein\u00a0 komplexer\u2026","rel":"","context":"In &quot;Allgemein&quot;","block_context":{"text":"Allgemein","link":"https:\/\/www.klaus-janowitz.de\/wordpress\/category\/allgemein\/"},"img":{"alt_text":"","src":"https:\/\/i0.wp.com\/www.klaus-janowitz.de\/wordpress\/wp-content\/uploads\/2025\/04\/KI_FWitt-696x1024.jpg?resize=350%2C200&ssl=1","width":350,"height":200},"classes":[]},{"id":81756,"url":"https:\/\/www.klaus-janowitz.de\/wordpress\/die-landnahme-der-generativen-ki\/","url_meta":{"origin":87623,"position":4},"title":"Die Landnahme der generativen KI","author":"KlausMJan","date":"25. August 2023","format":false,"excerpt":"Seit der Bereitstellung von Chat GPT ist generative KI\/ AI der Hype des Jahres. GPT steht f\u00fcr Generative Pre-trained Transformer. Generative KI erkennt Muster aus den Daten, mit denen sie trainiert wurde und kann ausser Text auch Bild ( so \u00a0Midjourney - seit 16.08 auch Adobe), Code, Ton etc. ausgeben,\u2026","rel":"","context":"In &quot;Allgemein&quot;","block_context":{"text":"Allgemein","link":"https:\/\/www.klaus-janowitz.de\/wordpress\/category\/allgemein\/"},"img":{"alt_text":"","src":"https:\/\/i0.wp.com\/www.klaus-janowitz.de\/wordpress\/wp-content\/uploads\/2023\/08\/ChatGPT-300x225.jpg?resize=350%2C200&ssl=1","width":350,"height":200},"classes":[]},{"id":86848,"url":"https:\/\/www.klaus-janowitz.de\/wordpress\/kuenstliche-intelligenz-und-der-neue-faschismus-rezension\/","url_meta":{"origin":87623,"position":5},"title":"K\u00fcnstliche Intelligenz und der neue Faschismus (Rezension)","author":"KlausMJan","date":"6. August 2025","format":false,"excerpt":"K\u00fcnstliche Intelligenz und der neue Faschismus - das kompakte B\u00fcchlein \u00a0bringt zwei Themen zusammen, die uns seit einiger Zeit intensiv besch\u00e4ftigen. Autor Rainer M\u00fchlhoff ist Professor f\u00fcr Ethik der K\u00fcnstlichen Intelligenz an der Universit\u00e4t Osnabr\u00fcck. Bereits im Februar hatte er in einem Beitrag im Verfassungsblog wesentliche Gedanken zusammengestellt, die jetzt\u2026","rel":"","context":"In &quot;Allgemein&quot;","block_context":{"text":"Allgemein","link":"https:\/\/www.klaus-janowitz.de\/wordpress\/category\/allgemein\/"},"img":{"alt_text":"","src":"https:\/\/i0.wp.com\/www.klaus-janowitz.de\/wordpress\/wp-content\/uploads\/2025\/07\/MuehlhoffKI-und-Faschimus-195x300.jpeg?resize=350%2C200&ssl=1","width":350,"height":200},"classes":[]}],"_links":{"self":[{"href":"https:\/\/www.klaus-janowitz.de\/wordpress\/wp-json\/wp\/v2\/posts\/87623","targetHints":{"allow":["GET"]}}],"collection":[{"href":"https:\/\/www.klaus-janowitz.de\/wordpress\/wp-json\/wp\/v2\/posts"}],"about":[{"href":"https:\/\/www.klaus-janowitz.de\/wordpress\/wp-json\/wp\/v2\/types\/post"}],"author":[{"embeddable":true,"href":"https:\/\/www.klaus-janowitz.de\/wordpress\/wp-json\/wp\/v2\/users\/1"}],"replies":[{"embeddable":true,"href":"https:\/\/www.klaus-janowitz.de\/wordpress\/wp-json\/wp\/v2\/comments?post=87623"}],"version-history":[{"count":64,"href":"https:\/\/www.klaus-janowitz.de\/wordpress\/wp-json\/wp\/v2\/posts\/87623\/revisions"}],"predecessor-version":[{"id":87710,"href":"https:\/\/www.klaus-janowitz.de\/wordpress\/wp-json\/wp\/v2\/posts\/87623\/revisions\/87710"}],"wp:attachment":[{"href":"https:\/\/www.klaus-janowitz.de\/wordpress\/wp-json\/wp\/v2\/media?parent=87623"}],"wp:term":[{"taxonomy":"category","embeddable":true,"href":"https:\/\/www.klaus-janowitz.de\/wordpress\/wp-json\/wp\/v2\/categories?post=87623"},{"taxonomy":"post_tag","embeddable":true,"href":"https:\/\/www.klaus-janowitz.de\/wordpress\/wp-json\/wp\/v2\/tags?post=87623"}],"curies":[{"name":"wp","href":"https:\/\/api.w.org\/{rel}","templated":true}]}}