{"id":87367,"date":"2025-10-19T21:53:58","date_gmt":"2025-10-19T19:53:58","guid":{"rendered":"https:\/\/www.klaus-janowitz.de\/wordpress\/?p=87367"},"modified":"2025-11-26T14:31:57","modified_gmt":"2025-11-26T13:31:57","slug":"der-wert-von-kultur-und-wissensarbeit-im-zeitalter-von-ki","status":"publish","type":"post","link":"https:\/\/www.klaus-janowitz.de\/wordpress\/der-wert-von-kultur-und-wissensarbeit-im-zeitalter-von-ki\/","title":{"rendered":"Der Wert von Kultur- und Wissensarbeit im Zeitalter von KI"},"content":{"rendered":"<p style=\"text-align: justify;\"><a href=\"https:\/\/i0.wp.com\/www.klaus-janowitz.de\/wordpress\/wp-content\/uploads\/2025\/10\/Hornschuh_KI.jpg?ssl=1\"><img data-recalc-dims=\"1\" fetchpriority=\"high\" decoding=\"async\" class=\"alignright size-medium wp-image-87369\" src=\"https:\/\/i0.wp.com\/www.klaus-janowitz.de\/wordpress\/wp-content\/uploads\/2025\/10\/Hornschuh_KI.jpg?resize=200%2C300&#038;ssl=1\" alt=\"\" width=\"200\" height=\"300\" srcset=\"https:\/\/i0.wp.com\/www.klaus-janowitz.de\/wordpress\/wp-content\/uploads\/2025\/10\/Hornschuh_KI.jpg?resize=200%2C300&amp;ssl=1 200w, https:\/\/i0.wp.com\/www.klaus-janowitz.de\/wordpress\/wp-content\/uploads\/2025\/10\/Hornschuh_KI.jpg?resize=683%2C1024&amp;ssl=1 683w, https:\/\/i0.wp.com\/www.klaus-janowitz.de\/wordpress\/wp-content\/uploads\/2025\/10\/Hornschuh_KI.jpg?resize=768%2C1152&amp;ssl=1 768w, https:\/\/i0.wp.com\/www.klaus-janowitz.de\/wordpress\/wp-content\/uploads\/2025\/10\/Hornschuh_KI.jpg?resize=1024%2C1536&amp;ssl=1 1024w, https:\/\/i0.wp.com\/www.klaus-janowitz.de\/wordpress\/wp-content\/uploads\/2025\/10\/Hornschuh_KI.jpg?resize=1365%2C2048&amp;ssl=1 1365w, https:\/\/i0.wp.com\/www.klaus-janowitz.de\/wordpress\/wp-content\/uploads\/2025\/10\/Hornschuh_KI.jpg?w=1458&amp;ssl=1 1458w\" sizes=\"(max-width: 200px) 100vw, 200px\" \/><\/a><strong><em>Wir geben uns auf<\/em><\/strong> nennt Autor <strong><em>Matthias Hornschuh<\/em><\/strong> seine Schrift zu <em>KI, Kultur und die Entwertung der Wissensarbeit<\/em>.<br \/>\nSeine Perspektive ist die der Kulturproduzenten &#8211; deren Interessenvertreter (<em><a href=\"https:\/\/urheber.info\/\" target=\"_blank\" rel=\"noopener\">Initiative Urheberrecht<\/a><\/em>) er ist.\u00a0 Das Buch ist eine Verteidigung der Unersetzlichkeit subjektiver Erfahrung, eine Streitschrift f\u00fcr das Recht auf Autoren- und Urheberschaft &#8211; und eine angemessene Beteiligung an der Wertsch\u00f6pfung.<\/p>\n<p style=\"text-align: justify;\">Was das Buch f\u00fcr die weitere Diskussion interessant macht, ist die grunds\u00e4tzliche\u00a0 Frage nach dem Wert von Kultur- und Wissensarbeit in Zeiten von KI. Das gilt f\u00fcr Musik, wie f\u00fcr Bilder, Texte und wissenschaftliche Arbeit.<\/p>\n<p style=\"text-align: justify;\"><em>Matthias Hornschuh<\/em> ist Filmkomponist, ein Zweig der Musikwirtschaft, der besonders von Einnahmeverlusten durch KI bedroht ist. In keiner anderen Branche ist der Widerstand gegen die <em><a href=\"https:\/\/www.klaus-janowitz.de\/wordpress\/die-landnahme-der-generativen-ki\/\" target=\"_blank\" rel=\"noopener\">Landnahme<\/a><\/em> der KI-Konzerne so ausgepr\u00e4gt wie bei Musikern. Die KI kollidiert mit ihrem Selbstverst\u00e4ndnis: Musiker definieren sich \u00fcber ihre Kunst, und ihre Eink\u00fcnfte beruhen (neben Live-Auftritten) auf urheberrechtlich gesicherter Verwertung.<br \/>\nJede wertsch\u00f6pfende Nutzung erzeugt f\u00fcr die k\u00fcnstlerischen Urheber einen Anspruch auf Verg\u00fctung. Es gibt ein funktionierendes System von Urheberrechtsschutz und Verwertungsgesellschaften.<\/p>\n<p style=\"text-align: justify;\"><span style=\"font-size: 1rem;\">Genau dieses System wird durch generative KI unterlaufen. Die KI-Modelle werden millionenfach mit rechtlich gesch\u00fctzten Musikst\u00fccken trainiert &#8211; ohne Erlaubnis, ohne Lizenz, ohne Kompensation. Sie extrahieren aus Werken, die in k\u00fcnstlerischer Arbeit entstanden sind,\u00a0 verwandeln sie in Rohmaterial zur <em>algorithmischen Rekombination<\/em> und setzen damit das eingespielte Verg\u00fctungssystem au\u00dfer Kraft.<br \/>\nEntstehen daraus neue Werke, stellt sich die Frage, ob sie als eigenst\u00e4ndige Werke\u00a0 zu verstehen, oder Originalen zu \u00e4hnlich sind und damit Urheberrechte verletzen. Plagiate sind in der Musik vergleichsweise leicht nachweisbar, bereits kurze, aber pr\u00e4gnante Melodien sind gesch\u00fctzt.<br \/>\nEin Musiker bzw.\u00a0 Komponist, dessen Werke ohne Erlaubnis und Verg\u00fctung zum KI Training <em>gekapert<\/em> wurden, erlebt es genauso als \u00f6konomische Bedrohung, wie als einen \u00dcbergriff auf seine Identit\u00e4t, ganz besonders bei\u00a0 der Imitation von Stilen und dem Klonen von Stimmen.\u00a0 Der \u00dcbergriff der KI- Unternehmen wird als Diebstahl erlebt und auch so genannt.\u00a0\u00a0<\/span><\/p>\n<p style=\"text-align: justify;\">KI-generierte Sounds haben sich vor allem dort ausgebreitet, wo Musik funktional, nicht k\u00fcnstlerisch ist: lizenzfreie Hintergrundmusik f\u00fcr Werbung, Online-Content, Games, Klangteppiche in Shopping-Malls (die tats\u00e4chlich als <a href=\"https:\/\/de.audiocrowd.net\/musik-fur-geschaftsraume\/branche\/shopping-center\" target=\"_blank\" rel=\"noopener\"><em>Beschallungspakete<\/em><\/a> verkauft werden). All das, was als <em>Muzak<\/em> oder <em>Fahrstuhlmusik<\/em> geschm\u00e4ht wird, hat aber als stabile Einkommensquelle ambitionierte Arbeiten oft querfinanziert.<\/p>\n<p style=\"text-align: justify;\">Einsch\u00e4tzungen und Nutzungsmuster von KI unterscheiden sich in anderen Branchen der Kreativwirtschaft deutlich von denen in der Musikwirtschaft. Es gibt Parallelen. Generell gilt, dass funktionale, routinehafte Formate, wie z.B. Stockfotografie, Technische Dokumentationen, Transkriptionen von KI \u00fcbernommen werden bzw. es bereits sind. Kreative Formate behalten ihren Singularit\u00e4tswert, mit all den Marktrisiken wie bisher.<\/p>\n<p style=\"text-align: justify;\">Textarbeiter sehen sich nur selten als K\u00fcnstler. Urheberrechte gelten zwar, spielen aber eine geringere Rolle. Auf der <a href=\"https:\/\/www.djv.de\/news\/pressemitteilungen\/press-detail\/journalismus-nicht-durch-ki-ersetzen\/\" target=\"_blank\" rel=\"noopener\">Website des Deutschen Journalisten-Verbandes<\/a> heisst es zwar an prominenter Stelle <em>Qualit\u00e4tsjournalismus lebt von menschlicher Recherche. Generative KI, die nur wiederk\u00e4ut, was bereits gedacht und gesagt wurde, kann keine neuen Perspektiven schaffen. <\/em>In der Praxis herrscht ein\u00a0 pragmatischer Umgang. Derselbe Verband bietet Fortbildungen zu KI an \u2013 wie auch fast alle anderen als Fortbilder bekannten Tr\u00e4ger.\u00a0 KI-Kompetenz wird als von jetzt an f\u00fcr Journalisten wesentlich erachtet.<br \/>\nKI wird als Werkzeug\u00a0 gesehen, das Routinen erleichtert. In diesem Sinne wird sie mit fast dem gleichen Selbstverst\u00e4ndnis genutzt, wie Textverarbeitung und Suchmaschinen. Ihre St\u00e4rke liegt nicht in der Erstellung kompletter Texte, sondern in der Assistenz im gesamten Schreibverlauf, bei der Recherche, Strukturierung, Formulierung, Korrektur etc.<\/p>\n<p style=\"text-align: justify;\">Oft werden Geschichten von halluzinierenden Antworten der KI erz\u00e4hlt, von Anw\u00e4lten, die ungepr\u00fcft KI- erzeugte Pl\u00e4doyers einreichen etc., so auch in\u00a0 Hornschuhs Text. Jeder, der sich bislang mit KI befasst hat, hat wohl die Erfahrung gemacht, das man den Ergebnissen nicht blind vertrauen kann. Komplette Automatisierung gelingt nur bei niedriger Komplexit\u00e4t.<br \/>\nF\u00fcr komplexere Aufgaben muss KI gezielt eingesetzt, geradezu bespielt\u00a0 werden, nicht nur mit Prompts. Was KI nicht kann, ist eigenst\u00e4ndige Recherche, kritisches Urteil. Sie kann Muster erkennen, aber nicht Neues denken, das \u00fcber diese Muster hinausgeht.<\/p>\n<p style=\"text-align: justify;\"><em style=\"font-size: 1rem;\">KI-Training<\/em><span style=\"font-size: 1rem;\"> klingt harmlos, aber allein im Musikbereich geht es um mindestens 100 Millionen Songs \u2013 das gesamte verf\u00fcgbare Repertoire von Spotify, YouTube, SoundCloud. Manchmal ist vom gesamten digital verf\u00fcgbaren Kulturerbe der Menschheit die Rede, von der umfangreichsten <\/span><em style=\"font-size: 1rem;\">kulturellen Aneignung der Geschichte. <\/em><span style=\"font-size: 1rem;\">Der Begriff der Landnahme trifft diese Dimension.<\/span><\/p>\n<p style=\"text-align: justify;\">Es gibt ein Grundproblem, den <em>Elefanten im Raum, <\/em>das sich seit dem Social Web und dem Plattformkapitalismus fortsetzt. Es ist die \u00fcbergrosse und dazu bislang juristisch privilegierte\u00a0 Macht der Intermedi\u00e4re, der Vermittler von Inhalten, die sie zwar nicht selber erstellen, aber durch algorithmische Auswahl, Aggregation und\u00a0 Pr\u00e4sentation vermitteln.<br \/>\n<a href=\"https:\/\/www.klaus-janowitz.de\/wordpress\/who-is-building-a-brain-for-the-world\/\" target=\"_blank\" rel=\"noopener\"><strong><em>We are building a brain for the world<\/em><\/strong><\/a> \u2013 Sam Altmans Satz in einem Interview im Juni 2025\u00a0 erschreckt durch sein imperiales <em>Wir<\/em>. Gemeint ist die gesamte Branche, nicht <em>Open AI<\/em>\u00a0allein.<br \/>\nIst die\u00a0<em>Tech- Branche<\/em> dazu erm\u00e4chtigt, Wissensgewinn, Kreativit\u00e4t und Kommunikation f\u00fcr uns alle neu zu gestalten? Was zuvor Gemeingut oder urheberrechtlich gesch\u00fctzt war &#8211; Internet, Kultur, Wissen \u2013 wird nun von Tech-Konzernen eingehegt. Sie trainieren auf der <em>digitalen Allmende<\/em> \u2013 und privatisieren die Ertr\u00e4ge.\u00a0 Es geht um\u00a0 <em><a href=\"https:\/\/www.klaus-janowitz.de\/wordpress\/die-landnahme-der-generativen-ki\/\" target=\"_blank\" rel=\"noopener\">Landnahme<\/a>, <\/em>die Einnahme und Monopolisierung des durch die Wirkung neuer Technologien entstehenden Raumes.<br \/>\nKI kann hervorragend Werke und Texte nach erkannten Mustern produzieren.\u00a0 Die spannendsten Momente entstehen allerdings nicht durch deren perfekte Beherrschung, sondern durch deren \u00fcberraschende Brechung. Es setzt voraus, dass jemand will, dass etwas anders l\u00e4uft \u2013 eine Intention, die KI allein nicht haben kann.<\/p>\n<p style=\"text-align: justify;\">Eine grunds\u00e4tzliche Kritik hatte <strong><em>Kate Crawford<\/em><\/strong> bereits 2021 im <em><strong><a href=\"https:\/\/www.klaus-janowitz.de\/wordpress\/atlas-of-ai-die-materielle-basis-der-ki-rezension\/\" target=\"_blank\" rel=\"noopener\">Atlas of KI <\/a><\/strong><a href=\"https:\/\/www.klaus-janowitz.de\/wordpress\/atlas-of-ai-die-materielle-basis-der-ki-rezension\/\" target=\"_blank\" rel=\"noopener\">(Rezension<\/a>)<\/em> formuliert: die <strong><em>Kultur der Extraktion<\/em><\/strong> \u2013 Gemeint ist die Absch\u00f6pfung von Zulieferungen materieller, operativer und ideeller Art. Hinzuzuf\u00fcgen ist <em>kulturelle Extraktion<\/em>. L\u00e4sst sich anschliessend an den <a href=\"https:\/\/www.klaus-janowitz.de\/wordpress\/das-zeitalter-des-ueberwachungskapitalismus-rez\/\" target=\"_blank\" rel=\"noopener\"><em>\u00dcberwachungskapitalismus<\/em><\/a> (Shoshana Zuboff) von einem <em>Extraktionskapitalismus<\/em> sprechen?<\/p>\n<p style=\"text-align: justify;\"><em>Wie Kunst entsteht, was daf\u00fcr n\u00f6tig ist, welcher Aufwand von wem an welcher Stelle zu treiben ist, dar\u00fcber legen die Produkte der Arbeit keine Rechenschaft ab (19). \u00a0<\/em>Ein Song mag in zehn Minuten geschrieben sein, aber er ist das Destillat jahrelanger \u00dcbung, gescheiterter Versuche, durchlebter Erfahrungen. Ein Text wirkt m\u00fchelos, weil die M\u00fche unsichtbar wurde. Am Ende z\u00e4hlt die Wirkung, die Bereicherung, oder <em>die gelungene Unterhaltung (vgl. 19).<\/em> \u00a0Kunst verschleiert ihre eigenen Produktionsbedingungen \u2013 und KI radikalisiert diese Verschleierung: Sie produziert in Sekunden, was wie das Ergebnis jahrelanger Arbeit aussieht, ohne je etwas erlitten, durchgearbeitet, verworfen zu haben.<\/p>\n<p style=\"text-align: justify;\">Referentialit\u00e4t \u2013 die Nutzung bestehenden kulturellen Materials <em>in aktuellen Produktionen<\/em> \u2013 kennen wir seit langem<em>: <\/em>Remixes, Collagen, MashUps, Coverversionen, das K<em>onzept Retro<\/em>, Inszenierungen wie Cosplay: Bedeutungszuweisungen werden zusammengef\u00fchrt. Aus Vorhandenem entsteht Neues, aber durch bewusste Auswahl, Kontextverschiebung und Neuinterpretation.\u00a0 Autorenschaft bleibt bestehen.<br \/>\nKI entgrenzt die kulturelle Referentialit\u00e4t, ihre Quellen, Urspr\u00fcnge und Autorenschaften sind nicht mehr erkennbar: <em>Kulturelle Extraktion<\/em> entsprechend dem Modell von <a href=\"https:\/\/www.klaus-janowitz.de\/wordpress\/atlas-of-ai-die-materielle-basis-der-ki-rezension\/\" target=\"_blank\" rel=\"noopener\"><em>Kate Crawford<\/em><\/a>.<\/p>\n<p style=\"text-align: justify;\">Die Frage, wie denn in Zukunft das <em>Neue in die Welt <\/em>kommt, zieht sich durch Hornschuhs gesamten Text. Daran l\u00e4sst sich eine zweite Frage anschliessen: Inwieweit sind die Effekte der KI f\u00fcr den Nutzer\u00a0 beherrschbar? Wie gelingt der Zufluss neuer, innovativer und vielf\u00e4ltiger Inhalte, wenn das Wissen der Welt in einer <em>Datensuppe<\/em> gespeichert ist?\u00a0 KI kann daraus Muster rekombinieren, aber nicht diese Muster brechen.<br \/>\nDaneben bleibt weiterhin die Frage der materiellen Entgeltung kreativer Arbeit und Wirkung. In der Musik mag das Urheberrecht einigermassen funktioniert haben. F\u00fcr Schreibende sind die Aussch\u00fcttungen der VG Wort h\u00f6chstens ein nettes Zubrot.<br \/>\nSeit gut 30 Jahren wird Kultur- und Kreativwirtschaft als eigenst\u00e4ndiger Wirtschaftsfaktor vermessen \u2013 und damit auch politisch und \u00f6konomisch aufgewertet.<\/p>\n<figure id=\"attachment_86865\" aria-describedby=\"caption-attachment-86865\" style=\"width: 252px\" class=\"wp-caption alignright\"><a href=\"https:\/\/i0.wp.com\/www.klaus-janowitz.de\/wordpress\/wp-content\/uploads\/2025\/07\/getty-images-_c3GwBlY7oY-unsplash-scaled.jpg?ssl=1\" target=\"_blank\" rel=\"noopener\"><img data-recalc-dims=\"1\" decoding=\"async\" class=\"wp-image-86865\" src=\"https:\/\/i0.wp.com\/www.klaus-janowitz.de\/wordpress\/wp-content\/uploads\/2025\/07\/getty-images-_c3GwBlY7oY-unsplash.jpg?resize=252%2C252&#038;ssl=1\" alt=\"\" width=\"252\" height=\"252\" srcset=\"https:\/\/i0.wp.com\/www.klaus-janowitz.de\/wordpress\/wp-content\/uploads\/2025\/07\/getty-images-_c3GwBlY7oY-unsplash-scaled.jpg?resize=300%2C300&amp;ssl=1 300w, https:\/\/i0.wp.com\/www.klaus-janowitz.de\/wordpress\/wp-content\/uploads\/2025\/07\/getty-images-_c3GwBlY7oY-unsplash-scaled.jpg?resize=1024%2C1024&amp;ssl=1 1024w, https:\/\/i0.wp.com\/www.klaus-janowitz.de\/wordpress\/wp-content\/uploads\/2025\/07\/getty-images-_c3GwBlY7oY-unsplash-scaled.jpg?resize=150%2C150&amp;ssl=1 150w, https:\/\/i0.wp.com\/www.klaus-janowitz.de\/wordpress\/wp-content\/uploads\/2025\/07\/getty-images-_c3GwBlY7oY-unsplash-scaled.jpg?resize=768%2C768&amp;ssl=1 768w, https:\/\/i0.wp.com\/www.klaus-janowitz.de\/wordpress\/wp-content\/uploads\/2025\/07\/getty-images-_c3GwBlY7oY-unsplash-scaled.jpg?resize=1536%2C1536&amp;ssl=1 1536w, https:\/\/i0.wp.com\/www.klaus-janowitz.de\/wordpress\/wp-content\/uploads\/2025\/07\/getty-images-_c3GwBlY7oY-unsplash-scaled.jpg?resize=2048%2C2048&amp;ssl=1 2048w, https:\/\/i0.wp.com\/www.klaus-janowitz.de\/wordpress\/wp-content\/uploads\/2025\/07\/getty-images-_c3GwBlY7oY-unsplash-scaled.jpg?resize=100%2C100&amp;ssl=1 100w\" sizes=\"(max-width: 252px) 100vw, 252px\" \/><\/a><figcaption id=\"caption-attachment-86865\" class=\"wp-caption-text\">Bild: unsplash +<\/figcaption><\/figure>\n<p style=\"text-align: justify;\">Die heute verbreitete Vorstellung, dass diese Branchen \u00f6konomisch und gesellschaftlich zentral sind, geht wesentlich auf <em><strong>Richard Florida<\/strong><\/em> zur\u00fcck \u2013 auch wenn sein Konzept mittlerweile umstritten ist. Die 2002 von ihm beschriebene <em>Creative Class<\/em> galt als Tr\u00e4ger des \u00dcbergangs von einer industriellen zu einer postindustriellen, wissensbasierten Gesellschaft.<\/p>\n<p style=\"text-align: justify;\">Der Begriff Creative Class war von Beginn an weit gefasst: Gemeint sind alle, die neue Ideen, Technologien und kreative Inhalte schaffen \u2013 von Wissenschaft, Technik und Forschung \u00fcber Management und Beratung bis zu den K\u00fcnstlern der einzelnen Genres. Als gesamtes Cluster sollten sie Wirtschaftswachstum ansto\u00dfen.<\/p>\n<p style=\"text-align: justify;\">Zentral war der Dreiklang von<em> Technologie, Talent, Toleranz<\/em>, als ma\u00dfgeblicher Standortfaktor und Rezept f\u00fcr erfolgreiche urbane Entwicklung. St\u00e4dte warben mit lebendigen Kreativszenen: Berlins zeitweiliges Motto \u201earm, aber sexy&#8221;, der Boom in Barcelona, unz\u00e4hlige Kreativzentren von Lissabon bis Tallinn. Die Creative Class gilt weiterhin als Trendsetter f\u00fcr neue urbane Konsumgewohnheiten \u2013 von Craft Beer bis zur \u00d6ffnung des Konsums zur Popularkultur.<br \/>\nDer Alltag liegt allerdings zwischen Glamour und Prekarit\u00e4t. Kreative haben den Wert zahlloser Stadtviertel erh\u00f6ht, in denen sie sich die explodierenden Mieten oft selbst nicht mehr leisten k\u00f6nnen. Kreative Metropolen wurden oft zu Hotspots von \u00a0<em>Gentrification<\/em> und\u00a0 <a href=\"https:\/\/www.klaus-janowitz.de\/wordpress\/overtourism-eine-kleine-netnographie\/\" target=\"_blank\" rel=\"noopener\">Overtourismus,<\/a> zwischen denen die Kreativen oft zerrieben werden.<\/p>\n<p style=\"text-align: justify;\">Was bleibt? Man kann die Entwicklung kulturpessimistisch sehen und eine Welt erwarten, die immer mehr von Algorithmen gesteuert wird. Man kann einen Crash des KI-Hypes voraussehen \u2013 aber was bleibt dann davon? Es gibt zentralistische \u00dcbergriffe, puristische Verweigerer und begeisterte Nutzer &#8211; und es gibt den regulatorischen Bedarf.<br \/>\nGegen Kulturpessimismus spricht, dass sich kreative Branchen, insbesondere Popularmusik, bisher immer neue Techniken angeeignet haben.<\/p>\n<p>&nbsp;<\/p>\n<p><span style=\"font-size: small;\"><strong>Matthias Hornschuh <\/strong>: Wir geben uns auf. KI, Kultur und die Entwertung der Wissensarbeit. 96 S.\u00a0 Carl Auer Verlag. Update Gesellschaft. 9\/2025. &#8211; u.: <a href=\"https:\/\/www.boersenblatt.net\/news\/verlage-news\/den-kreativen-steht-das-wasser-bis-zum-hals-346749\" target=\"_blank\" rel=\"noopener\">Den Kreativen steht das Wasser bis zum Hals<\/a>. B\u00f6rsenblatt 1.10.24 &#8211; <a href=\"https:\/\/www.carl-auer.de\/magazin\/sounds-of-science\/matthias-hornschuh-wir-geben-uns-auf-ki-kultur-wissensarbeit\" target=\"_blank\" rel=\"noopener\">Sounds of Science &#8211; Podcast zum. Buch<\/a>\u00a0 vgl.: Neue Studie belegt: KI-Training verletzt Urheberrechte. &#8211; KI in der Musikproduktion \u2013 Kreativer Partner oder Bedrohung f\u00fcr die Musikkultur? <strong>Maximilian Burger:<\/strong> <a href=\"https:\/\/www.iit-berlin.de\/wp-content\/uploads\/2025\/02\/20250227_iit-perspektive-78-Urheberrecht_KI_Beitraege_web.pdf\" target=\"_blank\" rel=\"noopener\">Urheberrecht bei KI-generierten Beitr\u00e4gen<\/a>: Handlungsbedarfe und Nutzungschancen f\u00fcr den Bildungskontext 2\/2025. &#8211; <a href=\"https:\/\/www.muzik23.de\/ki-in-der-musikproduktion-kreativer-partner-oder-bedrohung-fuer-die-musikkultur.html\" target=\"_blank\" rel=\"noopener\">KI in der Musikproduktion \u2013 Kreativer Partner oder Bedrohung f\u00fcr die Musikkultur?<\/a> 16.6.25 (musik23)\u00a0 &#8211; <strong>Franziska Busse<\/strong>, <strong>Jan Philipp Albrecht<\/strong>:\u00a0 <a href=\"https:\/\/www.boell.de\/de\/2025\/04\/25\/kuenstliche-intelligenz-als-kreativschaffende-jetzt-braucht-es-die-politik\" target=\"_blank\" rel=\"noopener\">K\u00fcnstliche Intelligenz als Kreativschaffende<\/a>?\u00a0 25.04.25 (Heinrich- B\u00f6ll Stiftung).\u00a0<\/span><\/p>\n<p><!-- Matomo --><br \/>\n<script type=\"text\/javascript\">\n  var _paq = window._paq || [];\n  \/* tracker methods like \"setCustomDimension\" should be called before \"trackPageView\" *\/\n  _paq.push(['trackPageView']); \n  _paq.push(['enableLinkTracking']);\n  (function() {\n    var u=\"\/\/www.klaus-janowitz.de\/piwik\/\";\n    _paq.push(['setTrackerUrl', u+'matomo.php']);\n    _paq.push(['setSiteId', '1']);\n    var d=document, g=d.createElement('script'), s=d.getElementsByTagName('script')[0];\n    g.type='text\/javascript'; g.async=true; g.defer=true; g.src=u+'matomo.js'; s.parentNode.insertBefore(g,s);\n  })();\n<\/script><br \/>\n<!-- End Matomo Code --><\/p>\n","protected":false},"excerpt":{"rendered":"<p>Wir geben uns auf nennt Autor Matthias Hornschuh seine Schrift zu KI, Kultur und die Entwertung der Wissensarbeit. Seine Perspektive ist die der Kulturproduzenten &#8211; deren Interessenvertreter (Initiative Urheberrecht) er ist.\u00a0 Das Buch ist eine Verteidigung der Unersetzlichkeit subjektiver Erfahrung, eine Streitschrift f\u00fcr das Recht auf Autoren- und Urheberschaft &#8211; und eine angemessene Beteiligung an &hellip; <\/p>\n<p class=\"link-more\"><a href=\"https:\/\/www.klaus-janowitz.de\/wordpress\/der-wert-von-kultur-und-wissensarbeit-im-zeitalter-von-ki\/\" class=\"more-link\"><span class=\"screen-reader-text\">\u201eDer Wert von Kultur- und Wissensarbeit im Zeitalter von KI\u201c <\/span>weiterlesen<\/a><\/p>\n","protected":false},"author":1,"featured_media":0,"comment_status":"open","ping_status":"open","sticky":false,"template":"","format":"standard","meta":{"jetpack_post_was_ever_published":false,"_jetpack_newsletter_access":"","_jetpack_dont_email_post_to_subs":false,"_jetpack_newsletter_tier_id":0,"_jetpack_memberships_contains_paywalled_content":false,"_jetpack_memberships_contains_paid_content":false,"activitypub_content_warning":"","activitypub_content_visibility":"","activitypub_max_image_attachments":4,"activitypub_interaction_policy_quote":"","activitypub_status":"","footnotes":"","jetpack_publicize_message":"","jetpack_publicize_feature_enabled":true,"jetpack_social_post_already_shared":true,"jetpack_social_options":{"image_generator_settings":{"template":"highway","default_image_id":0,"font":"","enabled":false},"version":2}},"categories":[1,170,67],"tags":[124,115,61],"class_list":["post-87367","post","type-post","status-publish","format-standard","hentry","category-allgemein","category-ki","category-rezensionen","tag-datenkapitalismus","tag-ki","tag-rezension"],"yoast_head":"<!-- This site is optimized with the Yoast SEO plugin v27.4 - https:\/\/yoast.com\/product\/yoast-seo-wordpress\/ -->\n<title>Der Wert von Kultur- und Wissensarbeit im Zeitalter von KI - Netnographie &amp; Digitaler Wandel<\/title>\n<meta name=\"description\" content=\"&quot;Wir geben uns auf&quot; ist eine Streitschrift zu KI, Kultur und die Entwertung der Wissensarbeit und Verteidigung der Unersetzlichkeit subjektiver Erfahrung.\" \/>\n<meta name=\"robots\" content=\"index, follow, max-snippet:-1, max-image-preview:large, max-video-preview:-1\" \/>\n<link rel=\"canonical\" href=\"https:\/\/www.klaus-janowitz.de\/wordpress\/der-wert-von-kultur-und-wissensarbeit-im-zeitalter-von-ki\/\" \/>\n<meta property=\"og:locale\" content=\"de_DE\" \/>\n<meta property=\"og:type\" content=\"article\" \/>\n<meta property=\"og:title\" content=\"Der Wert von Kultur- und Wissensarbeit im Zeitalter von KI - Netnographie &amp; Digitaler Wandel\" \/>\n<meta property=\"og:description\" content=\"&quot;Wir geben uns auf&quot; ist eine Streitschrift zu KI, Kultur und die Entwertung der Wissensarbeit und Verteidigung der Unersetzlichkeit subjektiver Erfahrung.\" \/>\n<meta property=\"og:url\" content=\"https:\/\/www.klaus-janowitz.de\/wordpress\/der-wert-von-kultur-und-wissensarbeit-im-zeitalter-von-ki\/\" \/>\n<meta property=\"og:site_name\" content=\"Netnographie &amp; Digitaler Wandel\" \/>\n<meta property=\"article:published_time\" content=\"2025-10-19T19:53:58+00:00\" \/>\n<meta property=\"article:modified_time\" content=\"2025-11-26T13:31:57+00:00\" \/>\n<meta property=\"og:image\" content=\"https:\/\/www.klaus-janowitz.de\/wordpress\/wp-content\/uploads\/2025\/10\/Hornschuh_KI-200x300.jpg\" \/>\n<meta name=\"author\" content=\"KlausMJan\" \/>\n<meta name=\"twitter:card\" content=\"summary_large_image\" \/>\n<meta name=\"twitter:label1\" content=\"Verfasst von\" \/>\n\t<meta name=\"twitter:data1\" content=\"KlausMJan\" \/>\n\t<meta name=\"twitter:label2\" content=\"Gesch\u00e4tzte Lesezeit\" \/>\n\t<meta name=\"twitter:data2\" content=\"9\u00a0Minuten\" \/>\n<script type=\"application\/ld+json\" class=\"yoast-schema-graph\">{\"@context\":\"https:\\\/\\\/schema.org\",\"@graph\":[{\"@type\":\"Article\",\"@id\":\"https:\\\/\\\/www.klaus-janowitz.de\\\/wordpress\\\/der-wert-von-kultur-und-wissensarbeit-im-zeitalter-von-ki\\\/#article\",\"isPartOf\":{\"@id\":\"https:\\\/\\\/www.klaus-janowitz.de\\\/wordpress\\\/der-wert-von-kultur-und-wissensarbeit-im-zeitalter-von-ki\\\/\"},\"author\":{\"name\":\"KlausMJan\",\"@id\":\"https:\\\/\\\/www.klaus-janowitz.de\\\/wordpress\\\/#\\\/schema\\\/person\\\/010eda704157cb8ce4370bfd0376c858\"},\"headline\":\"Der Wert von Kultur- und Wissensarbeit im Zeitalter von KI\",\"datePublished\":\"2025-10-19T19:53:58+00:00\",\"dateModified\":\"2025-11-26T13:31:57+00:00\",\"mainEntityOfPage\":{\"@id\":\"https:\\\/\\\/www.klaus-janowitz.de\\\/wordpress\\\/der-wert-von-kultur-und-wissensarbeit-im-zeitalter-von-ki\\\/\"},\"wordCount\":1626,\"commentCount\":3,\"image\":{\"@id\":\"https:\\\/\\\/www.klaus-janowitz.de\\\/wordpress\\\/der-wert-von-kultur-und-wissensarbeit-im-zeitalter-von-ki\\\/#primaryimage\"},\"thumbnailUrl\":\"https:\\\/\\\/www.klaus-janowitz.de\\\/wordpress\\\/wp-content\\\/uploads\\\/2025\\\/10\\\/Hornschuh_KI-200x300.jpg\",\"keywords\":[\"Datenkapitalismus\",\"KI\",\"Rezension\"],\"articleSection\":{\"1\":\"KI\",\"2\":\"Rezensionen\"},\"inLanguage\":\"de\",\"potentialAction\":[{\"@type\":\"CommentAction\",\"name\":\"Comment\",\"target\":[\"https:\\\/\\\/www.klaus-janowitz.de\\\/wordpress\\\/der-wert-von-kultur-und-wissensarbeit-im-zeitalter-von-ki\\\/#respond\"]}]},{\"@type\":\"WebPage\",\"@id\":\"https:\\\/\\\/www.klaus-janowitz.de\\\/wordpress\\\/der-wert-von-kultur-und-wissensarbeit-im-zeitalter-von-ki\\\/\",\"url\":\"https:\\\/\\\/www.klaus-janowitz.de\\\/wordpress\\\/der-wert-von-kultur-und-wissensarbeit-im-zeitalter-von-ki\\\/\",\"name\":\"Der Wert von Kultur- und Wissensarbeit im Zeitalter von KI - Netnographie &amp; Digitaler Wandel\",\"isPartOf\":{\"@id\":\"https:\\\/\\\/www.klaus-janowitz.de\\\/wordpress\\\/#website\"},\"primaryImageOfPage\":{\"@id\":\"https:\\\/\\\/www.klaus-janowitz.de\\\/wordpress\\\/der-wert-von-kultur-und-wissensarbeit-im-zeitalter-von-ki\\\/#primaryimage\"},\"image\":{\"@id\":\"https:\\\/\\\/www.klaus-janowitz.de\\\/wordpress\\\/der-wert-von-kultur-und-wissensarbeit-im-zeitalter-von-ki\\\/#primaryimage\"},\"thumbnailUrl\":\"https:\\\/\\\/www.klaus-janowitz.de\\\/wordpress\\\/wp-content\\\/uploads\\\/2025\\\/10\\\/Hornschuh_KI-200x300.jpg\",\"datePublished\":\"2025-10-19T19:53:58+00:00\",\"dateModified\":\"2025-11-26T13:31:57+00:00\",\"author\":{\"@id\":\"https:\\\/\\\/www.klaus-janowitz.de\\\/wordpress\\\/#\\\/schema\\\/person\\\/010eda704157cb8ce4370bfd0376c858\"},\"description\":\"\\\"Wir geben uns auf\\\" ist eine Streitschrift zu KI, Kultur und die Entwertung der Wissensarbeit und Verteidigung der Unersetzlichkeit subjektiver Erfahrung.\",\"breadcrumb\":{\"@id\":\"https:\\\/\\\/www.klaus-janowitz.de\\\/wordpress\\\/der-wert-von-kultur-und-wissensarbeit-im-zeitalter-von-ki\\\/#breadcrumb\"},\"inLanguage\":\"de\",\"potentialAction\":[{\"@type\":\"ReadAction\",\"target\":[\"https:\\\/\\\/www.klaus-janowitz.de\\\/wordpress\\\/der-wert-von-kultur-und-wissensarbeit-im-zeitalter-von-ki\\\/\"]}]},{\"@type\":\"ImageObject\",\"inLanguage\":\"de\",\"@id\":\"https:\\\/\\\/www.klaus-janowitz.de\\\/wordpress\\\/der-wert-von-kultur-und-wissensarbeit-im-zeitalter-von-ki\\\/#primaryimage\",\"url\":\"https:\\\/\\\/i0.wp.com\\\/www.klaus-janowitz.de\\\/wordpress\\\/wp-content\\\/uploads\\\/2025\\\/10\\\/Hornschuh_KI.jpg?fit=1458%2C2187&ssl=1\",\"contentUrl\":\"https:\\\/\\\/i0.wp.com\\\/www.klaus-janowitz.de\\\/wordpress\\\/wp-content\\\/uploads\\\/2025\\\/10\\\/Hornschuh_KI.jpg?fit=1458%2C2187&ssl=1\",\"width\":1458,\"height\":2187},{\"@type\":\"BreadcrumbList\",\"@id\":\"https:\\\/\\\/www.klaus-janowitz.de\\\/wordpress\\\/der-wert-von-kultur-und-wissensarbeit-im-zeitalter-von-ki\\\/#breadcrumb\",\"itemListElement\":[{\"@type\":\"ListItem\",\"position\":1,\"name\":\"Startseite\",\"item\":\"https:\\\/\\\/www.klaus-janowitz.de\\\/wordpress\\\/\"},{\"@type\":\"ListItem\",\"position\":2,\"name\":\"Der Wert von Kultur- und Wissensarbeit im Zeitalter von KI\"}]},{\"@type\":\"WebSite\",\"@id\":\"https:\\\/\\\/www.klaus-janowitz.de\\\/wordpress\\\/#website\",\"url\":\"https:\\\/\\\/www.klaus-janowitz.de\\\/wordpress\\\/\",\"name\":\"Netnographie &amp; Digitaler Wandel\",\"description\":\"Blog rund um die Themen Netnographie, Online-Kultur und Digitalen Wandel\",\"potentialAction\":[{\"@type\":\"SearchAction\",\"target\":{\"@type\":\"EntryPoint\",\"urlTemplate\":\"https:\\\/\\\/www.klaus-janowitz.de\\\/wordpress\\\/?s={search_term_string}\"},\"query-input\":{\"@type\":\"PropertyValueSpecification\",\"valueRequired\":true,\"valueName\":\"search_term_string\"}}],\"inLanguage\":\"de\"},{\"@type\":\"Person\",\"@id\":\"https:\\\/\\\/www.klaus-janowitz.de\\\/wordpress\\\/#\\\/schema\\\/person\\\/010eda704157cb8ce4370bfd0376c858\",\"name\":\"KlausMJan\",\"image\":{\"@type\":\"ImageObject\",\"inLanguage\":\"de\",\"@id\":\"https:\\\/\\\/secure.gravatar.com\\\/avatar\\\/94d3059bf264a4da1fe44d92721e645980d64122c3365532a3b1517b78db5093?s=96&r=g\",\"url\":\"https:\\\/\\\/secure.gravatar.com\\\/avatar\\\/94d3059bf264a4da1fe44d92721e645980d64122c3365532a3b1517b78db5093?s=96&r=g\",\"contentUrl\":\"https:\\\/\\\/secure.gravatar.com\\\/avatar\\\/94d3059bf264a4da1fe44d92721e645980d64122c3365532a3b1517b78db5093?s=96&r=g\",\"caption\":\"KlausMJan\"},\"sameAs\":[\"http:\\\/\\\/www.netnographie.eu\\\/wordpress\"],\"url\":\"https:\\\/\\\/www.klaus-janowitz.de\\\/wordpress\\\/author\\\/klausmjan\\\/\"}]}<\/script>\n<!-- \/ Yoast SEO plugin. -->","yoast_head_json":{"title":"Der Wert von Kultur- und Wissensarbeit im Zeitalter von KI - Netnographie &amp; Digitaler Wandel","description":"\"Wir geben uns auf\" ist eine Streitschrift zu KI, Kultur und die Entwertung der Wissensarbeit und Verteidigung der Unersetzlichkeit subjektiver Erfahrung.","robots":{"index":"index","follow":"follow","max-snippet":"max-snippet:-1","max-image-preview":"max-image-preview:large","max-video-preview":"max-video-preview:-1"},"canonical":"https:\/\/www.klaus-janowitz.de\/wordpress\/der-wert-von-kultur-und-wissensarbeit-im-zeitalter-von-ki\/","og_locale":"de_DE","og_type":"article","og_title":"Der Wert von Kultur- und Wissensarbeit im Zeitalter von KI - Netnographie &amp; Digitaler Wandel","og_description":"\"Wir geben uns auf\" ist eine Streitschrift zu KI, Kultur und die Entwertung der Wissensarbeit und Verteidigung der Unersetzlichkeit subjektiver Erfahrung.","og_url":"https:\/\/www.klaus-janowitz.de\/wordpress\/der-wert-von-kultur-und-wissensarbeit-im-zeitalter-von-ki\/","og_site_name":"Netnographie &amp; Digitaler Wandel","article_published_time":"2025-10-19T19:53:58+00:00","article_modified_time":"2025-11-26T13:31:57+00:00","og_image":[{"url":"https:\/\/www.klaus-janowitz.de\/wordpress\/wp-content\/uploads\/2025\/10\/Hornschuh_KI-200x300.jpg","type":"","width":"","height":""}],"author":"KlausMJan","twitter_card":"summary_large_image","twitter_misc":{"Verfasst von":"KlausMJan","Gesch\u00e4tzte Lesezeit":"9\u00a0Minuten"},"schema":{"@context":"https:\/\/schema.org","@graph":[{"@type":"Article","@id":"https:\/\/www.klaus-janowitz.de\/wordpress\/der-wert-von-kultur-und-wissensarbeit-im-zeitalter-von-ki\/#article","isPartOf":{"@id":"https:\/\/www.klaus-janowitz.de\/wordpress\/der-wert-von-kultur-und-wissensarbeit-im-zeitalter-von-ki\/"},"author":{"name":"KlausMJan","@id":"https:\/\/www.klaus-janowitz.de\/wordpress\/#\/schema\/person\/010eda704157cb8ce4370bfd0376c858"},"headline":"Der Wert von Kultur- und Wissensarbeit im Zeitalter von KI","datePublished":"2025-10-19T19:53:58+00:00","dateModified":"2025-11-26T13:31:57+00:00","mainEntityOfPage":{"@id":"https:\/\/www.klaus-janowitz.de\/wordpress\/der-wert-von-kultur-und-wissensarbeit-im-zeitalter-von-ki\/"},"wordCount":1626,"commentCount":3,"image":{"@id":"https:\/\/www.klaus-janowitz.de\/wordpress\/der-wert-von-kultur-und-wissensarbeit-im-zeitalter-von-ki\/#primaryimage"},"thumbnailUrl":"https:\/\/www.klaus-janowitz.de\/wordpress\/wp-content\/uploads\/2025\/10\/Hornschuh_KI-200x300.jpg","keywords":["Datenkapitalismus","KI","Rezension"],"articleSection":{"1":"KI","2":"Rezensionen"},"inLanguage":"de","potentialAction":[{"@type":"CommentAction","name":"Comment","target":["https:\/\/www.klaus-janowitz.de\/wordpress\/der-wert-von-kultur-und-wissensarbeit-im-zeitalter-von-ki\/#respond"]}]},{"@type":"WebPage","@id":"https:\/\/www.klaus-janowitz.de\/wordpress\/der-wert-von-kultur-und-wissensarbeit-im-zeitalter-von-ki\/","url":"https:\/\/www.klaus-janowitz.de\/wordpress\/der-wert-von-kultur-und-wissensarbeit-im-zeitalter-von-ki\/","name":"Der Wert von Kultur- und Wissensarbeit im Zeitalter von KI - Netnographie &amp; Digitaler Wandel","isPartOf":{"@id":"https:\/\/www.klaus-janowitz.de\/wordpress\/#website"},"primaryImageOfPage":{"@id":"https:\/\/www.klaus-janowitz.de\/wordpress\/der-wert-von-kultur-und-wissensarbeit-im-zeitalter-von-ki\/#primaryimage"},"image":{"@id":"https:\/\/www.klaus-janowitz.de\/wordpress\/der-wert-von-kultur-und-wissensarbeit-im-zeitalter-von-ki\/#primaryimage"},"thumbnailUrl":"https:\/\/www.klaus-janowitz.de\/wordpress\/wp-content\/uploads\/2025\/10\/Hornschuh_KI-200x300.jpg","datePublished":"2025-10-19T19:53:58+00:00","dateModified":"2025-11-26T13:31:57+00:00","author":{"@id":"https:\/\/www.klaus-janowitz.de\/wordpress\/#\/schema\/person\/010eda704157cb8ce4370bfd0376c858"},"description":"\"Wir geben uns auf\" ist eine Streitschrift zu KI, Kultur und die Entwertung der Wissensarbeit und Verteidigung der Unersetzlichkeit subjektiver Erfahrung.","breadcrumb":{"@id":"https:\/\/www.klaus-janowitz.de\/wordpress\/der-wert-von-kultur-und-wissensarbeit-im-zeitalter-von-ki\/#breadcrumb"},"inLanguage":"de","potentialAction":[{"@type":"ReadAction","target":["https:\/\/www.klaus-janowitz.de\/wordpress\/der-wert-von-kultur-und-wissensarbeit-im-zeitalter-von-ki\/"]}]},{"@type":"ImageObject","inLanguage":"de","@id":"https:\/\/www.klaus-janowitz.de\/wordpress\/der-wert-von-kultur-und-wissensarbeit-im-zeitalter-von-ki\/#primaryimage","url":"https:\/\/i0.wp.com\/www.klaus-janowitz.de\/wordpress\/wp-content\/uploads\/2025\/10\/Hornschuh_KI.jpg?fit=1458%2C2187&ssl=1","contentUrl":"https:\/\/i0.wp.com\/www.klaus-janowitz.de\/wordpress\/wp-content\/uploads\/2025\/10\/Hornschuh_KI.jpg?fit=1458%2C2187&ssl=1","width":1458,"height":2187},{"@type":"BreadcrumbList","@id":"https:\/\/www.klaus-janowitz.de\/wordpress\/der-wert-von-kultur-und-wissensarbeit-im-zeitalter-von-ki\/#breadcrumb","itemListElement":[{"@type":"ListItem","position":1,"name":"Startseite","item":"https:\/\/www.klaus-janowitz.de\/wordpress\/"},{"@type":"ListItem","position":2,"name":"Der Wert von Kultur- und Wissensarbeit im Zeitalter von KI"}]},{"@type":"WebSite","@id":"https:\/\/www.klaus-janowitz.de\/wordpress\/#website","url":"https:\/\/www.klaus-janowitz.de\/wordpress\/","name":"Netnographie &amp; Digitaler Wandel","description":"Blog rund um die Themen Netnographie, Online-Kultur und Digitalen Wandel","potentialAction":[{"@type":"SearchAction","target":{"@type":"EntryPoint","urlTemplate":"https:\/\/www.klaus-janowitz.de\/wordpress\/?s={search_term_string}"},"query-input":{"@type":"PropertyValueSpecification","valueRequired":true,"valueName":"search_term_string"}}],"inLanguage":"de"},{"@type":"Person","@id":"https:\/\/www.klaus-janowitz.de\/wordpress\/#\/schema\/person\/010eda704157cb8ce4370bfd0376c858","name":"KlausMJan","image":{"@type":"ImageObject","inLanguage":"de","@id":"https:\/\/secure.gravatar.com\/avatar\/94d3059bf264a4da1fe44d92721e645980d64122c3365532a3b1517b78db5093?s=96&r=g","url":"https:\/\/secure.gravatar.com\/avatar\/94d3059bf264a4da1fe44d92721e645980d64122c3365532a3b1517b78db5093?s=96&r=g","contentUrl":"https:\/\/secure.gravatar.com\/avatar\/94d3059bf264a4da1fe44d92721e645980d64122c3365532a3b1517b78db5093?s=96&r=g","caption":"KlausMJan"},"sameAs":["http:\/\/www.netnographie.eu\/wordpress"],"url":"https:\/\/www.klaus-janowitz.de\/wordpress\/author\/klausmjan\/"}]}},"jetpack_publicize_connections":[],"jetpack_featured_media_url":"","jetpack_sharing_enabled":true,"jetpack_shortlink":"https:\/\/wp.me\/p15Wn2-mJ9","jetpack_likes_enabled":true,"jetpack-related-posts":[{"id":87185,"url":"https:\/\/www.klaus-janowitz.de\/wordpress\/ki-als-strukturverstaerker-macht-algoritmen-und-autorenschaft\/","url_meta":{"origin":87367,"position":0},"title":"KI  als Strukturverst\u00e4rker &#8211; Macht, Algoritmen und Autorenschaft","author":"KlausMJan","date":"15. September 2025","format":false,"excerpt":"KI ist Gamechanger, \u00a0dar\u00fcber sind sich fast alle einig. Dar\u00fcber wie sich die Spielregeln \u00e4ndern sollen, nicht. Einstellungen und Haltungen zu KI gehen weit auseinander, die Diskussionen verlaufen meist innerhalb bestehender Gruppierungen, die den jeweiligen\u00a0 Deutungslogiken folgen. Gr\u00fcnde daf\u00fcr, dass sich die Diskurse kaum treffen, gibt es viele. KI greift\u2026","rel":"","context":"In &quot;Allgemein&quot;","block_context":{"text":"Allgemein","link":"https:\/\/www.klaus-janowitz.de\/wordpress\/category\/allgemein\/"},"img":{"alt_text":"","src":"https:\/\/i0.wp.com\/www.klaus-janowitz.de\/wordpress\/wp-content\/uploads\/2025\/06\/steve-johnson-KI-300x169.jpg?resize=350%2C200&ssl=1","width":350,"height":200},"classes":[]},{"id":87623,"url":"https:\/\/www.klaus-janowitz.de\/wordpress\/sprachmaschinen-eine-philosophie-der-kuenstlichen-intelligenz-rez\/","url_meta":{"origin":87367,"position":1},"title":"Sprachmaschinen &#8211; eine Philosophie der k\u00fcnstlichen Intelligenz &#8211; (Rez.)","author":"KlausMJan","date":"12. Dezember 2025","format":false,"excerpt":"Jede Technik hat die Macht, ihren ahnungslosen Nutzern die eigene Logik aufzudr\u00e4ngen \u2013 so beginnt es im Klappentext.\u00a0 Zitierf\u00e4hige S\u00e4tze und wirkungsvolle Sprachbilder gibt es zuhauf in\u00a0\u00a0Sprachmaschinen\u00a0\u2013\u00a0eine Philosophie der k\u00fcnstlichen Intelligenz\u00a0von\u00a0Roberto Simanowski. Drei Jahre seit der Verbreitung von generativer KI tritt die Frage nach ihrer\u00a0Wirkung\u00a0auf unser Denken in den Vordergrund.\u00a0Large\u2026","rel":"","context":"In &quot;Allgemein&quot;","block_context":{"text":"Allgemein","link":"https:\/\/www.klaus-janowitz.de\/wordpress\/category\/allgemein\/"},"img":{"alt_text":"","src":"https:\/\/i0.wp.com\/www.klaus-janowitz.de\/wordpress\/wp-content\/uploads\/2025\/12\/Sprachmaschinen-175x300.jpg?resize=350%2C200&ssl=1","width":350,"height":200},"classes":[]},{"id":16497,"url":"https:\/\/www.klaus-janowitz.de\/wordpress\/das-ende-der-illusionen-politik-oekonomie-und-kultur-in-der-spaetmoderne-rezension\/","url_meta":{"origin":87367,"position":2},"title":"Das Ende der Illusionen. Politik, \u00d6konomie und Kultur in der Sp\u00e4tmoderne (Rezension)","author":"KlausMJan","date":"30. April 2020","format":false,"excerpt":"Das Ende der Illusionen -\u00a0 gemeint ist damit das Ende einer von Fortschrittsoptimismus gepr\u00e4gten liberalen Grundhaltung, die seit 1989 dreissig Jahre lang bestimmend war. Auch der Prozess der Digitalisierung als pr\u00e4gende technologische Entwicklung reiht sich in dieser Sicht\u00a0 in das Fortschrittsnarrativ ein. Andreas Reckwitz' Thema ist der Wandel in der\u2026","rel":"","context":"In &quot;Allgemein&quot;","block_context":{"text":"Allgemein","link":"https:\/\/www.klaus-janowitz.de\/wordpress\/category\/allgemein\/"},"img":{"alt_text":"","src":"https:\/\/i0.wp.com\/www.klaus-janowitz.de\/wordpress\/wp-content\/uploads\/2020\/02\/Reckwitz_Ende_der_Illusionen-184x300.jpeg?resize=350%2C200&ssl=1","width":350,"height":200},"classes":[]},{"id":87510,"url":"https:\/\/www.klaus-janowitz.de\/wordpress\/das-politische-jahr-2025-und-seine-bilder\/","url_meta":{"origin":87367,"position":3},"title":"Das politische Jahr 2025 und seine Bilder","author":"KlausMJan","date":"18. November 2025","format":false,"excerpt":"Wie kommt man dazu, einen Jahresr\u00fcckblick zu schreiben,\u00a0 wenn gerade erst die Bl\u00e4tter gefallen sind? Das politische Jahr 2025 begann mit der 2. Trump-Wahl am 5. Nov. 2024, gleich am n\u00e4chsten Abend liess die FDP die Ampel platzen. Zwei Einschnitte an einem Tag, die seitdem mit der Zeitgeschichte des 21.\u2026","rel":"","context":"In &quot;Allgemein&quot;","block_context":{"text":"Allgemein","link":"https:\/\/www.klaus-janowitz.de\/wordpress\/category\/allgemein\/"},"img":{"alt_text":"","src":"https:\/\/i0.wp.com\/www.klaus-janowitz.de\/wordpress\/wp-content\/uploads\/2025\/11\/Oligopol-300x171.jpg?resize=350%2C200&ssl=1","width":350,"height":200},"classes":[]},{"id":86340,"url":"https:\/\/www.klaus-janowitz.de\/wordpress\/die-sozialisation-von-maschinen-kuenstliche-intelligenz-transformation-und-krisen-in-wirtschaft-und-gesellschaft\/","url_meta":{"origin":87367,"position":4},"title":"Die Sozialisation von Maschinen &#8211; K\u00fcnstliche Intelligenz: Transformation und Krisen in Wirtschaft und Gesellschaft","author":"KlausMJan","date":"24. April 2025","format":false,"excerpt":"Zu fragen, wie etwas funktioniert, ist der beste Zugang zur Wirklichkeit. Das gilt ebenso f\u00fcr Maschinen, die die zentrale Funktionen des Gehirns gleichwertig imitieren und in vielerlei Hinsicht dessen Leistungsf\u00e4higkeit \u00fcbertreffen (12). K\u00fcnstliche Intelligenz: Transformation und Krisen in Wirtschaft und Gesellschaft ist ein langer, sperrig-n\u00fcchterner Titel, hinter dem ein\u00a0 komplexer\u2026","rel":"","context":"In &quot;Allgemein&quot;","block_context":{"text":"Allgemein","link":"https:\/\/www.klaus-janowitz.de\/wordpress\/category\/allgemein\/"},"img":{"alt_text":"","src":"https:\/\/i0.wp.com\/www.klaus-janowitz.de\/wordpress\/wp-content\/uploads\/2025\/04\/KI_FWitt-696x1024.jpg?resize=350%2C200&ssl=1","width":350,"height":200},"classes":[]},{"id":84431,"url":"https:\/\/www.klaus-janowitz.de\/wordpress\/code-vorurteil-ki-und-die-nebenwirkungen\/","url_meta":{"origin":87367,"position":5},"title":"Code &#038; Vorurteil  &#8211; KI  und die Nebenwirkungen","author":"KlausMJan","date":"16. April 2024","format":false,"excerpt":"KI ist im zweiten Jahr des Hype, mit einer gewissen Verz\u00f6gerung \u00a0auf dem Buchmarkt. In Code & Vorurteil - \u00fcber k\u00fcnstliche Intelligenz, Rassismus und Antisemitismus geht es um Nebenwirkungen der KI.\u00a0Ein Sammelband mit 18 Einzelbeitr\u00e4gen + Glossar. Mit Schwerpunkten zum Verh\u00e4ltnis KI zu\u00a0 strukturellen Ungleichheiten, Fake & Unfake, Kontrolle. Herausgeber\u2026","rel":"","context":"In &quot;Allgemein&quot;","block_context":{"text":"Allgemein","link":"https:\/\/www.klaus-janowitz.de\/wordpress\/category\/allgemein\/"},"img":{"alt_text":"","src":"https:\/\/i0.wp.com\/www.klaus-janowitz.de\/wordpress\/wp-content\/uploads\/2024\/03\/CodeVorurteil-194x300.jpg?resize=350%2C200&ssl=1","width":350,"height":200},"classes":[]}],"_links":{"self":[{"href":"https:\/\/www.klaus-janowitz.de\/wordpress\/wp-json\/wp\/v2\/posts\/87367","targetHints":{"allow":["GET"]}}],"collection":[{"href":"https:\/\/www.klaus-janowitz.de\/wordpress\/wp-json\/wp\/v2\/posts"}],"about":[{"href":"https:\/\/www.klaus-janowitz.de\/wordpress\/wp-json\/wp\/v2\/types\/post"}],"author":[{"embeddable":true,"href":"https:\/\/www.klaus-janowitz.de\/wordpress\/wp-json\/wp\/v2\/users\/1"}],"replies":[{"embeddable":true,"href":"https:\/\/www.klaus-janowitz.de\/wordpress\/wp-json\/wp\/v2\/comments?post=87367"}],"version-history":[{"count":60,"href":"https:\/\/www.klaus-janowitz.de\/wordpress\/wp-json\/wp\/v2\/posts\/87367\/revisions"}],"predecessor-version":[{"id":87597,"href":"https:\/\/www.klaus-janowitz.de\/wordpress\/wp-json\/wp\/v2\/posts\/87367\/revisions\/87597"}],"wp:attachment":[{"href":"https:\/\/www.klaus-janowitz.de\/wordpress\/wp-json\/wp\/v2\/media?parent=87367"}],"wp:term":[{"taxonomy":"category","embeddable":true,"href":"https:\/\/www.klaus-janowitz.de\/wordpress\/wp-json\/wp\/v2\/categories?post=87367"},{"taxonomy":"post_tag","embeddable":true,"href":"https:\/\/www.klaus-janowitz.de\/wordpress\/wp-json\/wp\/v2\/tags?post=87367"}],"curies":[{"name":"wp","href":"https:\/\/api.w.org\/{rel}","templated":true}]}}