{"id":87160,"date":"2025-08-31T18:36:46","date_gmt":"2025-08-31T16:36:46","guid":{"rendered":"https:\/\/www.klaus-janowitz.de\/wordpress\/?p=87160"},"modified":"2025-12-17T21:07:20","modified_gmt":"2025-12-17T20:07:20","slug":"stille-umbrueche-was-ki-wirklich-veraendert","status":"publish","type":"post","link":"https:\/\/www.klaus-janowitz.de\/wordpress\/stille-umbrueche-was-ki-wirklich-veraendert\/","title":{"rendered":"Stille Umbr\u00fcche\u00a0 &#8211; Was KI wirklich ver\u00e4ndert. R\u00fcckblick auf das Autorengespr\u00e4ch mit Frank Witt"},"content":{"rendered":"<figure id=\"attachment_87163\" aria-describedby=\"caption-attachment-87163\" style=\"width: 249px\" class=\"wp-caption alignright\"><a href=\"https:\/\/www.startplatz.de\/event\/stille-umbr%C3%BCche-was-ki-wirklich-ver%C3%A4ndert%E2%80%93diskussion-mit-autor-frank-h-witt-2025-08-28\/\" target=\"_blank\" rel=\"noopener\"><img data-recalc-dims=\"1\" fetchpriority=\"high\" decoding=\"async\" class=\"wp-image-87163 size-medium\" src=\"https:\/\/i0.wp.com\/www.klaus-janowitz.de\/wordpress\/wp-content\/uploads\/2025\/08\/Startplatz.jpg?resize=249%2C300&#038;ssl=1\" alt=\"\" width=\"249\" height=\"300\" srcset=\"https:\/\/i0.wp.com\/www.klaus-janowitz.de\/wordpress\/wp-content\/uploads\/2025\/08\/Startplatz.jpg?resize=249%2C300&amp;ssl=1 249w, https:\/\/i0.wp.com\/www.klaus-janowitz.de\/wordpress\/wp-content\/uploads\/2025\/08\/Startplatz.jpg?resize=849%2C1024&amp;ssl=1 849w, https:\/\/i0.wp.com\/www.klaus-janowitz.de\/wordpress\/wp-content\/uploads\/2025\/08\/Startplatz.jpg?resize=768%2C927&amp;ssl=1 768w, https:\/\/i0.wp.com\/www.klaus-janowitz.de\/wordpress\/wp-content\/uploads\/2025\/08\/Startplatz.jpg?w=866&amp;ssl=1 866w\" sizes=\"(max-width: 249px) 100vw, 249px\" \/><\/a><figcaption id=\"caption-attachment-87163\" class=\"wp-caption-text\">Buchvorstellung und Diskussion<\/figcaption><\/figure>\n<p style=\"text-align: justify;\">Am letzten Donnerstag (28.08) hatten wir in den K\u00f6lner <em>Startplatz<\/em> eingeladen: <em>Stille Umbr\u00fcche\u00a0 &#8211; Was KI wirklich ver\u00e4ndert,<\/em> eine Diskussion\u00a0 mit dem Autor <em><strong>Frank Witt<\/strong><\/em>.<\/p>\n<p style=\"text-align: justify;\">Sein Buch\u00a0 <em><strong>K\u00fcnstliche Intelligenz: Transformation und Krisen in Wirtschaft und Gesellschaft<\/strong><\/em> war im Fr\u00fchjahr diesen Jahres erschienen. Zu diesem Buch gab es auch in diesem Blog eine <a href=\"https:\/\/www.klaus-janowitz.de\/wordpress\/die-sozialisation-von-maschinen-kuenstliche-intelligenz-transformation-und-krisen-in-wirtschaft-und-gesellschaft\/\" target=\"_blank\" rel=\"noopener\">Rezension<\/a>, eine weitere von<em> <a href=\"https:\/\/ichsagmal.com\/die-maschine-denkt-wie-ein-kind-und-uns-davon-zum-neuen-ki-opus-von-professor-frank-h-witt\/\" target=\"_blank\" rel=\"noopener\">Gunnar Sohn<\/a><\/em>.<br \/>\nSeit 2023 ist der <a href=\"https:\/\/startplatz-ai-hub.de\/\" target=\"_blank\" rel=\"noopener\"><em>Startplatz\u00a0 AI Hub<\/em><\/a>\u00a0 offizielles Innovationszentrum f\u00fcr die deutsche KI-Community in K\u00f6ln und D\u00fcsseldorf. Somit eine erste Adresse f\u00fcr Veranstaltungen dieser Art.<\/p>\n<p style=\"text-align: justify;\"><em>Vorweg<\/em>: Was der Veranstaltung an Masse fehlte, machte sie durch Klasse wett: Die engagierte Beteiligung und die beeindruckende technische Kompetenz der Teilnehmer f\u00fchrten dazu, dass die Diskussionen knapp zwei Stunden \u00fcber den vorgesehenen Zeitrahmen hinausgingen.<\/p>\n<p style=\"text-align: justify;\">Bereits die konzeptionelle Ausgangslage der Diskussion war\u00a0 bemerkenswert und ging \u00fcber die g\u00e4ngigen Muster hinaus: Die Grundidee einer wirkm\u00e4chtigen k\u00fcnstlichen Intelligenz hat nur wenig mit klassischen programmierten Computern gemein und orientiert sich vielmehr an der Funktionsweise biologischer Gehirne. Wenn sich diese durch mathematische Modelle im Parallel-Computing funktional \u00e4quivalent simulieren l\u00e4sst, dann kann KI prinzipiell auch zum eigenst\u00e4ndigen Akteur in der Gesellschaft werden &#8211; eine These, die weit \u00fcber technische Innovationsdebatten hinausweist.<\/p>\n<p style=\"text-align: justify;\">Der Vortrag bot einen differenzierten Blick auf die tiefgreifenden Umbr\u00fcche, die mit der Entwicklung und Integration von K\u00fcnstlicher Intelligenz (KI) einhergehen. Im Zentrum stand die These, dass KI nicht nur eine technische, sondern vor allem eine gesellschaftliche Herausforderung darstellt.<\/p>\n<p style=\"text-align: justify;\"><em><strong>Frank Witt<\/strong><\/em>, promovierter Philosoph und systemtheoretisch geschulter Beobachter technischer Entwicklungen, machte von Beginn an deutlich: Es geht nicht um Technikoptimismus oder Fortschrittsgl\u00e4ubigkeit, sondern um die kritische Reflexion eines Wandels, der bereits in vollem Gange ist. KI ver\u00e4ndert nicht nur Produktionsweisen oder Kommunikationsformen, sondern greift tief in gesellschaftliche Machtverh\u00e4ltnisse und institutionelle Strukturen ein.<\/p>\n<p style=\"text-align: justify;\"><strong>Strukturverst\u00e4rkende Effekte von KI. <\/strong><\/p>\n<p style=\"text-align: justify;\">Witt beschrieb KI als <em>soziotechnische Konstellation<\/em>: Weder als neutrale Technik noch als autonomes System, sondern als ein Ensemble aus Algorithmen, Daten, Institutionen und Akteuren. Er zeigte, dass KI bestehende gesellschaftliche Tendenzen nicht einfach nur reproduziert, sondern in vielen F\u00e4llen sogar verst\u00e4rkt:<\/p>\n<ul data-spread=\"false\">\n<li><strong>In der Wirtschaft<\/strong> f\u00fchrt der Einsatz von KI zu neuen Rationalisierungsstrategien, zu Effizienzgewinnen, aber auch zur Prekarisierung von Arbeit.<\/li>\n<li><strong>Im Sozialen<\/strong> wird die Logik der Bewertung, Selektion und \u00dcberwachung durch algorithmische Systeme forciert.<\/li>\n<li><strong>In Organisationen<\/strong> k\u00f6nnen durch KI neue Formen von Kontrolle entstehen, die wenig Raum f\u00fcr Eigenverantwortung und Gestaltung lassen.<\/li>\n<\/ul>\n<p>KI ist also nicht nur Werkzeug, sondern auch Strukturverst\u00e4rker. Sie wirkt nicht nur auf der Ebene der Funktionen, sondern auch auf der Ebene der gesellschaftlichen Leitbilder.<\/p>\n<p><strong>Chancen, Risiken und der schmale Grat der Gestaltung<\/strong><\/p>\n<p style=\"text-align: justify;\">Die Diskussion bewegte sich entlang des Spannungsfeldes zwischen Innovationspotenzial und gesellschaftlicher Verantwortung. Witt betonte, dass KI gro\u00dfe M\u00f6glichkeiten birgt: von der Automatisierung monotoner Aufgaben bis zur besseren Auswertung komplexer Daten. Gleichzeitig warnte er vor einem blinden Technikimport:<\/p>\n<p style=\"text-align: justify;\"><span style=\"font-size: 1rem;\">Die Digitalisierung wird oft als alternativlos dargestellt. Doch wir sollten fragen: Welche Gesellschaft wollen wir gestalten? Und welche Rolle soll Technik darin spielen?<\/span><\/p>\n<p style=\"text-align: justify;\">Gerade im Bildungsbereich sei eine kritische Auseinandersetzung mit KI notwendig. Nicht nur die Techniknutzung, sondern die Reflexion \u00fcber ihre Wirkmechanismen, impliziten Normen und gesellschaftlichen Auswirkungen sei entscheidend.<\/p>\n<p><strong>Kritik an Digitalisierungspolitik und den \u00fcberformten Fortschrittsnarrativen<\/strong><\/p>\n<p>Witt \u00fcbte deutliche Kritik an politischen Programmen zur Digitalisierung. Er sprach von einer &#8220;Verengung des Fortschrittsbegriffs&#8221;:<\/p>\n<ul data-spread=\"false\">\n<li>Digitalisierung werde vorrangig als Standortpolitik verstanden.<\/li>\n<li>Die Frage nach Gemeinwohl, Partizipation und sozialer Gerechtigkeit werde zur Nebensache.<\/li>\n<\/ul>\n<p>Dabei, so Witt, w\u00e4re gerade jetzt eine breite gesellschaftliche Debatte \u00fcber die Zielsetzungen und Rahmenbedingungen digitaler Transformation notwendig.<\/p>\n<p><strong>Der Begriff der &#8220;Stillen Umbr\u00fcche&#8221;<\/strong><\/p>\n<p>Im Zentrum des Buches steht der Begriff der &#8220;Stillen Umbr\u00fcche&#8221;. Damit meint Witt keine pl\u00f6tzlichen Revolutionen, sondern die allm\u00e4hliche, oft kaum bemerkte Ver\u00e4nderung grundlegender Verh\u00e4ltnisse:<\/p>\n<ul>\n<li>Die Aufweichung klarer Erwerbsbiografien.<\/li>\n<li>Neue Abh\u00e4ngigkeiten in der Plattform\u00f6konomie.<\/li>\n<li>Die Verschiebung von Entscheidungsmacht zu Unternehmen und Algorithmen.<\/li>\n<\/ul>\n<p>Diese Ver\u00e4nderungen geschehen oft leise, aber nachhaltig. Sie ver\u00e4ndern das Verh\u00e4ltnis von Mensch, Arbeit und Gesellschaft langfristig.<\/p>\n<p><strong>KI und Bildung: Jenseits der Anpassung<\/strong><\/p>\n<p>Ein besonderer Fokus lag auf dem Bildungssystem. Witt forderte, Bildung d\u00fcrfe sich nicht in der Vermittlung digitaler Kompetenzen ersch\u00f6pfen. Vielmehr gehe es um:<\/p>\n<ul data-spread=\"false\">\n<li style=\"list-style-type: none;\">\n<ul data-spread=\"false\">\n<li><strong>kritisches Denken<\/strong>,<\/li>\n<li><strong>ethische Urteilsbildung<\/strong>,<\/li>\n<li><strong>Gestaltungskompetenz<\/strong>.<\/li>\n<\/ul>\n<\/li>\n<\/ul>\n<p>Die Schule der Zukunft m\u00fcsse ein Ort der Aufkl\u00e4rung und nicht nur der Techniknutzung sein.<\/p>\n<p><strong> Verantwortung als Gestaltungsperspektive<\/strong><\/p>\n<p>Zum Abschluss betonte Witt, dass die Frage nicht sei, ob KI kommt oder nicht, sondern wie wir mit ihr umgehen: <em><span style=\"font-size: 1rem;\">Technik ist gestaltbar. Aber nur, wenn wir uns dieser Gestaltungsaufgabe aktiv stellen.<\/span><\/em><\/p>\n<p>Als Moderator steuerte ich einige Impulse aus Soziologie und Zeitgeschichte bei &#8211; ansonsten war wenig Moderation n\u00f6tig &#8211; die Diskussion steuerte sich selbst. Die Veranstaltung zeigte eindrucksvoll, dass eine fundierte Debatte \u00fcber KI nicht nur m\u00f6glich, sondern notwendig ist.<\/p>\n<p style=\"text-align: justify;\"><em><strong>Fazit:<br \/>\n<\/strong><\/em>Der Vortrag war ein Pl\u00e4doyer f\u00fcr eine reflektierte, gesellschaftlich eingebettete Auseinandersetzung mit KI. Sie richtete sich an alle, die jenseits von Hype und Untergangsszenarien nach Wegen suchen, KI demokratisch, gerecht und verantwortungsvoll zu gestalten. In der anschliessenden Diskussion kamen zahlreiche weitere Details zur Sprache &#8211; und auch die Feststellung, dass wir in der KI noch in einer Fr\u00fchstufe stehen.<br \/>\nWitts Analyse f\u00fcgt sich in eine wachsende kritische Literatur ein, die die gesellschaftlichen Dimensionen der KI-Transformation ernst nimmt.<br \/>\n<em>Rainer M\u00fchlhoff<\/em>s <a href=\"https:\/\/www.klaus-janowitz.de\/wordpress\/kuenstliche-intelligenz-und-der-neue-faschismus-rezension\/\" target=\"_blank\" rel=\"noopener\"><em>K\u00fcnstliche Intelligenz und der neue Faschismus <\/em><\/a>thematisiert\u00a0 die ideologischen Verkn\u00fcpfungen zwischen Tech-Eliten und autorit\u00e4ren Bewegungen, wie auch in diesem Blog\u00a0 <a href=\"https:\/\/www.klaus-janowitz.de\/wordpress\/techno-faschismus-ein-mash-up-als-machtsystem\/\" target=\"_blank\" rel=\"noopener\">die Herausbildung neuer\u00a0 Machtsysteme<\/a>. immer wieder Thema war.<br \/>\n<em>Karen Hao<\/em>s <a href=\"https:\/\/www.klaus-janowitz.de\/wordpress\/empire-of-ai-dreams-and-nightmares-in-sam-altmans-open-ai-rez\/\" target=\"_blank\" rel=\"noopener\"><em>Empire of AI<\/em><\/a> deckt imperiale Strukturen der KI-Industrie\u00a0 auf. <em>Frank Witt<\/em> bietet eine\u00a0 systemtheoretische Perspektive, die von der Entstehung und der Struktur von KI ausgeht, auf die\u00a0 strukturverst\u00e4rkenden Effekte von KI-Systemen.<br \/>\nEntgegen andere Sch\u00fcben der Digitalisierung fehlt KI die breite Beteiligung einer Bewegung, die Umbr\u00fcche mitgestaltet. KI erschien <em>ready-to-use<\/em> aus der Hand und in der Kontrolle von BigTech Konzernen.<\/p>\n<p style=\"text-align: justify;\">KI kann nicht als neutrale Technologie begriffen werden, sondern als soziotechnische Konstellation, die bestehende Machtverh\u00e4ltnisse reproduziert und verst\u00e4rkt.<br \/>\nAktuell polarisiert sich &#8211; entsprechend der politischen Gro\u00dfwetterlage &#8211; auch die KI-Diskussion zwischen imperialen Tech-Ambitionen und fundamentalistischer Technikkritik. Die Veranstaltung erinnerte daran, dass Technik immer auch eine Frage der gesellschaftlichen Wahl ist &#8211; und damit der demokratischen Gestaltung.<\/p>\n<p style=\"text-align: justify;\">Die <em>Stillen Umbr\u00fcche<\/em> werden nur dann gestaltbar, wenn sie sichtbar gemacht und zum Gegenstand \u00f6ffentlicher <em>Deliberation<\/em> werden. Darin liegt die politische Dimension einer kritischen KI-Forschung, die \u00fcber technische Machbarkeit hinausfragt und die Bedingungen demokratischer Teilhabe in den Mittelpunkt stellt.<\/p>\n<p><span style=\"font-size: small;\"><strong>Frank H. Witt: <\/strong>K\u00fcnstliche Intelligenz: Transformation und Krisen in Wirtschaft und Gesellschaft-UVK Verlag , 220 S. &#8211;\u00a0 auf yt: <a href=\"https:\/\/www.youtube.com\/watch?v=0Fx3wUEkEVc\" target=\"_blank\" rel=\"noopener\">Wittgenstein und Turing: KI als kumulative Innovation<\/a>\u00a0 \u00a0Im Blog: Rezension zu:\u00a0<a href=\"https:\/\/www.klaus-janowitz.de\/wordpress\/empire-of-ai-dreams-and-nightmares-in-sam-altmans-open-ai-rez\/\" target=\"_blank\" rel=\"noopener\"> Empire of AI \u2013 Dreams and Nightmares in Sam Altman\u2019s Open AI<\/a> &#8211;\u00a0 Rezension zu:\u00a0 <a href=\"https:\/\/www.klaus-janowitz.de\/wordpress\/kuenstliche-intelligenz-und-der-neue-faschismus-rezension\/\" target=\"_blank\" rel=\"noopener\">K\u00fcnstliche Intelligenz und der neue Faschismus<\/a> . Rezension zu: K<a href=\"https:\/\/www.klaus-janowitz.de\/wordpress\/die-sozialisation-von-maschinen-kuenstliche-intelligenz-transformation-und-krisen-in-wirtschaft-und-gesellschaft\/\" target=\"_blank\" rel=\"noopener\">\u00fcnstliche Intelligenz: Transformation und Krisen in Wirtschaft und Gesellschaft<\/a><\/span><\/p>\n<p><!-- Matomo --><br \/>\n<script type=\"text\/javascript\">\n  var _paq = window._paq || [];\n  \/* tracker methods like \"setCustomDimension\" should be called before \"trackPageView\" *\/\n  _paq.push(['trackPageView']); \n  _paq.push(['enableLinkTracking']);\n  (function() {\n    var u=\"\/\/www.klaus-janowitz.de\/piwik\/\";\n    _paq.push(['setTrackerUrl', u+'matomo.php']);\n    _paq.push(['setSiteId', '1']);\n    var d=document, g=d.createElement('script'), s=d.getElementsByTagName('script')[0];\n    g.type='text\/javascript'; g.async=true; g.defer=true; g.src=u+'matomo.js'; s.parentNode.insertBefore(g,s);\n  })();\n<\/script><br \/>\n<!-- End Matomo Code --><\/p>\n","protected":false},"excerpt":{"rendered":"<p>Am letzten Donnerstag (28.08) hatten wir in den K\u00f6lner Startplatz eingeladen: Stille Umbr\u00fcche\u00a0 &#8211; Was KI wirklich ver\u00e4ndert, eine Diskussion\u00a0 mit dem Autor Frank Witt. Sein Buch\u00a0 K\u00fcnstliche Intelligenz: Transformation und Krisen in Wirtschaft und Gesellschaft war im Fr\u00fchjahr diesen Jahres erschienen. Zu diesem Buch gab es auch in diesem Blog eine Rezension, eine weitere &hellip; <\/p>\n<p class=\"link-more\"><a href=\"https:\/\/www.klaus-janowitz.de\/wordpress\/stille-umbrueche-was-ki-wirklich-veraendert\/\" class=\"more-link\"><span class=\"screen-reader-text\">\u201eStille Umbr\u00fcche\u00a0 &#8211; Was KI wirklich ver\u00e4ndert. R\u00fcckblick auf das Autorengespr\u00e4ch mit Frank Witt\u201c <\/span>weiterlesen<\/a><\/p>\n","protected":false},"author":1,"featured_media":0,"comment_status":"open","ping_status":"open","sticky":false,"template":"","format":"standard","meta":{"jetpack_post_was_ever_published":false,"_jetpack_newsletter_access":"","_jetpack_dont_email_post_to_subs":false,"_jetpack_newsletter_tier_id":0,"_jetpack_memberships_contains_paywalled_content":false,"_jetpack_memberships_contains_paid_content":false,"activitypub_content_warning":"","activitypub_content_visibility":"","activitypub_max_image_attachments":4,"activitypub_interaction_policy_quote":"","activitypub_status":"","footnotes":"","jetpack_publicize_message":"","jetpack_publicize_feature_enabled":true,"jetpack_social_post_already_shared":true,"jetpack_social_options":{"image_generator_settings":{"template":"highway","default_image_id":0,"font":"","enabled":false},"version":2}},"categories":[1,15,170],"tags":[117,115,58],"class_list":["post-87160","post","type-post","status-publish","format-standard","hentry","category-allgemein","category-feuilleton","category-ki","tag-digitale-zivilisation","tag-ki","tag-technische-innovation"],"yoast_head":"<!-- This site is optimized with the Yoast SEO plugin v27.4 - https:\/\/yoast.com\/product\/yoast-seo-wordpress\/ -->\n<title>Stille Umbr\u00fcche\u00a0 - Was KI wirklich ver\u00e4ndert. R\u00fcckblick auf das Autorengespr\u00e4ch mit Frank Witt - Netnographie &amp; Digitaler Wandel<\/title>\n<meta name=\"description\" content=\"Ein R\u00fcckblick auf das Autorengespr\u00e4ch im K\u00f6lner Startplatz mit Frank Witt zu Stille Umbr\u00fcche\u00a0 - Was KI wirklich ver\u00e4ndert\" \/>\n<meta name=\"robots\" content=\"index, follow, max-snippet:-1, max-image-preview:large, max-video-preview:-1\" \/>\n<link rel=\"canonical\" href=\"https:\/\/www.klaus-janowitz.de\/wordpress\/stille-umbrueche-was-ki-wirklich-veraendert\/\" \/>\n<meta property=\"og:locale\" content=\"de_DE\" \/>\n<meta property=\"og:type\" content=\"article\" \/>\n<meta property=\"og:title\" content=\"Stille Umbr\u00fcche\u00a0 - Was KI wirklich ver\u00e4ndert. R\u00fcckblick auf das Autorengespr\u00e4ch mit Frank Witt - Netnographie &amp; Digitaler Wandel\" \/>\n<meta property=\"og:description\" content=\"Ein R\u00fcckblick auf das Autorengespr\u00e4ch im K\u00f6lner Startplatz mit Frank Witt zu Stille Umbr\u00fcche\u00a0 - Was KI wirklich ver\u00e4ndert\" \/>\n<meta property=\"og:url\" content=\"https:\/\/www.klaus-janowitz.de\/wordpress\/stille-umbrueche-was-ki-wirklich-veraendert\/\" \/>\n<meta property=\"og:site_name\" content=\"Netnographie &amp; Digitaler Wandel\" \/>\n<meta property=\"article:published_time\" content=\"2025-08-31T16:36:46+00:00\" \/>\n<meta property=\"article:modified_time\" content=\"2025-12-17T20:07:20+00:00\" \/>\n<meta property=\"og:image\" content=\"https:\/\/www.klaus-janowitz.de\/wordpress\/wp-content\/uploads\/2025\/08\/Startplatz-249x300.jpg\" \/>\n<meta name=\"author\" content=\"KlausMJan\" \/>\n<meta name=\"twitter:card\" content=\"summary_large_image\" \/>\n<meta name=\"twitter:label1\" content=\"Verfasst von\" \/>\n\t<meta name=\"twitter:data1\" content=\"KlausMJan\" \/>\n\t<meta name=\"twitter:label2\" content=\"Gesch\u00e4tzte Lesezeit\" \/>\n\t<meta name=\"twitter:data2\" content=\"7\u00a0Minuten\" \/>\n<script type=\"application\/ld+json\" class=\"yoast-schema-graph\">{\"@context\":\"https:\\\/\\\/schema.org\",\"@graph\":[{\"@type\":\"Article\",\"@id\":\"https:\\\/\\\/www.klaus-janowitz.de\\\/wordpress\\\/stille-umbrueche-was-ki-wirklich-veraendert\\\/#article\",\"isPartOf\":{\"@id\":\"https:\\\/\\\/www.klaus-janowitz.de\\\/wordpress\\\/stille-umbrueche-was-ki-wirklich-veraendert\\\/\"},\"author\":{\"name\":\"KlausMJan\",\"@id\":\"https:\\\/\\\/www.klaus-janowitz.de\\\/wordpress\\\/#\\\/schema\\\/person\\\/010eda704157cb8ce4370bfd0376c858\"},\"headline\":\"Stille Umbr\u00fcche\u00a0 &#8211; Was KI wirklich ver\u00e4ndert. R\u00fcckblick auf das Autorengespr\u00e4ch mit Frank Witt\",\"datePublished\":\"2025-08-31T16:36:46+00:00\",\"dateModified\":\"2025-12-17T20:07:20+00:00\",\"mainEntityOfPage\":{\"@id\":\"https:\\\/\\\/www.klaus-janowitz.de\\\/wordpress\\\/stille-umbrueche-was-ki-wirklich-veraendert\\\/\"},\"wordCount\":1157,\"commentCount\":1,\"image\":{\"@id\":\"https:\\\/\\\/www.klaus-janowitz.de\\\/wordpress\\\/stille-umbrueche-was-ki-wirklich-veraendert\\\/#primaryimage\"},\"thumbnailUrl\":\"https:\\\/\\\/www.klaus-janowitz.de\\\/wordpress\\\/wp-content\\\/uploads\\\/2025\\\/08\\\/Startplatz-249x300.jpg\",\"keywords\":[\"Digitale Zivilisation\",\"KI\",\"technische Innovation\"],\"articleSection\":{\"1\":\"Feuilleton\",\"2\":\"KI\"},\"inLanguage\":\"de\",\"potentialAction\":[{\"@type\":\"CommentAction\",\"name\":\"Comment\",\"target\":[\"https:\\\/\\\/www.klaus-janowitz.de\\\/wordpress\\\/stille-umbrueche-was-ki-wirklich-veraendert\\\/#respond\"]}]},{\"@type\":\"WebPage\",\"@id\":\"https:\\\/\\\/www.klaus-janowitz.de\\\/wordpress\\\/stille-umbrueche-was-ki-wirklich-veraendert\\\/\",\"url\":\"https:\\\/\\\/www.klaus-janowitz.de\\\/wordpress\\\/stille-umbrueche-was-ki-wirklich-veraendert\\\/\",\"name\":\"Stille Umbr\u00fcche\u00a0 - Was KI wirklich ver\u00e4ndert. R\u00fcckblick auf das Autorengespr\u00e4ch mit Frank Witt - Netnographie &amp; Digitaler Wandel\",\"isPartOf\":{\"@id\":\"https:\\\/\\\/www.klaus-janowitz.de\\\/wordpress\\\/#website\"},\"primaryImageOfPage\":{\"@id\":\"https:\\\/\\\/www.klaus-janowitz.de\\\/wordpress\\\/stille-umbrueche-was-ki-wirklich-veraendert\\\/#primaryimage\"},\"image\":{\"@id\":\"https:\\\/\\\/www.klaus-janowitz.de\\\/wordpress\\\/stille-umbrueche-was-ki-wirklich-veraendert\\\/#primaryimage\"},\"thumbnailUrl\":\"https:\\\/\\\/www.klaus-janowitz.de\\\/wordpress\\\/wp-content\\\/uploads\\\/2025\\\/08\\\/Startplatz-249x300.jpg\",\"datePublished\":\"2025-08-31T16:36:46+00:00\",\"dateModified\":\"2025-12-17T20:07:20+00:00\",\"author\":{\"@id\":\"https:\\\/\\\/www.klaus-janowitz.de\\\/wordpress\\\/#\\\/schema\\\/person\\\/010eda704157cb8ce4370bfd0376c858\"},\"description\":\"Ein R\u00fcckblick auf das Autorengespr\u00e4ch im K\u00f6lner Startplatz mit Frank Witt zu Stille Umbr\u00fcche\u00a0 - Was KI wirklich ver\u00e4ndert\",\"breadcrumb\":{\"@id\":\"https:\\\/\\\/www.klaus-janowitz.de\\\/wordpress\\\/stille-umbrueche-was-ki-wirklich-veraendert\\\/#breadcrumb\"},\"inLanguage\":\"de\",\"potentialAction\":[{\"@type\":\"ReadAction\",\"target\":[\"https:\\\/\\\/www.klaus-janowitz.de\\\/wordpress\\\/stille-umbrueche-was-ki-wirklich-veraendert\\\/\"]}]},{\"@type\":\"ImageObject\",\"inLanguage\":\"de\",\"@id\":\"https:\\\/\\\/www.klaus-janowitz.de\\\/wordpress\\\/stille-umbrueche-was-ki-wirklich-veraendert\\\/#primaryimage\",\"url\":\"https:\\\/\\\/i0.wp.com\\\/www.klaus-janowitz.de\\\/wordpress\\\/wp-content\\\/uploads\\\/2025\\\/08\\\/Startplatz.jpg?fit=866%2C1045&ssl=1\",\"contentUrl\":\"https:\\\/\\\/i0.wp.com\\\/www.klaus-janowitz.de\\\/wordpress\\\/wp-content\\\/uploads\\\/2025\\\/08\\\/Startplatz.jpg?fit=866%2C1045&ssl=1\",\"width\":866,\"height\":1045},{\"@type\":\"BreadcrumbList\",\"@id\":\"https:\\\/\\\/www.klaus-janowitz.de\\\/wordpress\\\/stille-umbrueche-was-ki-wirklich-veraendert\\\/#breadcrumb\",\"itemListElement\":[{\"@type\":\"ListItem\",\"position\":1,\"name\":\"Startseite\",\"item\":\"https:\\\/\\\/www.klaus-janowitz.de\\\/wordpress\\\/\"},{\"@type\":\"ListItem\",\"position\":2,\"name\":\"Stille Umbr\u00fcche\u00a0 &#8211; Was KI wirklich ver\u00e4ndert. R\u00fcckblick auf das Autorengespr\u00e4ch mit Frank Witt\"}]},{\"@type\":\"WebSite\",\"@id\":\"https:\\\/\\\/www.klaus-janowitz.de\\\/wordpress\\\/#website\",\"url\":\"https:\\\/\\\/www.klaus-janowitz.de\\\/wordpress\\\/\",\"name\":\"Netnographie &amp; Digitaler Wandel\",\"description\":\"Blog rund um die Themen Netnographie, Online-Kultur und Digitalen Wandel\",\"potentialAction\":[{\"@type\":\"SearchAction\",\"target\":{\"@type\":\"EntryPoint\",\"urlTemplate\":\"https:\\\/\\\/www.klaus-janowitz.de\\\/wordpress\\\/?s={search_term_string}\"},\"query-input\":{\"@type\":\"PropertyValueSpecification\",\"valueRequired\":true,\"valueName\":\"search_term_string\"}}],\"inLanguage\":\"de\"},{\"@type\":\"Person\",\"@id\":\"https:\\\/\\\/www.klaus-janowitz.de\\\/wordpress\\\/#\\\/schema\\\/person\\\/010eda704157cb8ce4370bfd0376c858\",\"name\":\"KlausMJan\",\"image\":{\"@type\":\"ImageObject\",\"inLanguage\":\"de\",\"@id\":\"https:\\\/\\\/secure.gravatar.com\\\/avatar\\\/94d3059bf264a4da1fe44d92721e645980d64122c3365532a3b1517b78db5093?s=96&r=g\",\"url\":\"https:\\\/\\\/secure.gravatar.com\\\/avatar\\\/94d3059bf264a4da1fe44d92721e645980d64122c3365532a3b1517b78db5093?s=96&r=g\",\"contentUrl\":\"https:\\\/\\\/secure.gravatar.com\\\/avatar\\\/94d3059bf264a4da1fe44d92721e645980d64122c3365532a3b1517b78db5093?s=96&r=g\",\"caption\":\"KlausMJan\"},\"sameAs\":[\"http:\\\/\\\/www.netnographie.eu\\\/wordpress\"],\"url\":\"https:\\\/\\\/www.klaus-janowitz.de\\\/wordpress\\\/author\\\/klausmjan\\\/\"}]}<\/script>\n<!-- \/ Yoast SEO plugin. -->","yoast_head_json":{"title":"Stille Umbr\u00fcche\u00a0 - Was KI wirklich ver\u00e4ndert. R\u00fcckblick auf das Autorengespr\u00e4ch mit Frank Witt - Netnographie &amp; Digitaler Wandel","description":"Ein R\u00fcckblick auf das Autorengespr\u00e4ch im K\u00f6lner Startplatz mit Frank Witt zu Stille Umbr\u00fcche\u00a0 - Was KI wirklich ver\u00e4ndert","robots":{"index":"index","follow":"follow","max-snippet":"max-snippet:-1","max-image-preview":"max-image-preview:large","max-video-preview":"max-video-preview:-1"},"canonical":"https:\/\/www.klaus-janowitz.de\/wordpress\/stille-umbrueche-was-ki-wirklich-veraendert\/","og_locale":"de_DE","og_type":"article","og_title":"Stille Umbr\u00fcche\u00a0 - Was KI wirklich ver\u00e4ndert. R\u00fcckblick auf das Autorengespr\u00e4ch mit Frank Witt - Netnographie &amp; Digitaler Wandel","og_description":"Ein R\u00fcckblick auf das Autorengespr\u00e4ch im K\u00f6lner Startplatz mit Frank Witt zu Stille Umbr\u00fcche\u00a0 - Was KI wirklich ver\u00e4ndert","og_url":"https:\/\/www.klaus-janowitz.de\/wordpress\/stille-umbrueche-was-ki-wirklich-veraendert\/","og_site_name":"Netnographie &amp; Digitaler Wandel","article_published_time":"2025-08-31T16:36:46+00:00","article_modified_time":"2025-12-17T20:07:20+00:00","og_image":[{"url":"https:\/\/www.klaus-janowitz.de\/wordpress\/wp-content\/uploads\/2025\/08\/Startplatz-249x300.jpg","type":"","width":"","height":""}],"author":"KlausMJan","twitter_card":"summary_large_image","twitter_misc":{"Verfasst von":"KlausMJan","Gesch\u00e4tzte Lesezeit":"7\u00a0Minuten"},"schema":{"@context":"https:\/\/schema.org","@graph":[{"@type":"Article","@id":"https:\/\/www.klaus-janowitz.de\/wordpress\/stille-umbrueche-was-ki-wirklich-veraendert\/#article","isPartOf":{"@id":"https:\/\/www.klaus-janowitz.de\/wordpress\/stille-umbrueche-was-ki-wirklich-veraendert\/"},"author":{"name":"KlausMJan","@id":"https:\/\/www.klaus-janowitz.de\/wordpress\/#\/schema\/person\/010eda704157cb8ce4370bfd0376c858"},"headline":"Stille Umbr\u00fcche\u00a0 &#8211; Was KI wirklich ver\u00e4ndert. R\u00fcckblick auf das Autorengespr\u00e4ch mit Frank Witt","datePublished":"2025-08-31T16:36:46+00:00","dateModified":"2025-12-17T20:07:20+00:00","mainEntityOfPage":{"@id":"https:\/\/www.klaus-janowitz.de\/wordpress\/stille-umbrueche-was-ki-wirklich-veraendert\/"},"wordCount":1157,"commentCount":1,"image":{"@id":"https:\/\/www.klaus-janowitz.de\/wordpress\/stille-umbrueche-was-ki-wirklich-veraendert\/#primaryimage"},"thumbnailUrl":"https:\/\/www.klaus-janowitz.de\/wordpress\/wp-content\/uploads\/2025\/08\/Startplatz-249x300.jpg","keywords":["Digitale Zivilisation","KI","technische Innovation"],"articleSection":{"1":"Feuilleton","2":"KI"},"inLanguage":"de","potentialAction":[{"@type":"CommentAction","name":"Comment","target":["https:\/\/www.klaus-janowitz.de\/wordpress\/stille-umbrueche-was-ki-wirklich-veraendert\/#respond"]}]},{"@type":"WebPage","@id":"https:\/\/www.klaus-janowitz.de\/wordpress\/stille-umbrueche-was-ki-wirklich-veraendert\/","url":"https:\/\/www.klaus-janowitz.de\/wordpress\/stille-umbrueche-was-ki-wirklich-veraendert\/","name":"Stille Umbr\u00fcche\u00a0 - Was KI wirklich ver\u00e4ndert. R\u00fcckblick auf das Autorengespr\u00e4ch mit Frank Witt - Netnographie &amp; Digitaler Wandel","isPartOf":{"@id":"https:\/\/www.klaus-janowitz.de\/wordpress\/#website"},"primaryImageOfPage":{"@id":"https:\/\/www.klaus-janowitz.de\/wordpress\/stille-umbrueche-was-ki-wirklich-veraendert\/#primaryimage"},"image":{"@id":"https:\/\/www.klaus-janowitz.de\/wordpress\/stille-umbrueche-was-ki-wirklich-veraendert\/#primaryimage"},"thumbnailUrl":"https:\/\/www.klaus-janowitz.de\/wordpress\/wp-content\/uploads\/2025\/08\/Startplatz-249x300.jpg","datePublished":"2025-08-31T16:36:46+00:00","dateModified":"2025-12-17T20:07:20+00:00","author":{"@id":"https:\/\/www.klaus-janowitz.de\/wordpress\/#\/schema\/person\/010eda704157cb8ce4370bfd0376c858"},"description":"Ein R\u00fcckblick auf das Autorengespr\u00e4ch im K\u00f6lner Startplatz mit Frank Witt zu Stille Umbr\u00fcche\u00a0 - Was KI wirklich ver\u00e4ndert","breadcrumb":{"@id":"https:\/\/www.klaus-janowitz.de\/wordpress\/stille-umbrueche-was-ki-wirklich-veraendert\/#breadcrumb"},"inLanguage":"de","potentialAction":[{"@type":"ReadAction","target":["https:\/\/www.klaus-janowitz.de\/wordpress\/stille-umbrueche-was-ki-wirklich-veraendert\/"]}]},{"@type":"ImageObject","inLanguage":"de","@id":"https:\/\/www.klaus-janowitz.de\/wordpress\/stille-umbrueche-was-ki-wirklich-veraendert\/#primaryimage","url":"https:\/\/i0.wp.com\/www.klaus-janowitz.de\/wordpress\/wp-content\/uploads\/2025\/08\/Startplatz.jpg?fit=866%2C1045&ssl=1","contentUrl":"https:\/\/i0.wp.com\/www.klaus-janowitz.de\/wordpress\/wp-content\/uploads\/2025\/08\/Startplatz.jpg?fit=866%2C1045&ssl=1","width":866,"height":1045},{"@type":"BreadcrumbList","@id":"https:\/\/www.klaus-janowitz.de\/wordpress\/stille-umbrueche-was-ki-wirklich-veraendert\/#breadcrumb","itemListElement":[{"@type":"ListItem","position":1,"name":"Startseite","item":"https:\/\/www.klaus-janowitz.de\/wordpress\/"},{"@type":"ListItem","position":2,"name":"Stille Umbr\u00fcche\u00a0 &#8211; Was KI wirklich ver\u00e4ndert. R\u00fcckblick auf das Autorengespr\u00e4ch mit Frank Witt"}]},{"@type":"WebSite","@id":"https:\/\/www.klaus-janowitz.de\/wordpress\/#website","url":"https:\/\/www.klaus-janowitz.de\/wordpress\/","name":"Netnographie &amp; Digitaler Wandel","description":"Blog rund um die Themen Netnographie, Online-Kultur und Digitalen Wandel","potentialAction":[{"@type":"SearchAction","target":{"@type":"EntryPoint","urlTemplate":"https:\/\/www.klaus-janowitz.de\/wordpress\/?s={search_term_string}"},"query-input":{"@type":"PropertyValueSpecification","valueRequired":true,"valueName":"search_term_string"}}],"inLanguage":"de"},{"@type":"Person","@id":"https:\/\/www.klaus-janowitz.de\/wordpress\/#\/schema\/person\/010eda704157cb8ce4370bfd0376c858","name":"KlausMJan","image":{"@type":"ImageObject","inLanguage":"de","@id":"https:\/\/secure.gravatar.com\/avatar\/94d3059bf264a4da1fe44d92721e645980d64122c3365532a3b1517b78db5093?s=96&r=g","url":"https:\/\/secure.gravatar.com\/avatar\/94d3059bf264a4da1fe44d92721e645980d64122c3365532a3b1517b78db5093?s=96&r=g","contentUrl":"https:\/\/secure.gravatar.com\/avatar\/94d3059bf264a4da1fe44d92721e645980d64122c3365532a3b1517b78db5093?s=96&r=g","caption":"KlausMJan"},"sameAs":["http:\/\/www.netnographie.eu\/wordpress"],"url":"https:\/\/www.klaus-janowitz.de\/wordpress\/author\/klausmjan\/"}]}},"jetpack_publicize_connections":[],"jetpack_featured_media_url":"","jetpack_sharing_enabled":true,"jetpack_shortlink":"https:\/\/wp.me\/p15Wn2-mFO","jetpack_likes_enabled":true,"jetpack-related-posts":[{"id":88191,"url":"https:\/\/www.klaus-janowitz.de\/wordpress\/ko-evolution-und-intermediaritaet-wie-ki-wissen-organisiert\/","url_meta":{"origin":87160,"position":0},"title":"Ko-Evolution und Intermediarit\u00e4t \u2013 Wie KI Wissen organisiert","author":"KlausMJan","date":"16. April 2026","format":false,"excerpt":"KI\/AI bleibt ein dominierendes Thema der Zeitgeschichte. Nicht mehr als spekulative Zukunftserz\u00e4hlung - die Durchdringung des Alltags und auch spektakul\u00e4re Anwendungen sind l\u00e4ngst Realit\u00e4t. Das Tempo und die Intensit\u00e4t, mit der sich KI verbreitet, macht eine Transformation von grunds\u00e4tzlicher gesellschaftlicher Bedeutung mit Auswirkungen auf nahezu alle Lebensbereiche, wie auf die\u2026","rel":"","context":"In &quot;Allgemein&quot;","block_context":{"text":"Allgemein","link":"https:\/\/www.klaus-janowitz.de\/wordpress\/category\/allgemein\/"},"img":{"alt_text":"","src":"https:\/\/i0.wp.com\/www.klaus-janowitz.de\/wordpress\/wp-content\/uploads\/2026\/04\/immo-wegmann-unsplash-300x199.jpg?resize=350%2C200&ssl=1","width":350,"height":200},"classes":[]},{"id":87185,"url":"https:\/\/www.klaus-janowitz.de\/wordpress\/ki-als-strukturverstaerker-macht-algoritmen-und-autorenschaft\/","url_meta":{"origin":87160,"position":1},"title":"KI  als Strukturverst\u00e4rker &#8211; Macht, Algoritmen und Autorenschaft","author":"KlausMJan","date":"15. September 2025","format":false,"excerpt":"KI ist Gamechanger, \u00a0dar\u00fcber sind sich fast alle einig. Dar\u00fcber wie sich die Spielregeln \u00e4ndern sollen, nicht. Einstellungen und Haltungen zu KI gehen weit auseinander, die Diskussionen verlaufen meist innerhalb bestehender Gruppierungen, die den jeweiligen\u00a0 Deutungslogiken folgen. Gr\u00fcnde daf\u00fcr, dass sich die Diskurse kaum treffen, gibt es viele. KI greift\u2026","rel":"","context":"In &quot;Allgemein&quot;","block_context":{"text":"Allgemein","link":"https:\/\/www.klaus-janowitz.de\/wordpress\/category\/allgemein\/"},"img":{"alt_text":"","src":"https:\/\/i0.wp.com\/www.klaus-janowitz.de\/wordpress\/wp-content\/uploads\/2025\/06\/steve-johnson-KI-300x169.jpg?resize=350%2C200&ssl=1","width":350,"height":200},"classes":[]},{"id":86340,"url":"https:\/\/www.klaus-janowitz.de\/wordpress\/die-sozialisation-von-maschinen-kuenstliche-intelligenz-transformation-und-krisen-in-wirtschaft-und-gesellschaft\/","url_meta":{"origin":87160,"position":2},"title":"Die Sozialisation von Maschinen &#8211; K\u00fcnstliche Intelligenz: Transformation und Krisen in Wirtschaft und Gesellschaft","author":"KlausMJan","date":"24. April 2025","format":false,"excerpt":"Zu fragen, wie etwas funktioniert, ist der beste Zugang zur Wirklichkeit. Das gilt ebenso f\u00fcr Maschinen, die die zentrale Funktionen des Gehirns gleichwertig imitieren und in vielerlei Hinsicht dessen Leistungsf\u00e4higkeit \u00fcbertreffen (12). K\u00fcnstliche Intelligenz: Transformation und Krisen in Wirtschaft und Gesellschaft ist ein langer, sperrig-n\u00fcchterner Titel, hinter dem ein\u00a0 komplexer\u2026","rel":"","context":"In &quot;Allgemein&quot;","block_context":{"text":"Allgemein","link":"https:\/\/www.klaus-janowitz.de\/wordpress\/category\/allgemein\/"},"img":{"alt_text":"","src":"https:\/\/i0.wp.com\/www.klaus-janowitz.de\/wordpress\/wp-content\/uploads\/2025\/04\/KI_FWitt-696x1024.jpg?resize=350%2C200&ssl=1","width":350,"height":200},"classes":[]},{"id":87247,"url":"https:\/\/www.klaus-janowitz.de\/wordpress\/fuenfzehn-jahre-blog-digitaler-wandel-als-zeitgeschichte\/","url_meta":{"origin":87160,"position":3},"title":"F\u00fcnfzehn Jahre Blog &#8211; Digitaler Wandel als Zeitgeschichte","author":"KlausMJan","date":"1. Oktober 2025","format":false,"excerpt":"F\u00fcnfzehn Jahre sind ein Abschnitt der Zeitgeschichte. Solange betreibe ich jetzt diesen Blog - mittlerweile sind es knapp 200 Beitr\u00e4ge. Startpunkt war das Netnocamp bei der IHK K\u00f6ln im September 2010. Vorausgegangen war eine mit\u00a0 Dreamweaver erstellte Website,\u00a0 noch im Tabellen- Layout,\u00a0 einige \u00e4ltere\u00a0 Texte (hier zu lesen) von dort\u2026","rel":"","context":"In &quot;Allgemein&quot;","block_context":{"text":"Allgemein","link":"https:\/\/www.klaus-janowitz.de\/wordpress\/category\/allgemein\/"},"img":{"alt_text":"","src":"https:\/\/i0.wp.com\/www.klaus-janowitz.de\/wordpress\/wp-content\/uploads\/2025\/09\/getty-images-MVdQKxe_YTg-unsplash-300x176.jpg?resize=350%2C200&ssl=1","width":350,"height":200},"classes":[]},{"id":86975,"url":"https:\/\/www.klaus-janowitz.de\/wordpress\/ki-2025-und-die-einstellungen-dazu\/","url_meta":{"origin":87160,"position":4},"title":"KI 2025 &#8211; und die Einstellungen dazu","author":"KlausMJan","date":"22. August 2025","format":false,"excerpt":"Auch im dritten Jahr nach ChatGPT bleibt generative KI ein vorrangiges Thema. Aus dem Stadium des Hype entsprechend dem Gartner Hype Cycle\u2122 ist KI l\u00e4ngst herausgewachsen, bleibt aber eine mit Innovationsversprechen verbundene gesellschaftliche Obsession. Die Diskussion\u00a0 ist von Nutzungserfahrungen, aber ebenso von politischen Einsch\u00e4tzungen bestimmt, die oft schwer zu \u00fcberschauen\u2026","rel":"","context":"In &quot;Allgemein&quot;","block_context":{"text":"Allgemein","link":"https:\/\/www.klaus-janowitz.de\/wordpress\/category\/allgemein\/"},"img":{"alt_text":"","src":"https:\/\/i0.wp.com\/www.klaus-janowitz.de\/wordpress\/wp-content\/uploads\/2025\/07\/Fischer_Thomas-Mann_Zauberberg-197x300.jpg?resize=350%2C200&ssl=1","width":350,"height":200},"classes":[]},{"id":84431,"url":"https:\/\/www.klaus-janowitz.de\/wordpress\/code-vorurteil-ki-und-die-nebenwirkungen\/","url_meta":{"origin":87160,"position":5},"title":"Code &#038; Vorurteil  &#8211; KI  und die Nebenwirkungen","author":"KlausMJan","date":"16. April 2024","format":false,"excerpt":"KI ist im zweiten Jahr des Hype, mit einer gewissen Verz\u00f6gerung \u00a0auf dem Buchmarkt. In Code & Vorurteil - \u00fcber k\u00fcnstliche Intelligenz, Rassismus und Antisemitismus geht es um Nebenwirkungen der KI.\u00a0Ein Sammelband mit 18 Einzelbeitr\u00e4gen + Glossar. Mit Schwerpunkten zum Verh\u00e4ltnis KI zu\u00a0 strukturellen Ungleichheiten, Fake & Unfake, Kontrolle. Herausgeber\u2026","rel":"","context":"In &quot;Allgemein&quot;","block_context":{"text":"Allgemein","link":"https:\/\/www.klaus-janowitz.de\/wordpress\/category\/allgemein\/"},"img":{"alt_text":"","src":"https:\/\/i0.wp.com\/www.klaus-janowitz.de\/wordpress\/wp-content\/uploads\/2024\/03\/CodeVorurteil-194x300.jpg?resize=350%2C200&ssl=1","width":350,"height":200},"classes":[]}],"_links":{"self":[{"href":"https:\/\/www.klaus-janowitz.de\/wordpress\/wp-json\/wp\/v2\/posts\/87160","targetHints":{"allow":["GET"]}}],"collection":[{"href":"https:\/\/www.klaus-janowitz.de\/wordpress\/wp-json\/wp\/v2\/posts"}],"about":[{"href":"https:\/\/www.klaus-janowitz.de\/wordpress\/wp-json\/wp\/v2\/types\/post"}],"author":[{"embeddable":true,"href":"https:\/\/www.klaus-janowitz.de\/wordpress\/wp-json\/wp\/v2\/users\/1"}],"replies":[{"embeddable":true,"href":"https:\/\/www.klaus-janowitz.de\/wordpress\/wp-json\/wp\/v2\/comments?post=87160"}],"version-history":[{"count":21,"href":"https:\/\/www.klaus-janowitz.de\/wordpress\/wp-json\/wp\/v2\/posts\/87160\/revisions"}],"predecessor-version":[{"id":87722,"href":"https:\/\/www.klaus-janowitz.de\/wordpress\/wp-json\/wp\/v2\/posts\/87160\/revisions\/87722"}],"wp:attachment":[{"href":"https:\/\/www.klaus-janowitz.de\/wordpress\/wp-json\/wp\/v2\/media?parent=87160"}],"wp:term":[{"taxonomy":"category","embeddable":true,"href":"https:\/\/www.klaus-janowitz.de\/wordpress\/wp-json\/wp\/v2\/categories?post=87160"},{"taxonomy":"post_tag","embeddable":true,"href":"https:\/\/www.klaus-janowitz.de\/wordpress\/wp-json\/wp\/v2\/tags?post=87160"}],"curies":[{"name":"wp","href":"https:\/\/api.w.org\/{rel}","templated":true}]}}