{"id":86340,"date":"2025-04-24T17:06:18","date_gmt":"2025-04-24T15:06:18","guid":{"rendered":"https:\/\/www.klaus-janowitz.de\/wordpress\/?p=86340"},"modified":"2025-05-14T12:51:34","modified_gmt":"2025-05-14T10:51:34","slug":"die-sozialisation-von-maschinen-kuenstliche-intelligenz-transformation-und-krisen-in-wirtschaft-und-gesellschaft","status":"publish","type":"post","link":"https:\/\/www.klaus-janowitz.de\/wordpress\/die-sozialisation-von-maschinen-kuenstliche-intelligenz-transformation-und-krisen-in-wirtschaft-und-gesellschaft\/","title":{"rendered":"Die Sozialisation von Maschinen &#8211; K\u00fcnstliche Intelligenz: Transformation und Krisen in Wirtschaft und Gesellschaft"},"content":{"rendered":"<p style=\"text-align: justify;\"><a href=\"https:\/\/i0.wp.com\/www.klaus-janowitz.de\/wordpress\/wp-content\/uploads\/2025\/04\/KI_FWitt.jpg?ssl=1\"><img data-recalc-dims=\"1\" fetchpriority=\"high\" decoding=\"async\" class=\"alignright wp-image-86345\" src=\"https:\/\/i0.wp.com\/www.klaus-janowitz.de\/wordpress\/wp-content\/uploads\/2025\/04\/KI_FWitt.jpg?resize=237%2C349&#038;ssl=1\" alt=\"\" width=\"237\" height=\"349\" srcset=\"https:\/\/i0.wp.com\/www.klaus-janowitz.de\/wordpress\/wp-content\/uploads\/2025\/04\/KI_FWitt.jpg?resize=696%2C1024&amp;ssl=1 696w, https:\/\/i0.wp.com\/www.klaus-janowitz.de\/wordpress\/wp-content\/uploads\/2025\/04\/KI_FWitt.jpg?resize=204%2C300&amp;ssl=1 204w, https:\/\/i0.wp.com\/www.klaus-janowitz.de\/wordpress\/wp-content\/uploads\/2025\/04\/KI_FWitt.jpg?resize=768%2C1130&amp;ssl=1 768w, https:\/\/i0.wp.com\/www.klaus-janowitz.de\/wordpress\/wp-content\/uploads\/2025\/04\/KI_FWitt.jpg?resize=1044%2C1536&amp;ssl=1 1044w, https:\/\/i0.wp.com\/www.klaus-janowitz.de\/wordpress\/wp-content\/uploads\/2025\/04\/KI_FWitt.jpg?resize=1392%2C2048&amp;ssl=1 1392w, https:\/\/i0.wp.com\/www.klaus-janowitz.de\/wordpress\/wp-content\/uploads\/2025\/04\/KI_FWitt.jpg?w=1668&amp;ssl=1 1668w, https:\/\/i0.wp.com\/www.klaus-janowitz.de\/wordpress\/wp-content\/uploads\/2025\/04\/KI_FWitt.jpg?w=1575&amp;ssl=1 1575w\" sizes=\"(max-width: 237px) 100vw, 237px\" \/><\/a><em>Zu fragen, wie etwas funktioniert, ist der beste Zugang zur Wirklichkeit. Das gilt ebenso f\u00fcr Maschinen, die die zentrale Funktionen des Gehirns gleichwertig imitieren und in vielerlei Hinsicht dessen Leistungsf\u00e4higkeit \u00fcbertreffen<\/em> (12).<em><br \/>\n<\/em><strong><em>K\u00fcnstliche Intelligenz: Transformation und Krisen in Wirtschaft und Gesellschaft<\/em><\/strong> ist ein langer, sperrig-n\u00fcchterner Titel, hinter dem ein\u00a0 komplexer Erkl\u00e4rungsansatz und ein ganz bestimmtes Verst\u00e4ndnis der <em>Genese<\/em> von KI steht.<br \/>\n<em><strong>Sozialisation von Maschinen<\/strong><\/em> klingt spektakul\u00e4r &#8211; gemeint ist\u00a0 der Prozess, durch den Maschinen und k\u00fcnstliche Intelligenzen zunehmend in soziale, gesellschaftliche und wirtschaftliche Strukturen integriert werden.<\/p>\n<p style=\"text-align: justify;\">Autor <strong>Frank H. Witt<\/strong> ist Professor der Wirtschaftswissenschaften und Philosoph &#8211; mit zahlreichen internationalen Stationen, von Wuppertal bis Alcal\u00e0 (Spanien), Hongkong, Tokyo und Windhoek\/Namibia,\u00a0 derzeit Malta. Das Buch erscheint im Mai, der Autor hat mir vorab ein <em>pdf<\/em> zukommen lassen.<\/p>\n<p style=\"text-align: justify;\">Von den Gr\u00f6ssen seines <em>Brotfachs<\/em> l\u00e4sst er nur wenige gelten, so die Klassiker <em>Keynes<\/em> und <em>Schumpeter<\/em>, von den Zeitgenossen <em>Daron <a href=\"https:\/\/www.klaus-janowitz.de\/wordpress\/power-and-progress-big-tech-is-bad-big-a-i-will-be-worse\/\" target=\"_blank\" rel=\"noopener\">Acemoglu<\/a><\/em>.<br \/>\nDie Philosophie von <em><strong>Ludwig Wittgenstein<\/strong><\/em> (1889-1951) und das Grundlagenwerk des Computer- Wissenschaftlers<strong><em> Alan Turing<\/em><\/strong> (1912-1954) spielen im Buch eine zentrale Rolle.<br \/>\nWitt beschreibt <em>Wittgenstein<\/em> als einen <em>Wegbereiter der Entwicklung von KI.\u00a0 Dazu z\u00e4hlt sein realistisches Verst\u00e4ndnis der Bedeutung von Zeichen, Worten und S\u00e4tzen \u2013 definiert durch den sozialen Kontext, in dem sie verwendet werden (181). <\/em>Seine Philosophie hilft zu verstehen, wie Sprache und Bedeutung funktionieren.<br \/>\n<em>Turing<\/em> legte die mathematischen und konzeptuellen Grundlagen daf\u00fcr, wie Maschinen \u00fcberhaupt <em>denken<\/em> und Probleme l\u00f6sen k\u00f6nnen, ausgehend von der Frage, wie Maschinen lernen k\u00f6nnten und zur Metapher des Gehirns als Maschine. Auch sp\u00e4tere Entwicklungen, wie etwa <em>neuronale Netze<\/em> und lernende Systeme, berufen sich st\u00e4rker auf Turing und kognitionswissenschaftliche Modelle, die an biologische Prozesse angelehnt sind.<br \/>\nBeide zusammen bilden die komplement\u00e4ren S\u00e4ulen moderner KI: Wittgensteins kontextbasiertes Sprachverst\u00e4ndnis liefert die theoretische Grundlage f\u00fcr Bedeutungserfassung, w\u00e4hrend Turings Formalisierung des Denkens die algorithmische Umsetzung erm\u00f6glichte \u2013 eine Synthese aus sozialer Kontextualisierung und mathematischer Operationalisierung des Denkens.<\/p>\n<figure id=\"attachment_86356\" aria-describedby=\"caption-attachment-86356\" style=\"width: 300px\" class=\"wp-caption alignright\"><a href=\"https:\/\/i0.wp.com\/www.klaus-janowitz.de\/wordpress\/wp-content\/uploads\/2025\/04\/KI_Hirn_klein.jpg?ssl=1\"><img data-recalc-dims=\"1\" decoding=\"async\" class=\"size-medium wp-image-86356\" src=\"https:\/\/i0.wp.com\/www.klaus-janowitz.de\/wordpress\/wp-content\/uploads\/2025\/04\/KI_Hirn_klein.jpg?resize=300%2C200&#038;ssl=1\" alt=\"\" width=\"300\" height=\"200\" srcset=\"https:\/\/i0.wp.com\/www.klaus-janowitz.de\/wordpress\/wp-content\/uploads\/2025\/04\/KI_Hirn_klein.jpg?resize=300%2C200&amp;ssl=1 300w, https:\/\/i0.wp.com\/www.klaus-janowitz.de\/wordpress\/wp-content\/uploads\/2025\/04\/KI_Hirn_klein.jpg?resize=1024%2C683&amp;ssl=1 1024w, https:\/\/i0.wp.com\/www.klaus-janowitz.de\/wordpress\/wp-content\/uploads\/2025\/04\/KI_Hirn_klein.jpg?resize=768%2C512&amp;ssl=1 768w, https:\/\/i0.wp.com\/www.klaus-janowitz.de\/wordpress\/wp-content\/uploads\/2025\/04\/KI_Hirn_klein.jpg?resize=1536%2C1024&amp;ssl=1 1536w, https:\/\/i0.wp.com\/www.klaus-janowitz.de\/wordpress\/wp-content\/uploads\/2025\/04\/KI_Hirn_klein.jpg?resize=2048%2C1365&amp;ssl=1 2048w\" sizes=\"(max-width: 300px) 100vw, 300px\" \/><\/a><figcaption id=\"caption-attachment-86356\" class=\"wp-caption-text\">Das Gehirn als Vorbild f\u00fcr die Entwicklung von KI? \u2013 Bild: Sumaid pal Singh Unsplash+<\/figcaption><\/figure>\n<p style=\"text-align: justify;\">Lernen von Maschinen geschieht zun\u00e4chst durch systematisches Training, wurde aber ebenso nach dem Vorbild biologischer \u2013 menschlicher \u2013 Intelligenz entwickelt. Witt spricht in diesem Zusammenhang von einer Entkopplung von Intelligenz und menschlichem Bewusstsein. K\u00fcnstliche Intelligenz setzt voraus, dass Maschinen lernen und sich selbst weiterentwickeln k\u00f6nnen \u2013 schneller als der Mensch, aber nach den Prinzipien evolution\u00e4rer Anpassung.<br \/>\nOrientierung an der Evolution bedeutet dabei zweierlei: Zum einen werden so langfristige Dysfunktionalit\u00e4ten vermieden, zum anderen wird KI so nicht als radikale Disruption, sondern als Teil einer kontinuierlichen gesellschaftlichen Integration verstanden.<\/p>\n<p style=\"text-align: justify;\" data-wp-editing=\"1\">Die Erfolge aktueller KI, so der Umgang mit nat\u00fcrlicher Sprache incl. der Unterhaltung mit Menschen, sowie komplexe F\u00e4higkeiten wie autonomes Fahren, Buchhaltung und Rechtsberatung sind Erfolge von\u00a0 KI auf der Basis der Nachahmung biologischer Evolution. Programmierte KI &#8211; bzw.\u00a0 <em>auf der Basis klassischer programmierter Computer vorget\u00e4uschte KI<\/em> hat dagegen keinerlei Chance (179).<\/p>\n<p style=\"text-align: justify;\"><span style=\"font-size: 1rem;\">F\u00fcnf Fragen stellt der Autor dem Buch voran: <\/span><em><em style=\"font-size: 1rem;\">Wie funktioniert der Mensch als Lebewesen<\/em><span style=\"font-size: 1rem;\">? <\/span><em style=\"font-size: 1rem;\">Wie funktioniert die globale Gegenwartsgesellschaft<\/em><span style=\"font-size: 1rem;\">? <\/span><em style=\"font-size: 1rem;\">Wie funktioniert das Gehirn<\/em><span style=\"font-size: 1rem;\">? <\/span><em style=\"font-size: 1rem;\">Wie funktioniert KI<\/em><span style=\"font-size: 1rem;\">? <\/span><em style=\"font-size: 1rem;\">Wie l\u00e4sst sich die Zukunft prognostizieren und gestalten<\/em><span style=\"font-size: 1rem;\">?\u00a0 <\/span><\/em><span style=\"font-size: 1rem;\">(24) <\/span><em><br \/>\n<\/em>An diesen Fragen baut sich die Argumentationslinie auf &#8211; unterbrochen von einigen Exkursen. Es geht um einen realistischen Blick auf Gegenwart und Zukunft. Das erfordert aber auch, darzustellen, wie Wirklichkeit entsteht, sich ver\u00e4ndert und weiter ver\u00e4ndern wird.<br \/>\nDer Blick auf KI ist nicht auf isolierte technologische Ph\u00e4nomene gerichtet, sondern als eine Fortsetzung evolution\u00e4rer Linien. Der Ansatz erfordert ein Grundverst\u00e4ndnis der biologischen Evolution, der Entwicklung von Wirtschaft und Gesellschaft sowie der Faktoren und Prozesse, die dabei eine entscheidende Rolle spielen.<br \/>\n<em>Evolution<\/em> versteht Witt &#8211; systemtheoretisch &#8211; als <em>eine biologische, soziobiologische und soziale Theorie der Selbstorganisation komplexer Systeme<\/em>. Die biologische Evolution wird durch Genver\u00e4nderungen angetrieben, die soziale durch Kommunikation.<br \/>\nDie Gegenwartsgesellschaft zeichnet sich durch kumulative, d.h. sich sammelnde und erg\u00e4nzende Innovationen aus &#8211; ihre H\u00e4ufung beschleunigt die Entwicklungen. Sie basiert auf Kommunikation und wird daher zunehmend von Algorithmen und digitalen Plattformen gesteuert.<br \/>\nGenetisch ist die heutige Menschheit nach Durchlauf einiger Flaschenh\u00e4lse weitgehend angeglichen.<\/p>\n<p style=\"text-align: justify;\">KI geht nach Witt von einer <em>Doppelrevolution der Biotechnologie und Informationstechnologie<\/em> aus, <em>die aufeinander aufbaut, wechselseitig zur\u00fcckwirkt und sich daher enorm beschleunigt<\/em> (15).<br \/>\nInformationsverarbeitung in grossen Datenmengen ist f\u00fcr das menschliche Bewusstsein aufgrund der enormen Anzahl m\u00f6glicher Kombinationen und der geringen Wahrscheinlichkeit von Treffern n<em>ur schwer leistbar, f\u00fcr lernende Maschinen jedoch problemlos zug\u00e4nglich.<br \/>\nLarge Language Models<\/em> basieren auf der Berechnung von\u00a0 Wahrscheinlichkeiten in Kontextfenstern \u2013 ein Verfahren, das in bestimmten Aspekten wie Informationsbreite und Verarbeitungsgeschwindigkeit menschliche Kommunikation \u00fcbertrifft. KI verarbeitet Information nicht nach starrer mechanischer Logik, sondern nach Mustern von Bedeutung, Assoziation und Vorhersage \u2013 in gewisser Weise dem menschlichen Gehirn \u00e4hnlich, jedoch auf der Grundlage massiver paralleler Berechnungen &#8211; <em>Parallel Computing<\/em>&#8211; , die gleichzeitig enorme Datenmengen verarbeiten k\u00f6nnen.<br \/>\nMuster und Abweichungen, die zu Krankheiten oder zu bestimmten Eigenschaften f\u00fchren, k\u00f6nnen mittlerweile besonders gut durch KI erkannt und vorhergesagt werden.<\/p>\n<figure id=\"attachment_86367\" aria-describedby=\"caption-attachment-86367\" style=\"width: 282px\" class=\"wp-caption alignleft\"><a href=\"https:\/\/i0.wp.com\/www.klaus-janowitz.de\/wordpress\/wp-content\/uploads\/2025\/04\/Triangel_Wittgenetein_Tuning_Baltzmann.jpeg?ssl=1\" target=\"_blank\" rel=\"noopener\"><img data-recalc-dims=\"1\" decoding=\"async\" class=\"wp-image-86367 size-medium\" src=\"https:\/\/i0.wp.com\/www.klaus-janowitz.de\/wordpress\/wp-content\/uploads\/2025\/04\/Triangel_Wittgenetein_Tuning_Baltzmann.jpeg?resize=282%2C300&#038;ssl=1\" alt=\"\" width=\"282\" height=\"300\" srcset=\"https:\/\/i0.wp.com\/www.klaus-janowitz.de\/wordpress\/wp-content\/uploads\/2025\/04\/Triangel_Wittgenetein_Tuning_Baltzmann.jpeg?resize=282%2C300&amp;ssl=1 282w, https:\/\/i0.wp.com\/www.klaus-janowitz.de\/wordpress\/wp-content\/uploads\/2025\/04\/Triangel_Wittgenetein_Tuning_Baltzmann.jpeg?resize=962%2C1024&amp;ssl=1 962w, https:\/\/i0.wp.com\/www.klaus-janowitz.de\/wordpress\/wp-content\/uploads\/2025\/04\/Triangel_Wittgenetein_Tuning_Baltzmann.jpeg?resize=768%2C818&amp;ssl=1 768w, https:\/\/i0.wp.com\/www.klaus-janowitz.de\/wordpress\/wp-content\/uploads\/2025\/04\/Triangel_Wittgenetein_Tuning_Baltzmann.jpeg?w=1054&amp;ssl=1 1054w\" sizes=\"(max-width: 282px) 100vw, 282px\" \/><\/a><figcaption id=\"caption-attachment-86367\" class=\"wp-caption-text\">Assoziative Triangel (S.191) &#8211; volle Aufl\u00f6sung nach Klick<\/figcaption><\/figure>\n<p style=\"text-align: justify;\">Die Graphik (li.) zeigt ein Dreieck von Beeinflussungen: <a href=\"https:\/\/de.wikipedia.org\/wiki\/Ludwig_Boltzmann\" target=\"_blank\" rel=\"noopener\"><em>Ludwig<\/em> <strong><em>Boltzmann\u00a0<\/em><\/strong><\/a> (1844-1906), begr\u00fcndete die\u00a0 statistische Mechanik. Seine Idee der Entropie als Ma\u00df f\u00fcr Unordnung und die Anwendung statistischer Methoden in der Wissenschaft beeinflussten <em>Wittgensteins<\/em> Denken \u00fcber Ordnung und Struktur in der Welt und der Sprache.<br \/>\nDie Begegnung zwischen <strong><em>Wittgenstein<\/em><\/strong> und <strong><em>Turing<\/em><\/strong> 1939 in Cambridge gilt als ein Schl\u00fcsselereignis der Informationsgesellschaft. Wittgenstein suchte nach L\u00f6sungen philosophischer Fragen, Turing nach praktischen L\u00f6sungen. .<br \/>\n<em>Turing<\/em> war tief beeindruckt von <em>Wittgensteins<\/em> Analysen zum Zusammenhang von sprachlicher Bedeutung, Bewusstsein und Sozialisation. <em>Turing <\/em>orientierte sich bei der Imitation menschlicher Gehirnfunktionen an der Entwicklung von Kindern und ihrer Sozialisation, ihrer geistigen F\u00e4higkeiten, Intelligenz und F\u00e4higkeit zu denken (17). <strong><em>Sozialisation von Maschinen<\/em><\/strong>\u00a0<em>wurde so zum Paradigma der Entwicklung von KI <\/em>(192)<em>. <\/em>So sieht der Autor KI als <em>Basistechnologie eines neuen, zweiten Maschinenzeitalters<\/em>*.<em><br \/>\n<\/em><\/p>\n<p style=\"text-align: justify;\">Witts Blick auf die moderne, globale Gegenwartsgesellschaft ist durch Luhmanns Systemtheorie gepr\u00e4gt: Soziale Funktionssysteme wie Wirtschaft, Politik, Recht, Bildung und Wissenschaft erscheinen als eigenst\u00e4ndige Stufen systemischer Differenzierung. Von KI gesteuerte Kommunikation greift zwangsl\u00e4ufig und zunehmend tief in diese Systeme ein \u2013 mit weitreichenden Folgen f\u00fcr ihre Funktionslogiken.<\/p>\n<p style=\"text-align: justify;\">In einer nahen Zukunftsperspektive sieht Witt KI im Alltagsleben ebenso angekommen wie in institutionalisierter Politik, Wirtschaft und Bildung. KI, die Bilder, Sprache und Texte verstehen und generieren kann, wird \u2013 so seine These \u2013 nahezu alles ver\u00e4ndern. Ob sie auch zur Bew\u00e4ltigung der multiplen Krisen der Gegenwart beitragen kann, bleibt offen und h\u00e4ngt wesentlich von substanziellen Ver\u00e4nderungen des Gesellschaftssystems ab.<\/p>\n<p style=\"text-align: justify;\">Ver\u00e4nderungen sind nie nur technische Anpassungen, sondern Ergebnis komplexer gesellschaftlicher Aushandlungsprozesse \u2013 beeinflusst von politischen Entscheidungen, Machtdynamiken, zivilisatorischen Standards und \u00dcbereink\u00fcnften und nicht zuletzt einer Vielzahl unbeabsichtigter Nebenwirkungen. Zukunft ist nicht einfach ein Fortschreiten, sie verlangt Mitgestaltung auf vielerlei Ebenen.<\/p>\n<p style=\"text-align: justify;\"><span style=\"font-size: 1rem;\">Witts Buch ist keine leichte Lekt\u00fcre \u2013 allein schon aufgrund der zentralen Rolle von Wittgensteins Philosophie, von der der Autor selbst sagt, dass sie nur wenige wirklich verstanden haben. Es verlangt die Bereitschaft, sich auf eine vielschichtige Verbindung von biologischer Evolution, sozialer Entwicklung und technologischer Innovation einzulassen.<br \/>\nAm Zielpunkt steht eine Sozialisation von Maschinen \u2013 als Fortsetzung der Evolution \u00fcber das menschliche Bewusstsein hinaus. Die Entstehung von KI wird hier nicht als Bruch, sondern als Integration in eine sich fortsetzende Menschheitsgeschichte verstanden: zun\u00e4chst durch genetische Ver\u00e4nderungen, sp\u00e4ter durch Kommunikation und zivilisatorischen Wandel angetrieben.<br \/>\nDer breite Bogen der Beschreibung wechselseitiger Prozesse erinnert des \u00f6fteren an den Zivilisationsprozess bei <a href=\"https:\/\/www.klaus-janowitz.de\/wordpress\/machtbalance-figuration-und-digitaler-wandel\/\" target=\"_blank\" rel=\"noopener\"><em>Norbert Elias<\/em><\/a> bzw. Konzepte der <a href=\"https:\/\/www.klaus-janowitz.de\/wordpress\/technogenese-technische-innovation-und-gesellschaftlicher-wandel\/\" target=\"_blank\" rel=\"noopener\"><em>Technogenese<\/em><\/a>, der evolution\u00e4ren Verbindung von technischem und gesellschaftlichem Wandel, die aber nicht explizit genannt werden. Allerdings wird\u00a0 <a href=\"https:\/\/www.klaus-janowitz.de\/wordpress\/8712-2\/\" target=\"_blank\" rel=\"noopener\">Polanyi<\/a> genannt, der einige Parallelen dazu aufweist.<\/span><\/p>\n<p style=\"text-align: justify;\">Anschliessen lassen sich\u00a0 Fragen der Materialit\u00e4t von KI, wie sie im <strong><em><a href=\"https:\/\/www.klaus-janowitz.de\/wordpress\/atlas-of-ai-die-materielle-basis-der-ki-rezension\/\" target=\"_blank\" rel=\"noopener\">Atlas der KI<\/a><\/em>\u00a0 <\/strong>\u00a0von <em>Kate Crawford<\/em> dargestellt werden.<br \/>\nPolitisch und gesellschaftlich brisant sind die entstehenden Gesch\u00e4ftsmodelle, die an die Dominanz von <em>BigTech<\/em> in den Social Media erinnern. KI basiert auf kollektiv erzeugten Wissensbest\u00e4nden und verwertet individuelle Sch\u00f6pfungen in Ton, Bild und Text \u2013 was fundamentale Fragen des geistigen Eigentums aufwirft: Wurden diese Daten legal erworben und verwendet?<br \/>\nDroht mit der KI-Verbreitung eine weitere <em>Landnahme<\/em> m\u00e4chtiger <em>BigTech<\/em>-Konzerne, oder besteht die Chance, sie als <em>Menschheitseigentum<\/em> zu etablieren?<\/p>\n<p>\u00a0Empfehlenswert ist im Weiteren ein Aufsatz des Soziologen <em>Fabian Anicker<\/em>, der ebenfalls von <em>Sozialisierten Maschinen<\/em> spricht (<a href=\"https:\/\/www.uni-muenster.de\/Ejournals\/index.php\/zts\/article\/view\/5746\/5852\" target=\"_blank\" rel=\"noopener\">link<\/a>)<\/p>\n<p><span style=\"font-size: small;\"><strong>Frank H. Witt: <\/strong>K\u00fcnstliche Intelligenz: Transformation und Krisen in Wirtschaft und Gesellschaft-UVK Verlag , 220 S. ,\u00a0 erscheint im Mai 25. .\u00a0 auf yt: <a href=\"https:\/\/www.youtube.com\/watch?v=0Fx3wUEkEVc\" target=\"_blank\" rel=\"noopener\">Wittgenstein und Turing: KI als kumulative Innovation<\/a> \u00a0\u00b9 s. *+<strong>Fabian Anicker<\/strong>: <a href=\"https:\/\/www.uni-muenster.de\/Ejournals\/index.php\/zts\/article\/view\/5746\/5852\" target=\"_blank\" rel=\"noopener\">Sozialisierte Maschinen. <\/a>Zur gesellschaftlichen Funktion von K\u00fcnstlicher Intelligenz. Zeitschrift f\u00fcr Theoretische Soziologie 1\/2023; S. 79-105 ,\u00a0 s. auch: <em><strong>Turing and Wittgenstein<\/strong><\/em>: <a href=\"https:\/\/bigthink.com\/thinking\/turing-and-wittgenstein-an-entanglement-of-math-and-philosophy\/\" target=\"_blank\" rel=\"noopener\">An entanglement of math and philosophy<\/a>. Bigthink, 12\/23 &#8211; * vgl.: <strong>Erik Brynjolfsson<\/strong>, <strong>Andrew McAfee<\/strong>: The Second Machine Age. orig.\u00a0 2014, dt. 2018. &#8211; ** Humanismus und Berechenbarkeit: Der Dialog zwischen Ludwig Wittgenstein und Alan Turing als Ur-Ereignis der Informationsgesellschaft. S..166 &#8211; 230 In: <strong>Andr\u00e9 Sch\u00fcller-Zwierlein<\/strong>:. Die Fragilit\u00e4t des Zugangs. 2022<\/span><\/p>\n<p><!-- Matomo --><br \/>\n<script type=\"text\/javascript\">\n  var _paq = window._paq || [];\n  \/* tracker methods like \"setCustomDimension\" should be called before \"trackPageView\" *\/\n  _paq.push(['trackPageView']); \n  _paq.push(['enableLinkTracking']);\n  (function() {\n    var u=\"\/\/www.klaus-janowitz.de\/piwik\/\";\n    _paq.push(['setTrackerUrl', u+'matomo.php']);\n    _paq.push(['setSiteId', '1']);\n    var d=document, g=d.createElement('script'), s=d.getElementsByTagName('script')[0];\n    g.type='text\/javascript'; g.async=true; g.defer=true; g.src=u+'matomo.js'; s.parentNode.insertBefore(g,s);\n  })();\n<\/script><br \/>\n<!-- End Matomo Code --><\/p>\n","protected":false},"excerpt":{"rendered":"<p>Zu fragen, wie etwas funktioniert, ist der beste Zugang zur Wirklichkeit. Das gilt ebenso f\u00fcr Maschinen, die die zentrale Funktionen des Gehirns gleichwertig imitieren und in vielerlei Hinsicht dessen Leistungsf\u00e4higkeit \u00fcbertreffen (12). K\u00fcnstliche Intelligenz: Transformation und Krisen in Wirtschaft und Gesellschaft ist ein langer, sperrig-n\u00fcchterner Titel, hinter dem ein\u00a0 komplexer Erkl\u00e4rungsansatz und ein ganz bestimmtes &hellip; <\/p>\n<p class=\"link-more\"><a href=\"https:\/\/www.klaus-janowitz.de\/wordpress\/die-sozialisation-von-maschinen-kuenstliche-intelligenz-transformation-und-krisen-in-wirtschaft-und-gesellschaft\/\" class=\"more-link\"><span class=\"screen-reader-text\">\u201eDie Sozialisation von Maschinen &#8211; K\u00fcnstliche Intelligenz: Transformation und Krisen in Wirtschaft und Gesellschaft\u201c <\/span>weiterlesen<\/a><\/p>\n","protected":false},"author":1,"featured_media":0,"comment_status":"open","ping_status":"open","sticky":false,"template":"","format":"standard","meta":{"jetpack_post_was_ever_published":false,"_jetpack_newsletter_access":"","_jetpack_dont_email_post_to_subs":false,"_jetpack_newsletter_tier_id":0,"_jetpack_memberships_contains_paywalled_content":false,"_jetpack_memberships_contains_paid_content":false,"activitypub_content_warning":"","activitypub_content_visibility":"","activitypub_max_image_attachments":4,"activitypub_interaction_policy_quote":"","activitypub_status":"","footnotes":"","jetpack_publicize_message":"","jetpack_publicize_feature_enabled":true,"jetpack_social_post_already_shared":true,"jetpack_social_options":{"image_generator_settings":{"template":"highway","default_image_id":0,"font":"","enabled":false},"version":2}},"categories":[1,66,15,170,67],"tags":[117,115,61,65],"class_list":["post-86340","post","type-post","status-publish","format-standard","hentry","category-allgemein","category-digitaler-wandel","category-feuilleton","category-ki","category-rezensionen","tag-digitale-zivilisation","tag-ki","tag-rezension","tag-technogenese"],"yoast_head":"<!-- This site is optimized with the Yoast SEO plugin v27.4 - https:\/\/yoast.com\/product\/yoast-seo-wordpress\/ -->\n<title>Die Sozialisation von Maschinen - K\u00fcnstliche Intelligenz: Transformation und Krisen in Wirtschaft und Gesellschaft - Netnographie &amp; Digitaler Wandel<\/title>\n<meta name=\"description\" content=\"Sozialisation von Maschinen klingt spektakul\u00e4r, gemeint ist der Prozess, in dem KI in soziale Strukturen integriert werden.\" \/>\n<meta name=\"robots\" content=\"index, follow, max-snippet:-1, max-image-preview:large, max-video-preview:-1\" \/>\n<link rel=\"canonical\" href=\"https:\/\/www.klaus-janowitz.de\/wordpress\/die-sozialisation-von-maschinen-kuenstliche-intelligenz-transformation-und-krisen-in-wirtschaft-und-gesellschaft\/\" \/>\n<meta property=\"og:locale\" content=\"de_DE\" \/>\n<meta property=\"og:type\" content=\"article\" \/>\n<meta property=\"og:title\" content=\"Die Sozialisation von Maschinen - K\u00fcnstliche Intelligenz: Transformation und Krisen in Wirtschaft und Gesellschaft - Netnographie &amp; Digitaler Wandel\" \/>\n<meta property=\"og:description\" content=\"Sozialisation von Maschinen klingt spektakul\u00e4r, gemeint ist der Prozess, in dem KI in soziale Strukturen integriert werden.\" \/>\n<meta property=\"og:url\" content=\"https:\/\/www.klaus-janowitz.de\/wordpress\/die-sozialisation-von-maschinen-kuenstliche-intelligenz-transformation-und-krisen-in-wirtschaft-und-gesellschaft\/\" \/>\n<meta property=\"og:site_name\" content=\"Netnographie &amp; Digitaler Wandel\" \/>\n<meta property=\"article:published_time\" content=\"2025-04-24T15:06:18+00:00\" \/>\n<meta property=\"article:modified_time\" content=\"2025-05-14T10:51:34+00:00\" \/>\n<meta property=\"og:image\" content=\"https:\/\/www.klaus-janowitz.de\/wordpress\/wp-content\/uploads\/2025\/04\/KI_FWitt-696x1024.jpg\" \/>\n<meta name=\"author\" content=\"KlausMJan\" \/>\n<meta name=\"twitter:card\" content=\"summary_large_image\" \/>\n<meta name=\"twitter:label1\" content=\"Verfasst von\" \/>\n\t<meta name=\"twitter:data1\" content=\"KlausMJan\" \/>\n\t<meta name=\"twitter:label2\" content=\"Gesch\u00e4tzte Lesezeit\" \/>\n\t<meta name=\"twitter:data2\" content=\"9\u00a0Minuten\" \/>\n<script type=\"application\/ld+json\" class=\"yoast-schema-graph\">{\"@context\":\"https:\\\/\\\/schema.org\",\"@graph\":[{\"@type\":\"Article\",\"@id\":\"https:\\\/\\\/www.klaus-janowitz.de\\\/wordpress\\\/die-sozialisation-von-maschinen-kuenstliche-intelligenz-transformation-und-krisen-in-wirtschaft-und-gesellschaft\\\/#article\",\"isPartOf\":{\"@id\":\"https:\\\/\\\/www.klaus-janowitz.de\\\/wordpress\\\/die-sozialisation-von-maschinen-kuenstliche-intelligenz-transformation-und-krisen-in-wirtschaft-und-gesellschaft\\\/\"},\"author\":{\"name\":\"KlausMJan\",\"@id\":\"https:\\\/\\\/www.klaus-janowitz.de\\\/wordpress\\\/#\\\/schema\\\/person\\\/010eda704157cb8ce4370bfd0376c858\"},\"headline\":\"Die Sozialisation von Maschinen &#8211; K\u00fcnstliche Intelligenz: Transformation und Krisen in Wirtschaft und Gesellschaft\",\"datePublished\":\"2025-04-24T15:06:18+00:00\",\"dateModified\":\"2025-05-14T10:51:34+00:00\",\"mainEntityOfPage\":{\"@id\":\"https:\\\/\\\/www.klaus-janowitz.de\\\/wordpress\\\/die-sozialisation-von-maschinen-kuenstliche-intelligenz-transformation-und-krisen-in-wirtschaft-und-gesellschaft\\\/\"},\"wordCount\":1495,\"commentCount\":3,\"image\":{\"@id\":\"https:\\\/\\\/www.klaus-janowitz.de\\\/wordpress\\\/die-sozialisation-von-maschinen-kuenstliche-intelligenz-transformation-und-krisen-in-wirtschaft-und-gesellschaft\\\/#primaryimage\"},\"thumbnailUrl\":\"https:\\\/\\\/www.klaus-janowitz.de\\\/wordpress\\\/wp-content\\\/uploads\\\/2025\\\/04\\\/KI_FWitt-696x1024.jpg\",\"keywords\":[\"Digitale Zivilisation\",\"KI\",\"Rezension\",\"Technogenese\"],\"articleSection\":{\"1\":\"Digitaler Wandel\",\"2\":\"Feuilleton\",\"3\":\"KI\",\"4\":\"Rezensionen\"},\"inLanguage\":\"de\",\"potentialAction\":[{\"@type\":\"CommentAction\",\"name\":\"Comment\",\"target\":[\"https:\\\/\\\/www.klaus-janowitz.de\\\/wordpress\\\/die-sozialisation-von-maschinen-kuenstliche-intelligenz-transformation-und-krisen-in-wirtschaft-und-gesellschaft\\\/#respond\"]}]},{\"@type\":\"WebPage\",\"@id\":\"https:\\\/\\\/www.klaus-janowitz.de\\\/wordpress\\\/die-sozialisation-von-maschinen-kuenstliche-intelligenz-transformation-und-krisen-in-wirtschaft-und-gesellschaft\\\/\",\"url\":\"https:\\\/\\\/www.klaus-janowitz.de\\\/wordpress\\\/die-sozialisation-von-maschinen-kuenstliche-intelligenz-transformation-und-krisen-in-wirtschaft-und-gesellschaft\\\/\",\"name\":\"Die Sozialisation von Maschinen - K\u00fcnstliche Intelligenz: Transformation und Krisen in Wirtschaft und Gesellschaft - Netnographie &amp; Digitaler Wandel\",\"isPartOf\":{\"@id\":\"https:\\\/\\\/www.klaus-janowitz.de\\\/wordpress\\\/#website\"},\"primaryImageOfPage\":{\"@id\":\"https:\\\/\\\/www.klaus-janowitz.de\\\/wordpress\\\/die-sozialisation-von-maschinen-kuenstliche-intelligenz-transformation-und-krisen-in-wirtschaft-und-gesellschaft\\\/#primaryimage\"},\"image\":{\"@id\":\"https:\\\/\\\/www.klaus-janowitz.de\\\/wordpress\\\/die-sozialisation-von-maschinen-kuenstliche-intelligenz-transformation-und-krisen-in-wirtschaft-und-gesellschaft\\\/#primaryimage\"},\"thumbnailUrl\":\"https:\\\/\\\/www.klaus-janowitz.de\\\/wordpress\\\/wp-content\\\/uploads\\\/2025\\\/04\\\/KI_FWitt-696x1024.jpg\",\"datePublished\":\"2025-04-24T15:06:18+00:00\",\"dateModified\":\"2025-05-14T10:51:34+00:00\",\"author\":{\"@id\":\"https:\\\/\\\/www.klaus-janowitz.de\\\/wordpress\\\/#\\\/schema\\\/person\\\/010eda704157cb8ce4370bfd0376c858\"},\"description\":\"Sozialisation von Maschinen klingt spektakul\u00e4r, gemeint ist der Prozess, in dem KI in soziale Strukturen integriert werden.\",\"breadcrumb\":{\"@id\":\"https:\\\/\\\/www.klaus-janowitz.de\\\/wordpress\\\/die-sozialisation-von-maschinen-kuenstliche-intelligenz-transformation-und-krisen-in-wirtschaft-und-gesellschaft\\\/#breadcrumb\"},\"inLanguage\":\"de\",\"potentialAction\":[{\"@type\":\"ReadAction\",\"target\":[\"https:\\\/\\\/www.klaus-janowitz.de\\\/wordpress\\\/die-sozialisation-von-maschinen-kuenstliche-intelligenz-transformation-und-krisen-in-wirtschaft-und-gesellschaft\\\/\"]}]},{\"@type\":\"ImageObject\",\"inLanguage\":\"de\",\"@id\":\"https:\\\/\\\/www.klaus-janowitz.de\\\/wordpress\\\/die-sozialisation-von-maschinen-kuenstliche-intelligenz-transformation-und-krisen-in-wirtschaft-und-gesellschaft\\\/#primaryimage\",\"url\":\"https:\\\/\\\/i0.wp.com\\\/www.klaus-janowitz.de\\\/wordpress\\\/wp-content\\\/uploads\\\/2025\\\/04\\\/KI_FWitt.jpg?fit=1668%2C2454&ssl=1\",\"contentUrl\":\"https:\\\/\\\/i0.wp.com\\\/www.klaus-janowitz.de\\\/wordpress\\\/wp-content\\\/uploads\\\/2025\\\/04\\\/KI_FWitt.jpg?fit=1668%2C2454&ssl=1\",\"width\":1668,\"height\":2454},{\"@type\":\"BreadcrumbList\",\"@id\":\"https:\\\/\\\/www.klaus-janowitz.de\\\/wordpress\\\/die-sozialisation-von-maschinen-kuenstliche-intelligenz-transformation-und-krisen-in-wirtschaft-und-gesellschaft\\\/#breadcrumb\",\"itemListElement\":[{\"@type\":\"ListItem\",\"position\":1,\"name\":\"Startseite\",\"item\":\"https:\\\/\\\/www.klaus-janowitz.de\\\/wordpress\\\/\"},{\"@type\":\"ListItem\",\"position\":2,\"name\":\"Die Sozialisation von Maschinen &#8211; K\u00fcnstliche Intelligenz: Transformation und Krisen in Wirtschaft und Gesellschaft\"}]},{\"@type\":\"WebSite\",\"@id\":\"https:\\\/\\\/www.klaus-janowitz.de\\\/wordpress\\\/#website\",\"url\":\"https:\\\/\\\/www.klaus-janowitz.de\\\/wordpress\\\/\",\"name\":\"Netnographie &amp; Digitaler Wandel\",\"description\":\"Blog rund um die Themen Netnographie, Online-Kultur und Digitalen Wandel\",\"potentialAction\":[{\"@type\":\"SearchAction\",\"target\":{\"@type\":\"EntryPoint\",\"urlTemplate\":\"https:\\\/\\\/www.klaus-janowitz.de\\\/wordpress\\\/?s={search_term_string}\"},\"query-input\":{\"@type\":\"PropertyValueSpecification\",\"valueRequired\":true,\"valueName\":\"search_term_string\"}}],\"inLanguage\":\"de\"},{\"@type\":\"Person\",\"@id\":\"https:\\\/\\\/www.klaus-janowitz.de\\\/wordpress\\\/#\\\/schema\\\/person\\\/010eda704157cb8ce4370bfd0376c858\",\"name\":\"KlausMJan\",\"image\":{\"@type\":\"ImageObject\",\"inLanguage\":\"de\",\"@id\":\"https:\\\/\\\/secure.gravatar.com\\\/avatar\\\/94d3059bf264a4da1fe44d92721e645980d64122c3365532a3b1517b78db5093?s=96&r=g\",\"url\":\"https:\\\/\\\/secure.gravatar.com\\\/avatar\\\/94d3059bf264a4da1fe44d92721e645980d64122c3365532a3b1517b78db5093?s=96&r=g\",\"contentUrl\":\"https:\\\/\\\/secure.gravatar.com\\\/avatar\\\/94d3059bf264a4da1fe44d92721e645980d64122c3365532a3b1517b78db5093?s=96&r=g\",\"caption\":\"KlausMJan\"},\"sameAs\":[\"http:\\\/\\\/www.netnographie.eu\\\/wordpress\"],\"url\":\"https:\\\/\\\/www.klaus-janowitz.de\\\/wordpress\\\/author\\\/klausmjan\\\/\"}]}<\/script>\n<!-- \/ Yoast SEO plugin. -->","yoast_head_json":{"title":"Die Sozialisation von Maschinen - K\u00fcnstliche Intelligenz: Transformation und Krisen in Wirtschaft und Gesellschaft - Netnographie &amp; Digitaler Wandel","description":"Sozialisation von Maschinen klingt spektakul\u00e4r, gemeint ist der Prozess, in dem KI in soziale Strukturen integriert werden.","robots":{"index":"index","follow":"follow","max-snippet":"max-snippet:-1","max-image-preview":"max-image-preview:large","max-video-preview":"max-video-preview:-1"},"canonical":"https:\/\/www.klaus-janowitz.de\/wordpress\/die-sozialisation-von-maschinen-kuenstliche-intelligenz-transformation-und-krisen-in-wirtschaft-und-gesellschaft\/","og_locale":"de_DE","og_type":"article","og_title":"Die Sozialisation von Maschinen - K\u00fcnstliche Intelligenz: Transformation und Krisen in Wirtschaft und Gesellschaft - Netnographie &amp; Digitaler Wandel","og_description":"Sozialisation von Maschinen klingt spektakul\u00e4r, gemeint ist der Prozess, in dem KI in soziale Strukturen integriert werden.","og_url":"https:\/\/www.klaus-janowitz.de\/wordpress\/die-sozialisation-von-maschinen-kuenstliche-intelligenz-transformation-und-krisen-in-wirtschaft-und-gesellschaft\/","og_site_name":"Netnographie &amp; Digitaler Wandel","article_published_time":"2025-04-24T15:06:18+00:00","article_modified_time":"2025-05-14T10:51:34+00:00","og_image":[{"url":"https:\/\/www.klaus-janowitz.de\/wordpress\/wp-content\/uploads\/2025\/04\/KI_FWitt-696x1024.jpg","type":"","width":"","height":""}],"author":"KlausMJan","twitter_card":"summary_large_image","twitter_misc":{"Verfasst von":"KlausMJan","Gesch\u00e4tzte Lesezeit":"9\u00a0Minuten"},"schema":{"@context":"https:\/\/schema.org","@graph":[{"@type":"Article","@id":"https:\/\/www.klaus-janowitz.de\/wordpress\/die-sozialisation-von-maschinen-kuenstliche-intelligenz-transformation-und-krisen-in-wirtschaft-und-gesellschaft\/#article","isPartOf":{"@id":"https:\/\/www.klaus-janowitz.de\/wordpress\/die-sozialisation-von-maschinen-kuenstliche-intelligenz-transformation-und-krisen-in-wirtschaft-und-gesellschaft\/"},"author":{"name":"KlausMJan","@id":"https:\/\/www.klaus-janowitz.de\/wordpress\/#\/schema\/person\/010eda704157cb8ce4370bfd0376c858"},"headline":"Die Sozialisation von Maschinen &#8211; K\u00fcnstliche Intelligenz: Transformation und Krisen in Wirtschaft und Gesellschaft","datePublished":"2025-04-24T15:06:18+00:00","dateModified":"2025-05-14T10:51:34+00:00","mainEntityOfPage":{"@id":"https:\/\/www.klaus-janowitz.de\/wordpress\/die-sozialisation-von-maschinen-kuenstliche-intelligenz-transformation-und-krisen-in-wirtschaft-und-gesellschaft\/"},"wordCount":1495,"commentCount":3,"image":{"@id":"https:\/\/www.klaus-janowitz.de\/wordpress\/die-sozialisation-von-maschinen-kuenstliche-intelligenz-transformation-und-krisen-in-wirtschaft-und-gesellschaft\/#primaryimage"},"thumbnailUrl":"https:\/\/www.klaus-janowitz.de\/wordpress\/wp-content\/uploads\/2025\/04\/KI_FWitt-696x1024.jpg","keywords":["Digitale Zivilisation","KI","Rezension","Technogenese"],"articleSection":{"1":"Digitaler Wandel","2":"Feuilleton","3":"KI","4":"Rezensionen"},"inLanguage":"de","potentialAction":[{"@type":"CommentAction","name":"Comment","target":["https:\/\/www.klaus-janowitz.de\/wordpress\/die-sozialisation-von-maschinen-kuenstliche-intelligenz-transformation-und-krisen-in-wirtschaft-und-gesellschaft\/#respond"]}]},{"@type":"WebPage","@id":"https:\/\/www.klaus-janowitz.de\/wordpress\/die-sozialisation-von-maschinen-kuenstliche-intelligenz-transformation-und-krisen-in-wirtschaft-und-gesellschaft\/","url":"https:\/\/www.klaus-janowitz.de\/wordpress\/die-sozialisation-von-maschinen-kuenstliche-intelligenz-transformation-und-krisen-in-wirtschaft-und-gesellschaft\/","name":"Die Sozialisation von Maschinen - K\u00fcnstliche Intelligenz: Transformation und Krisen in Wirtschaft und Gesellschaft - Netnographie &amp; Digitaler Wandel","isPartOf":{"@id":"https:\/\/www.klaus-janowitz.de\/wordpress\/#website"},"primaryImageOfPage":{"@id":"https:\/\/www.klaus-janowitz.de\/wordpress\/die-sozialisation-von-maschinen-kuenstliche-intelligenz-transformation-und-krisen-in-wirtschaft-und-gesellschaft\/#primaryimage"},"image":{"@id":"https:\/\/www.klaus-janowitz.de\/wordpress\/die-sozialisation-von-maschinen-kuenstliche-intelligenz-transformation-und-krisen-in-wirtschaft-und-gesellschaft\/#primaryimage"},"thumbnailUrl":"https:\/\/www.klaus-janowitz.de\/wordpress\/wp-content\/uploads\/2025\/04\/KI_FWitt-696x1024.jpg","datePublished":"2025-04-24T15:06:18+00:00","dateModified":"2025-05-14T10:51:34+00:00","author":{"@id":"https:\/\/www.klaus-janowitz.de\/wordpress\/#\/schema\/person\/010eda704157cb8ce4370bfd0376c858"},"description":"Sozialisation von Maschinen klingt spektakul\u00e4r, gemeint ist der Prozess, in dem KI in soziale Strukturen integriert werden.","breadcrumb":{"@id":"https:\/\/www.klaus-janowitz.de\/wordpress\/die-sozialisation-von-maschinen-kuenstliche-intelligenz-transformation-und-krisen-in-wirtschaft-und-gesellschaft\/#breadcrumb"},"inLanguage":"de","potentialAction":[{"@type":"ReadAction","target":["https:\/\/www.klaus-janowitz.de\/wordpress\/die-sozialisation-von-maschinen-kuenstliche-intelligenz-transformation-und-krisen-in-wirtschaft-und-gesellschaft\/"]}]},{"@type":"ImageObject","inLanguage":"de","@id":"https:\/\/www.klaus-janowitz.de\/wordpress\/die-sozialisation-von-maschinen-kuenstliche-intelligenz-transformation-und-krisen-in-wirtschaft-und-gesellschaft\/#primaryimage","url":"https:\/\/i0.wp.com\/www.klaus-janowitz.de\/wordpress\/wp-content\/uploads\/2025\/04\/KI_FWitt.jpg?fit=1668%2C2454&ssl=1","contentUrl":"https:\/\/i0.wp.com\/www.klaus-janowitz.de\/wordpress\/wp-content\/uploads\/2025\/04\/KI_FWitt.jpg?fit=1668%2C2454&ssl=1","width":1668,"height":2454},{"@type":"BreadcrumbList","@id":"https:\/\/www.klaus-janowitz.de\/wordpress\/die-sozialisation-von-maschinen-kuenstliche-intelligenz-transformation-und-krisen-in-wirtschaft-und-gesellschaft\/#breadcrumb","itemListElement":[{"@type":"ListItem","position":1,"name":"Startseite","item":"https:\/\/www.klaus-janowitz.de\/wordpress\/"},{"@type":"ListItem","position":2,"name":"Die Sozialisation von Maschinen &#8211; K\u00fcnstliche Intelligenz: Transformation und Krisen in Wirtschaft und Gesellschaft"}]},{"@type":"WebSite","@id":"https:\/\/www.klaus-janowitz.de\/wordpress\/#website","url":"https:\/\/www.klaus-janowitz.de\/wordpress\/","name":"Netnographie &amp; Digitaler Wandel","description":"Blog rund um die Themen Netnographie, Online-Kultur und Digitalen Wandel","potentialAction":[{"@type":"SearchAction","target":{"@type":"EntryPoint","urlTemplate":"https:\/\/www.klaus-janowitz.de\/wordpress\/?s={search_term_string}"},"query-input":{"@type":"PropertyValueSpecification","valueRequired":true,"valueName":"search_term_string"}}],"inLanguage":"de"},{"@type":"Person","@id":"https:\/\/www.klaus-janowitz.de\/wordpress\/#\/schema\/person\/010eda704157cb8ce4370bfd0376c858","name":"KlausMJan","image":{"@type":"ImageObject","inLanguage":"de","@id":"https:\/\/secure.gravatar.com\/avatar\/94d3059bf264a4da1fe44d92721e645980d64122c3365532a3b1517b78db5093?s=96&r=g","url":"https:\/\/secure.gravatar.com\/avatar\/94d3059bf264a4da1fe44d92721e645980d64122c3365532a3b1517b78db5093?s=96&r=g","contentUrl":"https:\/\/secure.gravatar.com\/avatar\/94d3059bf264a4da1fe44d92721e645980d64122c3365532a3b1517b78db5093?s=96&r=g","caption":"KlausMJan"},"sameAs":["http:\/\/www.netnographie.eu\/wordpress"],"url":"https:\/\/www.klaus-janowitz.de\/wordpress\/author\/klausmjan\/"}]}},"jetpack_publicize_connections":[],"jetpack_featured_media_url":"","jetpack_sharing_enabled":true,"jetpack_shortlink":"https:\/\/wp.me\/p15Wn2-msA","jetpack_likes_enabled":true,"jetpack-related-posts":[{"id":88191,"url":"https:\/\/www.klaus-janowitz.de\/wordpress\/ko-evolution-und-intermediaritaet-wie-ki-wissen-organisiert\/","url_meta":{"origin":86340,"position":0},"title":"Ko-Evolution und Intermediarit\u00e4t \u2013 Wie KI Wissen organisiert","author":"KlausMJan","date":"16. April 2026","format":false,"excerpt":"KI\/AI bleibt ein dominierendes Thema der Zeitgeschichte. Nicht mehr als spekulative Zukunftserz\u00e4hlung - die Durchdringung des Alltags und auch spektakul\u00e4re Anwendungen sind l\u00e4ngst Realit\u00e4t. Das Tempo und die Intensit\u00e4t, mit der sich KI verbreitet, macht eine Transformation von grunds\u00e4tzlicher gesellschaftlicher Bedeutung mit Auswirkungen auf nahezu alle Lebensbereiche, wie auf die\u2026","rel":"","context":"In &quot;Allgemein&quot;","block_context":{"text":"Allgemein","link":"https:\/\/www.klaus-janowitz.de\/wordpress\/category\/allgemein\/"},"img":{"alt_text":"","src":"https:\/\/i0.wp.com\/www.klaus-janowitz.de\/wordpress\/wp-content\/uploads\/2026\/04\/immo-wegmann-unsplash-300x199.jpg?resize=350%2C200&ssl=1","width":350,"height":200},"classes":[]},{"id":87160,"url":"https:\/\/www.klaus-janowitz.de\/wordpress\/stille-umbrueche-was-ki-wirklich-veraendert\/","url_meta":{"origin":86340,"position":1},"title":"Stille Umbr\u00fcche\u00a0 &#8211; Was KI wirklich ver\u00e4ndert. R\u00fcckblick auf das Autorengespr\u00e4ch mit Frank Witt","author":"KlausMJan","date":"31. August 2025","format":false,"excerpt":"Am letzten Donnerstag (28.08) hatten wir in den K\u00f6lner Startplatz eingeladen: Stille Umbr\u00fcche\u00a0 - Was KI wirklich ver\u00e4ndert, eine Diskussion\u00a0 mit dem Autor Frank Witt. Sein Buch\u00a0 K\u00fcnstliche Intelligenz: Transformation und Krisen in Wirtschaft und Gesellschaft war im Fr\u00fchjahr diesen Jahres erschienen. Zu diesem Buch gab es auch in diesem\u2026","rel":"","context":"In &quot;Allgemein&quot;","block_context":{"text":"Allgemein","link":"https:\/\/www.klaus-janowitz.de\/wordpress\/category\/allgemein\/"},"img":{"alt_text":"","src":"https:\/\/i0.wp.com\/www.klaus-janowitz.de\/wordpress\/wp-content\/uploads\/2025\/08\/Startplatz-249x300.jpg?resize=350%2C200&ssl=1","width":350,"height":200},"classes":[]},{"id":42576,"url":"https:\/\/www.klaus-janowitz.de\/wordpress\/kuenstliche-intelligenz-einfach-erklaert-fuer-alle-rez\/","url_meta":{"origin":86340,"position":2},"title":"K\u00fcnstliche Intelligenz &#8211; einfach erkl\u00e4rt f\u00fcr alle (Rez.)","author":"KlausMJan","date":"16. Januar 2021","format":false,"excerpt":"K\u00fcnstliche Intelligenz ist nicht lediglich die n\u00e4chste Generation von Computern und Software - sie ist ein Quantensprung in der Informationsverarbeitung (57).\u00a0 Und sie f\u00fchrt zu Umw\u00e4lzungen in vielen Einsatzkontexten. KI ist eine Querschnittstechnologie, deren Anwendung sich nicht auf einzelne Branchen beschr\u00e4nkt. Stefan Holtel hat eine Einf\u00fchrung mit dem Titel KI-volution\u2026","rel":"","context":"In &quot;Allgemein&quot;","block_context":{"text":"Allgemein","link":"https:\/\/www.klaus-janowitz.de\/wordpress\/category\/allgemein\/"},"img":{"alt_text":"","src":"https:\/\/i0.wp.com\/www.klaus-janowitz.de\/wordpress\/wp-content\/uploads\/2020\/12\/Holtel_KI-204x300.jpg?resize=350%2C200&ssl=1","width":350,"height":200},"classes":[]},{"id":81756,"url":"https:\/\/www.klaus-janowitz.de\/wordpress\/die-landnahme-der-generativen-ki\/","url_meta":{"origin":86340,"position":3},"title":"Die Landnahme der generativen KI","author":"KlausMJan","date":"25. August 2023","format":false,"excerpt":"Seit der Bereitstellung von Chat GPT ist generative KI\/ AI der Hype des Jahres. GPT steht f\u00fcr Generative Pre-trained Transformer. Generative KI erkennt Muster aus den Daten, mit denen sie trainiert wurde und kann ausser Text auch Bild ( so \u00a0Midjourney - seit 16.08 auch Adobe), Code, Ton etc. ausgeben,\u2026","rel":"","context":"In &quot;Allgemein&quot;","block_context":{"text":"Allgemein","link":"https:\/\/www.klaus-janowitz.de\/wordpress\/category\/allgemein\/"},"img":{"alt_text":"","src":"https:\/\/i0.wp.com\/www.klaus-janowitz.de\/wordpress\/wp-content\/uploads\/2023\/08\/ChatGPT-300x225.jpg?resize=350%2C200&ssl=1","width":350,"height":200},"classes":[]},{"id":17177,"url":"https:\/\/www.klaus-janowitz.de\/wordpress\/postdigital-wie-wir-kuenstliche-intelligenz-schlauer-machen-rez\/","url_meta":{"origin":86340,"position":4},"title":"Postdigital &#8211; wie wir k\u00fcnstliche Intelligenz schlauer machen &#8230; (Rezension)","author":"KlausMJan","date":"24. Juni 2020","format":false,"excerpt":"Wie k\u00f6nnen intelligente Menschen intelligente Maschinen auf intelligente Weise nutzen? - so das Motto auf der R\u00fcckseite.\u00a0 postdigital\u00a0 (mit dem langen Untertitel \"wie wir k\u00fcnstliche Intelligenz schlauer machen ohne uns von ihr bevormunden zu lassen\") - ist das dritte Buch von brandeins - Autor Thomas Ramge zum Themenfeld KI in\u2026","rel":"","context":"In &quot;Allgemein&quot;","block_context":{"text":"Allgemein","link":"https:\/\/www.klaus-janowitz.de\/wordpress\/category\/allgemein\/"},"img":{"alt_text":"","src":"https:\/\/i0.wp.com\/www.klaus-janowitz.de\/wordpress\/wp-content\/uploads\/2020\/06\/Postdigital-184x300.jpeg?resize=350%2C200&ssl=1","width":350,"height":200},"classes":[]},{"id":11013,"url":"https:\/\/www.klaus-janowitz.de\/wordpress\/das-digital-markt-wertschoepfung-und-gerechtigkeit-im-datenkapitalismus-rez\/","url_meta":{"origin":86340,"position":5},"title":"Das Digital &#8211; Markt, Wertsch\u00f6pfung und Gerechtigkeit im Datenkapitalismus (Rez.)","author":"KlausMJan","date":"30. April 2018","format":false,"excerpt":"Zwei B\u00fccher innerhalb eines halben Jahres, das\u00a0ist flott. Im Oktober 2017\u00a0erschien Das Digital\u00a0von\u00a0Viktor Mayer- Sch\u00f6nberger\u00a0und Thomas Ramge, Mitte M\u00e4rz 2018\u00a0folgte Mensch und Maschine - letzteres im\u00a0\u00a0Reclam Format\u00a0(9,5 x 14,8 cm, <100 S.) -jackentaschenf\u00e4hig. Der grammatisch innovative Titel Das Digital kn\u00fcpft an Karl Marx\u00a0Das Kapital.\u00a0So wie bei Marx im Zeitalter des\u2026","rel":"","context":"In &quot;Allgemein&quot;","block_context":{"text":"Allgemein","link":"https:\/\/www.klaus-janowitz.de\/wordpress\/category\/allgemein\/"},"img":{"alt_text":"","src":"https:\/\/i0.wp.com\/www.klaus-janowitz.de\/wordpress\/wp-content\/uploads\/2018\/03\/Das_Digital-199x300.jpg?resize=350%2C200","width":350,"height":200},"classes":[]}],"_links":{"self":[{"href":"https:\/\/www.klaus-janowitz.de\/wordpress\/wp-json\/wp\/v2\/posts\/86340","targetHints":{"allow":["GET"]}}],"collection":[{"href":"https:\/\/www.klaus-janowitz.de\/wordpress\/wp-json\/wp\/v2\/posts"}],"about":[{"href":"https:\/\/www.klaus-janowitz.de\/wordpress\/wp-json\/wp\/v2\/types\/post"}],"author":[{"embeddable":true,"href":"https:\/\/www.klaus-janowitz.de\/wordpress\/wp-json\/wp\/v2\/users\/1"}],"replies":[{"embeddable":true,"href":"https:\/\/www.klaus-janowitz.de\/wordpress\/wp-json\/wp\/v2\/comments?post=86340"}],"version-history":[{"count":87,"href":"https:\/\/www.klaus-janowitz.de\/wordpress\/wp-json\/wp\/v2\/posts\/86340\/revisions"}],"predecessor-version":[{"id":86453,"href":"https:\/\/www.klaus-janowitz.de\/wordpress\/wp-json\/wp\/v2\/posts\/86340\/revisions\/86453"}],"wp:attachment":[{"href":"https:\/\/www.klaus-janowitz.de\/wordpress\/wp-json\/wp\/v2\/media?parent=86340"}],"wp:term":[{"taxonomy":"category","embeddable":true,"href":"https:\/\/www.klaus-janowitz.de\/wordpress\/wp-json\/wp\/v2\/categories?post=86340"},{"taxonomy":"post_tag","embeddable":true,"href":"https:\/\/www.klaus-janowitz.de\/wordpress\/wp-json\/wp\/v2\/tags?post=86340"}],"curies":[{"name":"wp","href":"https:\/\/api.w.org\/{rel}","templated":true}]}}