{"id":7739,"date":"2016-02-18T12:22:18","date_gmt":"2016-02-18T11:22:18","guid":{"rendered":"http:\/\/www.klaus-janowitz.de\/wordpress\/?p=7739"},"modified":"2025-09-02T20:55:01","modified_gmt":"2025-09-02T18:55:01","slug":"networked-sociality-ein-neues-soziales-betriebssystem","status":"publish","type":"post","link":"https:\/\/www.klaus-janowitz.de\/wordpress\/networked-sociality-ein-neues-soziales-betriebssystem\/","title":{"rendered":"Networked Sociality &#8211; Ein neues soziales Betriebssystem"},"content":{"rendered":"<p style=\"text-align: justify;\"><img data-recalc-dims=\"1\" fetchpriority=\"high\" decoding=\"async\" class=\"alignleft wp-image-6803 size-medium\" src=\"https:\/\/i0.wp.com\/www.klaus-janowitz.de\/wordpress\/wp-content\/uploads\/2015\/10\/Networked1-200x300.jpg?resize=200%2C300\" alt=\"Networked\" width=\"200\" height=\"300\" srcset=\"https:\/\/i0.wp.com\/www.klaus-janowitz.de\/wordpress\/wp-content\/uploads\/2015\/10\/Networked1.jpg?resize=200%2C300&amp;ssl=1 200w, https:\/\/i0.wp.com\/www.klaus-janowitz.de\/wordpress\/wp-content\/uploads\/2015\/10\/Networked1.jpg?resize=683%2C1024&amp;ssl=1 683w, https:\/\/i0.wp.com\/www.klaus-janowitz.de\/wordpress\/wp-content\/uploads\/2015\/10\/Networked1.jpg?resize=300%2C450&amp;ssl=1 300w, https:\/\/i0.wp.com\/www.klaus-janowitz.de\/wordpress\/wp-content\/uploads\/2015\/10\/Networked1.jpg?w=1200&amp;ssl=1 1200w, https:\/\/i0.wp.com\/www.klaus-janowitz.de\/wordpress\/wp-content\/uploads\/2015\/10\/Networked1.jpg?w=1050&amp;ssl=1 1050w\" sizes=\"(max-width: 200px) 100vw, 200px\" \/>&#8220;<em>The New Social Operating System<\/em>&#8221; &#8211; so\u00a0bezeichnen die beiden kanadisch\/US- amerikanischen Soziologen\u00a0Lee Rainie und Barry Wellman <em>Networked Individualism<\/em>, zu deutsch <strong>Vernetzten Individualismus<\/strong>, das\u00a0sich durchsetzende Muster\u00a0vernetzter Sozialit\u00e4t\/<strong>Networked Sociality<\/strong>. Der\u00a0Begriff geht auf Manuel Castells zur\u00fcck: Netzwerke sind \u201e<em>personalisierte Gemeinschaften<\/em>&#8220;, &#8220;<em>das neue Muster der Soziabilit\u00e4t ist durch einen vernetzten Individualismus gepr\u00e4gt&#8221;<\/em> (Castells 2005, S. 141).<br \/>\nVernetzter Individualismus ist keine Folgeerscheinung des Internet, die Entwicklung wird aber dadurch angetrieben: \u201e<em>Es ist daher nicht das Internet, das das Muster des vernetzten Individualismus schafft, sondern <\/em><em>die Entwicklung des Internet bietet eine angemessene materielle St\u00fctze f\u00fcr die Verbreitung des vernetzten Individualismus als vorherrschende Form der Soziabilit\u00e4t<\/em>\u201c (Castells S. 144). Das Internet, seine Plattformen und Social Media machen es einfacher personalisierte Netzwerke zu organisieren.<br \/>\n<strong>Networked Sociality<\/strong> ist eine Konsequenz gesellschaftlicher Entwicklungen der vergangenen Jahrzehnte &#8211;\u00a0auf individueller Wahl beruhende Netzwerke gewinnen Vorrang gegen\u00fcber traditionellen Vergemeinschaftungen, die meist an den Ort und langfristige Zugeh\u00f6rigkeiten gebunden waren.<br \/>\n<em>Rainie<\/em> und <em>Wellman<\/em> sprechen von der\u00a0<strong>Triple Revolution <\/strong>(vgl. S. 11\/12): 1) der als Social Network Revolution zusammengefasste gesellschaftliche Wandel (wie oben beschrieben), 2) die Internet Revolution (die Verbreitung und Nutzung vernetzter digitaler Kommunikation) und 3) die mobile Revolution, die das Netz von station\u00e4ren Ger\u00e4ten l\u00f6ste.<\/p>\n<figure id=\"attachment_7686\" aria-describedby=\"caption-attachment-7686\" style=\"width: 218px\" class=\"wp-caption alignright\"><img data-recalc-dims=\"1\" decoding=\"async\" class=\"wp-image-7686 size-medium\" src=\"https:\/\/i0.wp.com\/www.klaus-janowitz.de\/wordpress\/wp-content\/uploads\/2016\/02\/FullSizeRender-218x300.jpg?resize=218%2C300\" alt=\"Technologien setzen sich durch \" width=\"218\" height=\"300\" srcset=\"https:\/\/i0.wp.com\/www.klaus-janowitz.de\/wordpress\/wp-content\/uploads\/2016\/02\/FullSizeRender.jpg?resize=218%2C300&amp;ssl=1 218w, https:\/\/i0.wp.com\/www.klaus-janowitz.de\/wordpress\/wp-content\/uploads\/2016\/02\/FullSizeRender.jpg?resize=768%2C1059&amp;ssl=1 768w, https:\/\/i0.wp.com\/www.klaus-janowitz.de\/wordpress\/wp-content\/uploads\/2016\/02\/FullSizeRender.jpg?resize=742%2C1024&amp;ssl=1 742w, https:\/\/i0.wp.com\/www.klaus-janowitz.de\/wordpress\/wp-content\/uploads\/2016\/02\/FullSizeRender.jpg?w=928&amp;ssl=1 928w\" sizes=\"(max-width: 218px) 100vw, 218px\" \/><figcaption id=\"caption-attachment-7686\" class=\"wp-caption-text\">Co-Evolution von Technik und Gesellschaft<\/figcaption><\/figure>\n<p style=\"text-align: justify;\"><strong>Technogenese<\/strong> bedeutet eine\u00a0<em>Co-Evolution<\/em> von Technik und Gesellschaft. Technologische Innovationen sind\u00a0keine isolierten Ereignisse. Technologische Systeme entstehen gesellschaftlich \u00a0\u2013 und sind von der Kultur gepr\u00e4gt, die sie hervorgebracht hat\u00a0&#8211;\u00a0sie\u00a0werden nicht gegen den Willen der\u00a0Bev\u00f6lkerung durchgesetzt.<br \/>\nMan bedenke, in welch kurzer Zeit (seit Ende 2007) sich das SmartPhone durchgesetzt hat. Innerhalb dieser wenigen Jahre\u00a0wurde es weltweit\u00a0zum\u00a0nahezu unverzichtbaren Werkzeug, das den &#8211; weitgehend &#8211; permanenten Zugang zum Netz und seinen Ressourcen sichert. In vielen L\u00e4ndern wurde mit dem SmartPhone die \u00c4ra des PC \u00fcbersprungen. Es dient als private Medienzentrale &#8211; und auch Fl\u00fcchtlingen als Navigator.<br \/>\nOhne gro\u00dfen weiteren Aufwand kann jeder damit Medien erstellen und verbreiten\u00a0&#8211;\u00a0nicht nur Text und Bild, auch Ton, Video, Life- Streaming.<\/p>\n<p style=\"text-align: justify;\">Entscheidende Faktoren sind\u00a0<strong>Konnektivit\u00e4t<\/strong> und <strong>Personalisierung<\/strong>.\u00a0<em>Konnektivit\u00e4t<\/em> bedeutet die M\u00f6glichkeit, dass\u00a0jeder Teilnehmer des Social Web sich mit jedem anderen verbinden kann. Jeder kann Sender und Empf\u00e4nger, Kunde und Anbieter\u00a0oder auch etwa Lehrender und Lernender sein, Leistungen unterschiedlichster Art anbieten oder nachfragen.<br \/>\n<em>Personalisierung<\/em>\u00a0(oder besser: die <em>automatisierte Personalisierung<\/em>) bedeutet die &#8220;<em>ma\u00dfgeschneiderte<\/em>&#8221; Anpassung von Angeboten. Ma\u00dfgeschneiderte Personalisierungen erfordern Daten. Wir kennen es aus dem Online-Marketing und vielen anderen Beispielen.\u00a0In der Diskussion zur\u00a0<a href=\"http:\/\/www.klaus-janowitz.de\/wordpress\/bildung-digital\/\">digitalen Bildung<\/a>\u00a0wird sie thematisiert, im Gesundheitssystem und anderswo. Das Verf\u00fcgen \u00fcber gro\u00dfe Mengen an Daten bedeutet Macht und erkl\u00e4rt den Einflu\u00df der gro\u00dfen Internetunternehmen. Daten und <em>automatisierte Personalisierung<\/em>\u00a0sind ein Treibstoff wirtschaftlicher Entwicklung, aber auch Gegenstand der umfassendsten Diskussionen im digitalen Wandel &#8211; darauf\u00a0\u00a0n\u00e4her einzugehen, w\u00fcrde den Rahman sprengen. Verweisen m\u00f6chte ich auf das Buch von\u00a0<strong><em>Michael Seemann<\/em><\/strong>\u00a0&#8211;\u00a0 &#8220;<em><a href=\"http:\/\/www.klaus-janowitz.de\/wordpress\/das-neue-spiel\" target=\"_blank\" rel=\"noopener\">Das Neue Spiel<\/a><\/em>&#8220;.<\/p>\n<p style=\"text-align: justify;\"><em>Plattformen<\/em> bieten die Infrastruktur f\u00fcr Interaktion und Koordination\u00a0 &#8211; ein weiteres umfangreiches Thema. Hinzu tritt die\u00a0<em>Query<\/em> als Instrument der Datenabfrage: entscheidend ist nicht die aufgezeichnete Information, sondern deren Abfrage. Es ist das, was Michael Seemann als die <em>Organisationsmacht der Query<\/em> bezeichnet. Die <em>Query<\/em> ist die Abfrage an eine Datenbank zu zutreffenden <em>Matchings.<\/em>\u00a0So k\u00f6nnen Ressourcen verkn\u00fcpft und koordiniert werden. Etliche \u00a0Gesch\u00e4ftsmodelle beruhen darauf: So funktionieren <em>Uber<\/em> und <em>AirBnB,<\/em><em>\u00a0Peer-to-peer Credit, Dating Apps<\/em> und unz\u00e4hlige andere. Diese Plattformen vermitteln standardisierte Transaktionen von Anbieter zu\u00a0Abnehmer, jeder kann Sender und Empf\u00e4nger, Verk\u00e4ufer und Kunde sein.<br \/>\n\u00c4hnlich ist die Verkn\u00fcpfung \u00fcber gemeinsame Merkmale, Interessen, Leidenschaften &#8211; in der Sprache des Social Web ein gemeinsamer <em><a rel=\"tag\" class=\"hashtag u-tag u-category\" href=\"https:\/\/www.klaus-janowitz.de\/wordpress\/tag\/hashtag\/\">#hashtag<\/a><\/em>. F\u00fcr die\u00a0Verbindungen, die dadurch entstehen gibt es bereits den Begriff <strong>consocial<\/strong> &#8211; oder, wenn wir in deutscher Schreibweise bleiben wollen, <strong>konsozial<\/strong>. Dar\u00fcber entstehen Vergemeinschaftungen von Menschen, die \u00fcber gemeinsame Interessen und Leidenschaften zusammengehalten, oft <em>Tribes<\/em> genannt.\u00a0Es sind kleine soziale Einheiten, auf denen vieles im sozialen Geschehen beruht. Und sie sind es, die die \u201e<em>Trampelpfade<\/em>\u201c im Social Web austreten. Entscheidend ist die gef\u00fchlte Gemeinschaft.<\/p>\n<p style=\"text-align: justify;\">Mit <strong>Digitaler Transformation<\/strong>\u00a0wird \u201e<em>der zielgerichtete Einsatz von digitalen Technologien bezeichnet, um die eigenen Wertscho\u0308pfungsprozesse unter Einsatz von digitalen Technologien neu- oder umzugestalten<\/em>\u201e. (S. 159 Kreuzer &amp; Land) &#8211; ein Anwendungsfeld von Change Management.<br \/>\nUnter <strong>Digitalem Wandel<\/strong> k\u00f6nnen wir hingegen den gesamten gesellschaftlichen Proze\u00df, der mit der Digitalisierung einhergeht, verstehen. Das erfordert neben den \u00f6konomischen v.a. soziologische Erkl\u00e4rungsmodelle \u2013 so\u00a0den\u00a0<em>Vernetzten Individualismus<\/em> und das Bild des <em>Neuen Sozialen Betriebssystems<\/em>. So lassen sich technologische\u00a0Entwicklung und gesellschaftlicher Wandel zusammenf\u00fchren. Die langfristige Entwicklung, l\u00e4sst u.a. auch mit der\u00a0<em><a href=\"http:\/\/www.klaus-janowitz.de\/wordpress\/ueber-den-prozess-der-digitalisierung\/\" target=\"_blank\" rel=\"noopener\">Sozologie von Norbert Elias<\/a><\/em>\u00a0beleuchten.<\/p>\n<p style=\"text-align: justify;\">Dazu die auf der <a href=\"http:\/\/www.competence-site.de\/nextact-event-in-koeln\/\" target=\"_blank\" rel=\"noopener\">NextAct<\/a> am 19.02.16 gehaltene Pr\u00e4sentation:<\/p>\n<p><a href=\"https:\/\/www.klaus-janowitz.de\/wordpress\/wp-content\/uploads\/2016\/02\/nextact-160223201706.pdf\">Networked Sociality<\/a><iframe style=\"border: none;\" src=\"http:\/\/de.slideshare.net\/KlausMJanowitz\/slideshelf\" width=\"615px\" height=\"470px\" frameborder=\"0\" marginwidth=\"0\" marginheight=\"0\" scrolling=\"no\" allowfullscreen=\"allowfullscreen\"><\/iframe><\/p>\n<p style=\"text-align: justify;\"><span style=\"font-size: small; line-height: 12px;\">\u00a0<strong>Manuel Castells:<\/strong> Die Internet-Galaxie: Internet, Wirtschaft und Gesellschaft, 2005 (Orig.: The Internet Galaxy:\u00a0Reflections on the Internet, Business, and Society, 2001), 300 S. Wiesbaden 2005; <strong>Kozinets,Robert V<\/strong>.: Netnography:Redefined. SAGE Publications Ltd; Second Edition edition (July 24, 2015), 320 S.<strong>Lee Rainy &amp;\u00a0Barry Wellman<\/strong> (2012) Networked: The New Social Operating System. Cambridge, MA and London: MIT Press;\u00a0<strong>Michael Seemann<\/strong>: Das neue Spiel. Strategien f\u00fcr die Welt nach dem digitalen Kontrollverlust. 256 S. Orange Press, Freiburg 2014, gebunden 20,-\u20ac \/28 \u201a- SF;\u00a0E-Book 5,- bei iRights-Media\u00a0<cite><span class=\"slug-pages\">\u00a0<strong>Ralf T.Kreuzer\u00a0&amp; Karl-Heinz Land\u00a0<\/strong>.: Dematerialisierung \u2013 Die Neuverteilung der Welt in Zeiten des digitalen Darwinismus. K\u00f6ln,2015, 198\u00a0S<\/span><\/cite><\/span><\/p>\n","protected":false},"excerpt":{"rendered":"<p>&#8220;The New Social Operating System&#8221; &#8211; so\u00a0bezeichnen die beiden kanadisch\/US- amerikanischen Soziologen\u00a0Lee Rainie und Barry Wellman Networked Individualism, zu deutsch Vernetzten Individualismus, das\u00a0sich durchsetzende Muster\u00a0vernetzter Sozialit\u00e4t\/Networked Sociality. Der\u00a0Begriff geht auf Manuel Castells zur\u00fcck: Netzwerke sind \u201epersonalisierte Gemeinschaften&#8220;, &#8220;das neue Muster der Soziabilit\u00e4t ist durch einen vernetzten Individualismus gepr\u00e4gt&#8221; (Castells 2005, S. 141). Vernetzter Individualismus ist &hellip; <\/p>\n<p class=\"link-more\"><a href=\"https:\/\/www.klaus-janowitz.de\/wordpress\/networked-sociality-ein-neues-soziales-betriebssystem\/\" class=\"more-link\"><span class=\"screen-reader-text\">\u201eNetworked Sociality &#8211; Ein neues soziales Betriebssystem\u201c <\/span>weiterlesen<\/a><\/p>\n","protected":false},"author":1,"featured_media":0,"comment_status":"open","ping_status":"open","sticky":false,"template":"","format":"standard","meta":{"jetpack_post_was_ever_published":false,"_jetpack_newsletter_access":"","_jetpack_dont_email_post_to_subs":true,"_jetpack_newsletter_tier_id":0,"_jetpack_memberships_contains_paywalled_content":false,"_jetpack_memberships_contains_paid_content":false,"activitypub_content_warning":"","activitypub_content_visibility":"","activitypub_max_image_attachments":4,"activitypub_interaction_policy_quote":"","activitypub_status":"","footnotes":"","jetpack_publicize_message":"","jetpack_publicize_feature_enabled":true,"jetpack_social_post_already_shared":true,"jetpack_social_options":{"image_generator_settings":{"template":"highway","default_image_id":0,"font":"","enabled":false},"version":2}},"categories":[66],"tags":[37],"class_list":["post-7739","post","type-post","status-publish","format-standard","hentry","category-digitaler-wandel","tag-digitaler-wandel"],"yoast_head":"<!-- This site is optimized with the Yoast SEO plugin v27.5 - https:\/\/yoast.com\/product\/yoast-seo-wordpress\/ -->\n<title>Networked Sociality - Ein neues soziales Betriebssystem - Netnographie &amp; Digitaler Wandel<\/title>\n<meta name=\"robots\" content=\"index, follow, max-snippet:-1, max-image-preview:large, max-video-preview:-1\" \/>\n<link rel=\"canonical\" href=\"https:\/\/www.klaus-janowitz.de\/wordpress\/networked-sociality-ein-neues-soziales-betriebssystem\/\" \/>\n<meta property=\"og:locale\" content=\"de_DE\" \/>\n<meta property=\"og:type\" content=\"article\" \/>\n<meta property=\"og:title\" content=\"Networked Sociality - Ein neues soziales Betriebssystem - Netnographie &amp; Digitaler Wandel\" \/>\n<meta property=\"og:description\" content=\"&#8220;The New Social Operating System&#8221; &#8211; so\u00a0bezeichnen die beiden kanadisch\/US- amerikanischen Soziologen\u00a0Lee Rainie und Barry Wellman Networked Individualism, zu deutsch Vernetzten Individualismus, das\u00a0sich durchsetzende Muster\u00a0vernetzter Sozialit\u00e4t\/Networked Sociality. Der\u00a0Begriff geht auf Manuel Castells zur\u00fcck: Netzwerke sind \u201epersonalisierte Gemeinschaften&#8220;, &#8220;das neue Muster der Soziabilit\u00e4t ist durch einen vernetzten Individualismus gepr\u00e4gt&#8221; (Castells 2005, S. 141). Vernetzter Individualismus ist &hellip; \u201eNetworked Sociality &#8211; Ein neues soziales Betriebssystem\u201c weiterlesen\" \/>\n<meta property=\"og:url\" content=\"https:\/\/www.klaus-janowitz.de\/wordpress\/networked-sociality-ein-neues-soziales-betriebssystem\/\" \/>\n<meta property=\"og:site_name\" content=\"Netnographie &amp; Digitaler Wandel\" \/>\n<meta property=\"article:published_time\" content=\"2016-02-18T11:22:18+00:00\" \/>\n<meta property=\"article:modified_time\" content=\"2025-09-02T18:55:01+00:00\" \/>\n<meta property=\"og:image\" content=\"http:\/\/www.klaus-janowitz.de\/wordpress\/wp-content\/uploads\/2015\/10\/Networked1-200x300.jpg\" \/>\n<meta name=\"author\" content=\"KlausMJan\" \/>\n<meta name=\"twitter:card\" content=\"summary_large_image\" \/>\n<meta name=\"twitter:label1\" content=\"Verfasst von\" \/>\n\t<meta name=\"twitter:data1\" content=\"KlausMJan\" \/>\n\t<meta name=\"twitter:label2\" content=\"Gesch\u00e4tzte Lesezeit\" \/>\n\t<meta name=\"twitter:data2\" content=\"6\u00a0Minuten\" \/>\n<script type=\"application\/ld+json\" class=\"yoast-schema-graph\">{\"@context\":\"https:\\\/\\\/schema.org\",\"@graph\":[{\"@type\":\"Article\",\"@id\":\"https:\\\/\\\/www.klaus-janowitz.de\\\/wordpress\\\/networked-sociality-ein-neues-soziales-betriebssystem\\\/#article\",\"isPartOf\":{\"@id\":\"https:\\\/\\\/www.klaus-janowitz.de\\\/wordpress\\\/networked-sociality-ein-neues-soziales-betriebssystem\\\/\"},\"author\":{\"name\":\"KlausMJan\",\"@id\":\"https:\\\/\\\/www.klaus-janowitz.de\\\/wordpress\\\/#\\\/schema\\\/person\\\/010eda704157cb8ce4370bfd0376c858\"},\"headline\":\"Networked Sociality &#8211; Ein neues soziales Betriebssystem\",\"datePublished\":\"2016-02-18T11:22:18+00:00\",\"dateModified\":\"2025-09-02T18:55:01+00:00\",\"mainEntityOfPage\":{\"@id\":\"https:\\\/\\\/www.klaus-janowitz.de\\\/wordpress\\\/networked-sociality-ein-neues-soziales-betriebssystem\\\/\"},\"wordCount\":892,\"commentCount\":0,\"image\":{\"@id\":\"https:\\\/\\\/www.klaus-janowitz.de\\\/wordpress\\\/networked-sociality-ein-neues-soziales-betriebssystem\\\/#primaryimage\"},\"thumbnailUrl\":\"http:\\\/\\\/www.klaus-janowitz.de\\\/wordpress\\\/wp-content\\\/uploads\\\/2015\\\/10\\\/Networked1-200x300.jpg\",\"keywords\":[\"digitaler Wandel\"],\"articleSection\":[\"Digitaler Wandel\"],\"inLanguage\":\"de\",\"potentialAction\":[{\"@type\":\"CommentAction\",\"name\":\"Comment\",\"target\":[\"https:\\\/\\\/www.klaus-janowitz.de\\\/wordpress\\\/networked-sociality-ein-neues-soziales-betriebssystem\\\/#respond\"]}]},{\"@type\":\"WebPage\",\"@id\":\"https:\\\/\\\/www.klaus-janowitz.de\\\/wordpress\\\/networked-sociality-ein-neues-soziales-betriebssystem\\\/\",\"url\":\"https:\\\/\\\/www.klaus-janowitz.de\\\/wordpress\\\/networked-sociality-ein-neues-soziales-betriebssystem\\\/\",\"name\":\"Networked Sociality - Ein neues soziales Betriebssystem - Netnographie &amp; Digitaler Wandel\",\"isPartOf\":{\"@id\":\"https:\\\/\\\/www.klaus-janowitz.de\\\/wordpress\\\/#website\"},\"primaryImageOfPage\":{\"@id\":\"https:\\\/\\\/www.klaus-janowitz.de\\\/wordpress\\\/networked-sociality-ein-neues-soziales-betriebssystem\\\/#primaryimage\"},\"image\":{\"@id\":\"https:\\\/\\\/www.klaus-janowitz.de\\\/wordpress\\\/networked-sociality-ein-neues-soziales-betriebssystem\\\/#primaryimage\"},\"thumbnailUrl\":\"http:\\\/\\\/www.klaus-janowitz.de\\\/wordpress\\\/wp-content\\\/uploads\\\/2015\\\/10\\\/Networked1-200x300.jpg\",\"datePublished\":\"2016-02-18T11:22:18+00:00\",\"dateModified\":\"2025-09-02T18:55:01+00:00\",\"author\":{\"@id\":\"https:\\\/\\\/www.klaus-janowitz.de\\\/wordpress\\\/#\\\/schema\\\/person\\\/010eda704157cb8ce4370bfd0376c858\"},\"breadcrumb\":{\"@id\":\"https:\\\/\\\/www.klaus-janowitz.de\\\/wordpress\\\/networked-sociality-ein-neues-soziales-betriebssystem\\\/#breadcrumb\"},\"inLanguage\":\"de\",\"potentialAction\":[{\"@type\":\"ReadAction\",\"target\":[\"https:\\\/\\\/www.klaus-janowitz.de\\\/wordpress\\\/networked-sociality-ein-neues-soziales-betriebssystem\\\/\"]}]},{\"@type\":\"ImageObject\",\"inLanguage\":\"de\",\"@id\":\"https:\\\/\\\/www.klaus-janowitz.de\\\/wordpress\\\/networked-sociality-ein-neues-soziales-betriebssystem\\\/#primaryimage\",\"url\":\"http:\\\/\\\/www.klaus-janowitz.de\\\/wordpress\\\/wp-content\\\/uploads\\\/2015\\\/10\\\/Networked1-200x300.jpg\",\"contentUrl\":\"http:\\\/\\\/www.klaus-janowitz.de\\\/wordpress\\\/wp-content\\\/uploads\\\/2015\\\/10\\\/Networked1-200x300.jpg\"},{\"@type\":\"BreadcrumbList\",\"@id\":\"https:\\\/\\\/www.klaus-janowitz.de\\\/wordpress\\\/networked-sociality-ein-neues-soziales-betriebssystem\\\/#breadcrumb\",\"itemListElement\":[{\"@type\":\"ListItem\",\"position\":1,\"name\":\"Startseite\",\"item\":\"https:\\\/\\\/www.klaus-janowitz.de\\\/wordpress\\\/\"},{\"@type\":\"ListItem\",\"position\":2,\"name\":\"Networked Sociality &#8211; Ein neues soziales Betriebssystem\"}]},{\"@type\":\"WebSite\",\"@id\":\"https:\\\/\\\/www.klaus-janowitz.de\\\/wordpress\\\/#website\",\"url\":\"https:\\\/\\\/www.klaus-janowitz.de\\\/wordpress\\\/\",\"name\":\"Netnographie &amp; Digitaler Wandel\",\"description\":\"Blog rund um die Themen Netnographie, Online-Kultur und Digitalen Wandel\",\"potentialAction\":[{\"@type\":\"SearchAction\",\"target\":{\"@type\":\"EntryPoint\",\"urlTemplate\":\"https:\\\/\\\/www.klaus-janowitz.de\\\/wordpress\\\/?s={search_term_string}\"},\"query-input\":{\"@type\":\"PropertyValueSpecification\",\"valueRequired\":true,\"valueName\":\"search_term_string\"}}],\"inLanguage\":\"de\"},{\"@type\":\"Person\",\"@id\":\"https:\\\/\\\/www.klaus-janowitz.de\\\/wordpress\\\/#\\\/schema\\\/person\\\/010eda704157cb8ce4370bfd0376c858\",\"name\":\"KlausMJan\",\"image\":{\"@type\":\"ImageObject\",\"inLanguage\":\"de\",\"@id\":\"https:\\\/\\\/secure.gravatar.com\\\/avatar\\\/94d3059bf264a4da1fe44d92721e645980d64122c3365532a3b1517b78db5093?s=96&r=g\",\"url\":\"https:\\\/\\\/secure.gravatar.com\\\/avatar\\\/94d3059bf264a4da1fe44d92721e645980d64122c3365532a3b1517b78db5093?s=96&r=g\",\"contentUrl\":\"https:\\\/\\\/secure.gravatar.com\\\/avatar\\\/94d3059bf264a4da1fe44d92721e645980d64122c3365532a3b1517b78db5093?s=96&r=g\",\"caption\":\"KlausMJan\"},\"sameAs\":[\"http:\\\/\\\/www.netnographie.eu\\\/wordpress\"],\"url\":\"https:\\\/\\\/www.klaus-janowitz.de\\\/wordpress\\\/author\\\/klausmjan\\\/\"}]}<\/script>\n<!-- \/ Yoast SEO plugin. -->","yoast_head_json":{"title":"Networked Sociality - Ein neues soziales Betriebssystem - Netnographie &amp; Digitaler Wandel","robots":{"index":"index","follow":"follow","max-snippet":"max-snippet:-1","max-image-preview":"max-image-preview:large","max-video-preview":"max-video-preview:-1"},"canonical":"https:\/\/www.klaus-janowitz.de\/wordpress\/networked-sociality-ein-neues-soziales-betriebssystem\/","og_locale":"de_DE","og_type":"article","og_title":"Networked Sociality - Ein neues soziales Betriebssystem - Netnographie &amp; Digitaler Wandel","og_description":"&#8220;The New Social Operating System&#8221; &#8211; so\u00a0bezeichnen die beiden kanadisch\/US- amerikanischen Soziologen\u00a0Lee Rainie und Barry Wellman Networked Individualism, zu deutsch Vernetzten Individualismus, das\u00a0sich durchsetzende Muster\u00a0vernetzter Sozialit\u00e4t\/Networked Sociality. Der\u00a0Begriff geht auf Manuel Castells zur\u00fcck: Netzwerke sind \u201epersonalisierte Gemeinschaften&#8220;, &#8220;das neue Muster der Soziabilit\u00e4t ist durch einen vernetzten Individualismus gepr\u00e4gt&#8221; (Castells 2005, S. 141). Vernetzter Individualismus ist &hellip; \u201eNetworked Sociality &#8211; Ein neues soziales Betriebssystem\u201c weiterlesen","og_url":"https:\/\/www.klaus-janowitz.de\/wordpress\/networked-sociality-ein-neues-soziales-betriebssystem\/","og_site_name":"Netnographie &amp; Digitaler Wandel","article_published_time":"2016-02-18T11:22:18+00:00","article_modified_time":"2025-09-02T18:55:01+00:00","og_image":[{"url":"http:\/\/www.klaus-janowitz.de\/wordpress\/wp-content\/uploads\/2015\/10\/Networked1-200x300.jpg","type":"","width":"","height":""}],"author":"KlausMJan","twitter_card":"summary_large_image","twitter_misc":{"Verfasst von":"KlausMJan","Gesch\u00e4tzte Lesezeit":"6\u00a0Minuten"},"schema":{"@context":"https:\/\/schema.org","@graph":[{"@type":"Article","@id":"https:\/\/www.klaus-janowitz.de\/wordpress\/networked-sociality-ein-neues-soziales-betriebssystem\/#article","isPartOf":{"@id":"https:\/\/www.klaus-janowitz.de\/wordpress\/networked-sociality-ein-neues-soziales-betriebssystem\/"},"author":{"name":"KlausMJan","@id":"https:\/\/www.klaus-janowitz.de\/wordpress\/#\/schema\/person\/010eda704157cb8ce4370bfd0376c858"},"headline":"Networked Sociality &#8211; Ein neues soziales Betriebssystem","datePublished":"2016-02-18T11:22:18+00:00","dateModified":"2025-09-02T18:55:01+00:00","mainEntityOfPage":{"@id":"https:\/\/www.klaus-janowitz.de\/wordpress\/networked-sociality-ein-neues-soziales-betriebssystem\/"},"wordCount":892,"commentCount":0,"image":{"@id":"https:\/\/www.klaus-janowitz.de\/wordpress\/networked-sociality-ein-neues-soziales-betriebssystem\/#primaryimage"},"thumbnailUrl":"http:\/\/www.klaus-janowitz.de\/wordpress\/wp-content\/uploads\/2015\/10\/Networked1-200x300.jpg","keywords":["digitaler Wandel"],"articleSection":["Digitaler Wandel"],"inLanguage":"de","potentialAction":[{"@type":"CommentAction","name":"Comment","target":["https:\/\/www.klaus-janowitz.de\/wordpress\/networked-sociality-ein-neues-soziales-betriebssystem\/#respond"]}]},{"@type":"WebPage","@id":"https:\/\/www.klaus-janowitz.de\/wordpress\/networked-sociality-ein-neues-soziales-betriebssystem\/","url":"https:\/\/www.klaus-janowitz.de\/wordpress\/networked-sociality-ein-neues-soziales-betriebssystem\/","name":"Networked Sociality - Ein neues soziales Betriebssystem - Netnographie &amp; Digitaler Wandel","isPartOf":{"@id":"https:\/\/www.klaus-janowitz.de\/wordpress\/#website"},"primaryImageOfPage":{"@id":"https:\/\/www.klaus-janowitz.de\/wordpress\/networked-sociality-ein-neues-soziales-betriebssystem\/#primaryimage"},"image":{"@id":"https:\/\/www.klaus-janowitz.de\/wordpress\/networked-sociality-ein-neues-soziales-betriebssystem\/#primaryimage"},"thumbnailUrl":"http:\/\/www.klaus-janowitz.de\/wordpress\/wp-content\/uploads\/2015\/10\/Networked1-200x300.jpg","datePublished":"2016-02-18T11:22:18+00:00","dateModified":"2025-09-02T18:55:01+00:00","author":{"@id":"https:\/\/www.klaus-janowitz.de\/wordpress\/#\/schema\/person\/010eda704157cb8ce4370bfd0376c858"},"breadcrumb":{"@id":"https:\/\/www.klaus-janowitz.de\/wordpress\/networked-sociality-ein-neues-soziales-betriebssystem\/#breadcrumb"},"inLanguage":"de","potentialAction":[{"@type":"ReadAction","target":["https:\/\/www.klaus-janowitz.de\/wordpress\/networked-sociality-ein-neues-soziales-betriebssystem\/"]}]},{"@type":"ImageObject","inLanguage":"de","@id":"https:\/\/www.klaus-janowitz.de\/wordpress\/networked-sociality-ein-neues-soziales-betriebssystem\/#primaryimage","url":"http:\/\/www.klaus-janowitz.de\/wordpress\/wp-content\/uploads\/2015\/10\/Networked1-200x300.jpg","contentUrl":"http:\/\/www.klaus-janowitz.de\/wordpress\/wp-content\/uploads\/2015\/10\/Networked1-200x300.jpg"},{"@type":"BreadcrumbList","@id":"https:\/\/www.klaus-janowitz.de\/wordpress\/networked-sociality-ein-neues-soziales-betriebssystem\/#breadcrumb","itemListElement":[{"@type":"ListItem","position":1,"name":"Startseite","item":"https:\/\/www.klaus-janowitz.de\/wordpress\/"},{"@type":"ListItem","position":2,"name":"Networked Sociality &#8211; Ein neues soziales Betriebssystem"}]},{"@type":"WebSite","@id":"https:\/\/www.klaus-janowitz.de\/wordpress\/#website","url":"https:\/\/www.klaus-janowitz.de\/wordpress\/","name":"Netnographie &amp; Digitaler Wandel","description":"Blog rund um die Themen Netnographie, Online-Kultur und Digitalen Wandel","potentialAction":[{"@type":"SearchAction","target":{"@type":"EntryPoint","urlTemplate":"https:\/\/www.klaus-janowitz.de\/wordpress\/?s={search_term_string}"},"query-input":{"@type":"PropertyValueSpecification","valueRequired":true,"valueName":"search_term_string"}}],"inLanguage":"de"},{"@type":"Person","@id":"https:\/\/www.klaus-janowitz.de\/wordpress\/#\/schema\/person\/010eda704157cb8ce4370bfd0376c858","name":"KlausMJan","image":{"@type":"ImageObject","inLanguage":"de","@id":"https:\/\/secure.gravatar.com\/avatar\/94d3059bf264a4da1fe44d92721e645980d64122c3365532a3b1517b78db5093?s=96&r=g","url":"https:\/\/secure.gravatar.com\/avatar\/94d3059bf264a4da1fe44d92721e645980d64122c3365532a3b1517b78db5093?s=96&r=g","contentUrl":"https:\/\/secure.gravatar.com\/avatar\/94d3059bf264a4da1fe44d92721e645980d64122c3365532a3b1517b78db5093?s=96&r=g","caption":"KlausMJan"},"sameAs":["http:\/\/www.netnographie.eu\/wordpress"],"url":"https:\/\/www.klaus-janowitz.de\/wordpress\/author\/klausmjan\/"}]}},"jetpack_publicize_connections":[],"jetpack_featured_media_url":"","jetpack_sharing_enabled":true,"jetpack_shortlink":"https:\/\/wp.me\/p15Wn2-20P","jetpack_likes_enabled":true,"jetpack-related-posts":[{"id":6944,"url":"https:\/\/www.klaus-janowitz.de\/wordpress\/networked-socialityvernetzter-individualismus\/","url_meta":{"origin":7739,"position":0},"title":"Networked Sociality\/Vernetzter Individualismus","author":"KlausMJan","date":"3. November 2015","format":false,"excerpt":"Digitaler Wandel bedeutet nicht nur technologischen und \u00f6konomischen Wandel, ebenso\u00a0gesellschaftliche Ver\u00e4nderungen, die Art wie Menschen sich organisieren und ihre Beziehungen gestalten. Sicher kann man auch\u00a0Vernetzte Sozialit\u00e4t sagen, der Anglizismus war aber schon eher da.\u00a0Networked Sociality\u00a0stammt von dem deutschen, in England lebenden Kulturwissenschaftler Andreas Wittel, 2001\u00a0- demselben\u00a0Jahr\u00a0wie Manuel Castells Netzwerkgesellschaft. Netzwerke\u2026","rel":"","context":"In &quot;Allgemein&quot;","block_context":{"text":"Allgemein","link":"https:\/\/www.klaus-janowitz.de\/wordpress\/category\/allgemein\/"},"img":{"alt_text":"Networked","src":"https:\/\/i0.wp.com\/www.klaus-janowitz.de\/wordpress\/wp-content\/uploads\/2015\/10\/Networked1-200x300.jpg?resize=350%2C200","width":350,"height":200},"classes":[]},{"id":6869,"url":"https:\/\/www.klaus-janowitz.de\/wordpress\/next-economy-open\/","url_meta":{"origin":7739,"position":1},"title":"Next Economy Open","author":"KlausMJan","date":"13. Oktober 2015","format":false,"excerpt":"Am 9.\/10. November 2015 wird in Bonn eine Konferenz neuen Formats stattfinden, die Elemente von\u00a0Bar Camps und Call for Papers\u00a0Vortr\u00e4ge miteinander verbindet. Next Economy Open\u00a0will\u00a0Wirtschaft und Netzszene, Wissenschaft und Gr\u00fcnder zusammenbringen. Manches erinnert an das Leitbild von Wolf Lotters Zivilkapitalismus, und\u00a0passenderweise konnte das Wirtschaftsmagazin brandeins\u00a0auch als Medienpartner gewonnen werden.\u00a0In den\u2026","rel":"","context":"In &quot;Allgemein&quot;","block_context":{"text":"Allgemein","link":"https:\/\/www.klaus-janowitz.de\/wordpress\/category\/allgemein\/"},"img":{"alt_text":"next_economy","src":"https:\/\/i0.wp.com\/www.klaus-janowitz.de\/wordpress\/wp-content\/uploads\/2015\/10\/next_economy-300x82.jpg?resize=350%2C200","width":350,"height":200},"classes":[]},{"id":8608,"url":"https:\/\/www.klaus-janowitz.de\/wordpress\/facebook-oder-wer-ist-das-soziale-betriebssystem\/","url_meta":{"origin":7739,"position":2},"title":"Facebook \u2013 oder wer ist das soziale Betriebssystem?","author":"KlausMJan","date":"31. Mai 2016","format":false,"excerpt":"In der letzten Ausgabe der Brand Eins (05\/16) gibt\u00a0es einen mehrseitigen Artikel mit der Unterzeile (im Inhaltsverzeichnis) \u201eWie Facebook zum Betriebssystem f\u00fcr unser Miteinander \u00a0 werden konnte\u201c. Die Metapher ist nicht neu: Die kanadisch\/US- amerikanischen Soziologen Lee Rainie und Barry Wellman untertitelten 2012 die Gesellschaftsanalyse Networked\u00a0mit\u00a0\"The New Social Operating System\",\u2026","rel":"","context":"In &quot;Digitaler Wandel&quot;","block_context":{"text":"Digitaler Wandel","link":"https:\/\/www.klaus-janowitz.de\/wordpress\/category\/digitaler-wandel\/"},"img":{"alt_text":"Blauer_DaumenIMG_4657","src":"https:\/\/i0.wp.com\/www.klaus-janowitz.de\/wordpress\/wp-content\/uploads\/2016\/05\/Blauer_DaumenIMG_4657-e1464003674893-300x300.jpg?resize=350%2C200","width":350,"height":200},"classes":[]},{"id":6728,"url":"https:\/\/www.klaus-janowitz.de\/wordpress\/netnographie-2015\/","url_meta":{"origin":7739,"position":3},"title":"Netnographie 2015","author":"KlausMJan","date":"19. September 2015","format":false,"excerpt":"Debatten zu\u00a0Online-Themen\u00a0verlaufen oft\u00a0in Hype-Zyklen. Auch wenn es um l\u00e4ngerfristige Forschungsans\u00e4tze geht, haben die Begriffe ihre Konjunktur. Netnographie\u00a0stand gegen Ende des letzten Jahrzehnts als qualitativer Forschungsansatz, der v.a. Consumer\u00a0Insights erm\u00f6glichte, in der Diskussion. In den folgenden Jahren r\u00fcckte der Begriff mit dem Hype von\u00a0Social Media und sp\u00e4ter Big Data - zumindest\u2026","rel":"","context":"In &quot;Netnographie ImBlog&quot;","block_context":{"text":"Netnographie ImBlog","link":"https:\/\/www.klaus-janowitz.de\/wordpress\/category\/netnographie\/"},"img":{"alt_text":"netnographyredefined-720x1024","src":"https:\/\/i0.wp.com\/www.klaus-janowitz.de\/wordpress\/wp-content\/uploads\/2015\/08\/netnographyredefined-720x1024-211x300.jpg?resize=350%2C200","width":350,"height":200},"classes":[]},{"id":6067,"url":"https:\/\/www.klaus-janowitz.de\/wordpress\/netzwerk-vs-plattformgesellschaft\/","url_meta":{"origin":7739,"position":4},"title":"Netzwerk- vs Plattformgesellschaft","author":"KlausMJan","date":"19. Juni 2015","format":false,"excerpt":"Das\u00a0Netzwerk\u00a0ist der\u00a0Lieblingsbegriff\u00a0der digitalen Moderne\u00a0-\u00a0in der\u00a0technischen Infrastruktur wie in der\u00a0sozialen Organisation. Es steht f\u00fcr eine\u00a0dezentrale Perspektive von Wirtschaft und Gesellschaft. Gutes Netzwerken gilt als Voraussetzung f\u00fcr Erfolg. Blickt man ein paar Jahrzehnte zur\u00fcck, war der Netzwerkgedanke in den Alternativbewegungen der 70er und 80er Jahre das herrschaftsfreie Gegenmodell (zumindest strebte man das\u2026","rel":"","context":"In &quot;Allgemein&quot;","block_context":{"text":"Allgemein","link":"https:\/\/www.klaus-janowitz.de\/wordpress\/category\/allgemein\/"},"img":{"alt_text":"Netzwerke","src":"https:\/\/i0.wp.com\/www.klaus-janowitz.de\/wordpress\/wp-content\/uploads\/2015\/06\/Netzwerk-300x204.jpg?resize=350%2C200","width":350,"height":200},"classes":[]},{"id":10350,"url":"https:\/\/www.klaus-janowitz.de\/wordpress\/gesellschaft-4-0-networked-economy-und-networked-sociality\/","url_meta":{"origin":7739,"position":5},"title":"Gesellschaft 4.0 ?- Networked Economy und Networked Sociality","author":"KlausMJan","date":"4. September 2017","format":false,"excerpt":"Gesellschaft 4.0 ist ein etwas seltsamer Begriff, der sich einreiht in die Serie von 4.0 Begriffen (Arbeit, Technologie, Wirtschaft, Politik,\u00a0Gesundheit), die alle auf\u00a0Industrie 4.0\u00a0zur\u00fcckgehen. Industrie 4.0\u00a0verweist auf automatisierte Digitalisierung als vierter industrieller Revolution -\u00a0nach Mechanisierung, Elektrifizierung und Informatisierung. 4.0\u00a0steht f\u00fcr das von Ministerien, Unternehmen, Verb\u00e4nden etc. getragene Zukunftsprojekt f\u00fcr eine\u2026","rel":"","context":"In &quot;Allgemein&quot;","block_context":{"text":"Allgemein","link":"https:\/\/www.klaus-janowitz.de\/wordpress\/category\/allgemein\/"},"img":{"alt_text":"","src":"https:\/\/i0.wp.com\/www.klaus-janowitz.de\/wordpress\/wp-content\/uploads\/2016\/03\/Buerostuhl-300x300.jpg?resize=350%2C200","width":350,"height":200},"classes":[]}],"_links":{"self":[{"href":"https:\/\/www.klaus-janowitz.de\/wordpress\/wp-json\/wp\/v2\/posts\/7739","targetHints":{"allow":["GET"]}}],"collection":[{"href":"https:\/\/www.klaus-janowitz.de\/wordpress\/wp-json\/wp\/v2\/posts"}],"about":[{"href":"https:\/\/www.klaus-janowitz.de\/wordpress\/wp-json\/wp\/v2\/types\/post"}],"author":[{"embeddable":true,"href":"https:\/\/www.klaus-janowitz.de\/wordpress\/wp-json\/wp\/v2\/users\/1"}],"replies":[{"embeddable":true,"href":"https:\/\/www.klaus-janowitz.de\/wordpress\/wp-json\/wp\/v2\/comments?post=7739"}],"version-history":[{"count":6,"href":"https:\/\/www.klaus-janowitz.de\/wordpress\/wp-json\/wp\/v2\/posts\/7739\/revisions"}],"predecessor-version":[{"id":7742,"href":"https:\/\/www.klaus-janowitz.de\/wordpress\/wp-json\/wp\/v2\/posts\/7739\/revisions\/7742"}],"wp:attachment":[{"href":"https:\/\/www.klaus-janowitz.de\/wordpress\/wp-json\/wp\/v2\/media?parent=7739"}],"wp:term":[{"taxonomy":"category","embeddable":true,"href":"https:\/\/www.klaus-janowitz.de\/wordpress\/wp-json\/wp\/v2\/categories?post=7739"},{"taxonomy":"post_tag","embeddable":true,"href":"https:\/\/www.klaus-janowitz.de\/wordpress\/wp-json\/wp\/v2\/tags?post=7739"}],"curies":[{"name":"wp","href":"https:\/\/api.w.org\/{rel}","templated":true}]}}