{"id":75318,"date":"2022-12-06T18:43:54","date_gmt":"2022-12-06T17:43:54","guid":{"rendered":"https:\/\/www.klaus-janowitz.de\/wordpress\/?p=75318"},"modified":"2022-12-06T19:15:28","modified_gmt":"2022-12-06T18:15:28","slug":"kontinuitaeten-der-moderne-welche-moderne","status":"publish","type":"post","link":"https:\/\/www.klaus-janowitz.de\/wordpress\/kontinuitaeten-der-moderne-welche-moderne\/","title":{"rendered":"Kontinuit\u00e4ten der Moderne &#8211; Welche Moderne?"},"content":{"rendered":"<figure id=\"attachment_75546\" aria-describedby=\"caption-attachment-75546\" style=\"width: 261px\" class=\"wp-caption alignright\"><a href=\"https:\/\/i0.wp.com\/www.klaus-janowitz.de\/wordpress\/wp-content\/uploads\/2022\/12\/Richtung-e1670087987745.jpg?ssl=1\"><img data-recalc-dims=\"1\" fetchpriority=\"high\" decoding=\"async\" class=\"wp-image-75546\" src=\"https:\/\/i0.wp.com\/www.klaus-janowitz.de\/wordpress\/wp-content\/uploads\/2022\/12\/Richtung-e1670087987745-300x225.jpg?resize=261%2C196&#038;ssl=1\" alt=\"\" width=\"261\" height=\"196\" srcset=\"https:\/\/i0.wp.com\/www.klaus-janowitz.de\/wordpress\/wp-content\/uploads\/2022\/12\/Richtung-e1670087987745.jpg?resize=300%2C225&amp;ssl=1 300w, https:\/\/i0.wp.com\/www.klaus-janowitz.de\/wordpress\/wp-content\/uploads\/2022\/12\/Richtung-e1670087987745.jpg?resize=768%2C576&amp;ssl=1 768w, https:\/\/i0.wp.com\/www.klaus-janowitz.de\/wordpress\/wp-content\/uploads\/2022\/12\/Richtung-e1670087987745.jpg?w=800&amp;ssl=1 800w\" sizes=\"(max-width: 261px) 100vw, 261px\" \/><\/a><figcaption id=\"caption-attachment-75546\" class=\"wp-caption-text\">World in Progress? Bild: goldkatze \/ photocase.de<\/figcaption><\/figure>\n<p style=\"text-align: justify;\">Im allgemeinen Sprachgebrauch ist es einfach: <em>Modern<\/em> ist das, was aktueller Mode und Lebensweise entspricht. Was gestern modern war, ist es heute nicht mehr, kann evtl. als <em>Retro<\/em> zur\u00fcckkehren. In den Sozialwissenschaften \u00f6ffnet der Begriff <em>Moderne<\/em> hingegen\u00a0 grossfl\u00e4chige Debatten. Mehrfach f\u00fcr beendet erkl\u00e4rt, kehrt die <em>Moderne<\/em> immer wieder mit neuen Vorsilben zur\u00fcck.<\/p>\n<p style=\"text-align: justify;\"><em>In der <strong>Moderne<\/strong> dominierte der Glaube, die Welt liesse sich gestalten und der Fortschritt sorge quasi automatisch f\u00fcr ein besseres Morgen<\/em> &#8211; dieser\u00a0 Satz ist <em><a href=\"https:\/\/www.klaus-janowitz.de\/wordpress\/anpassung-vs-fortschritt\/\" target=\"_blank\" rel=\"noopener\">Anpassung. Leitmotiv der n\u00e4chsten Gesellschaft<\/a><\/em> von <em>Philipp Staab<\/em> vorangestellt. Daran schliessen Fragen nach der Bedeutung und Berechtigung von <em>Fortschritt<\/em> als Leitmotiv gesellschaftlicher Entwicklung an. Im seinem Gefolge auch Emanzipation, Individualisierung und Demokratisierung, die alle im Bezugsrahmen zu <em>Moderne<\/em> stehen. Die Frage nach ver\u00e4nderten Leitmotiven ist legitim, genauso wie die nach den Kontinuit\u00e4ten der Moderne(n). Bedeutet denn Fortschritt allein die lineare Fortsetzung eines einmal eingeschlagenen Pfades?<\/p>\n<p style=\"text-align: justify;\">Kontinuit\u00e4ten der <em>Moderne<\/em> reichen weit zur\u00fcck bis in die Zeit der Aufkl\u00e4rung im 18. Jh. Fortschritt war das Programm, die Menschheit aus Unwissenheit und religi\u00f6ser Bevormundung herauszuf\u00fchren. Ganz vorne der wissenschaftliche und technische Fortschritt, der Industrialisierung und damit \u00f6konomischen Fortschritt antrieb &#8211; <em>Wirtschaftswachstum. <\/em>Der Fortschritt zu Demokratie, gleichen Rechten und gleichen Chancen f\u00fcr alle war und ist ein viel l\u00e4ngerer Weg und galt zun\u00e4chst nur Privilegierten. Im Namen des Fortschritts wurde Gewalt ausge\u00fcbt, oft genug legitimierte sich Herrschaft durch ihn.\u00a0 Kritik am Fortschrittsglauben gab es immer wieder, zumeist von denen, die Verluste erfuhren oder bef\u00fcrchteten.<br \/>\n<em>Moderne<\/em> bedeutet den Umbruch traditionaler Gesellschaften. Forschungs- und Erkl\u00e4rungsfeld der Soziologie sind Gesellschaften der Moderne(n) &#8211; traditionale Gesellschaften werden von anderen F\u00e4chern beforscht. Das Label <em>Moderne<\/em> gilt f\u00fcr eine ganze Reihe von Stufen bzw. Epochen, mit entsprechenden Vorsilben. Zudem gibt es sie als gesellschaftlich\/ zivilisatorische, technisch\/ naturwissenschaftliche und k\u00fcnstlerisch\/ \u00e4sthetische Moderne &#8211; die nicht immer synchron verlaufen bzw verliefen.\u00a0 In welcher Moderne leben wir, fragt man sich? Oder ist sie doch schon vorbei? Auch vergangene Stufen der Moderne bleiben immer noch Bezugsrahmen.<\/p>\n<figure id=\"attachment_75361\" aria-describedby=\"caption-attachment-75361\" style=\"width: 329px\" class=\"wp-caption alignright\"><a href=\"https:\/\/i0.wp.com\/www.klaus-janowitz.de\/wordpress\/wp-content\/uploads\/2022\/11\/Rietveld.jpg?ssl=1\"><img data-recalc-dims=\"1\" decoding=\"async\" class=\"wp-image-75361\" src=\"https:\/\/i0.wp.com\/www.klaus-janowitz.de\/wordpress\/wp-content\/uploads\/2022\/11\/Rietveld.jpg?resize=329%2C219&#038;ssl=1\" alt=\"\" width=\"329\" height=\"219\" srcset=\"https:\/\/i0.wp.com\/www.klaus-janowitz.de\/wordpress\/wp-content\/uploads\/2022\/11\/Rietveld.jpg?resize=300%2C200&amp;ssl=1 300w, https:\/\/i0.wp.com\/www.klaus-janowitz.de\/wordpress\/wp-content\/uploads\/2022\/11\/Rietveld.jpg?resize=768%2C511&amp;ssl=1 768w, https:\/\/i0.wp.com\/www.klaus-janowitz.de\/wordpress\/wp-content\/uploads\/2022\/11\/Rietveld.jpg?w=936&amp;ssl=1 936w\" sizes=\"(max-width: 329px) 100vw, 329px\" \/><\/a><figcaption id=\"caption-attachment-75361\" class=\"wp-caption-text\">Moderne &#8211; vor 100 Jahren gebaut: Rietveld- Schr\u00f6der Haus &#8211; Utrecht<\/figcaption><\/figure>\n<p style=\"text-align: justify;\">Die \u00e4sthetisch\/ k\u00fcnstlerische <strong><em>Moderne<\/em><\/strong> ist eine weitgehend\u00a0 zur\u00fcckliegende, in sich abgeschlossene kultur-geschichtliche Epoche, wie etwa die <em>Renaissance, <\/em>was danach kommt steht wohl &#8211; in Malerei, Architektur, Design &#8211; in ihrer Kontinuit\u00e4t, wird aber nicht mehr als <em>Moderne<\/em> (ohne Vorsilbe) bezeichnet.\u00a0 <em>Peter Gay<\/em> l\u00e4sst sie mit der Lyrik Baudelaires<em> (les fleurs du mal, 1857) <\/em>beginnen. Moderne Architektur z.B. setzte erst viel sp\u00e4ter ein.\u00a0 Getragen wurde die <em>Moderne<\/em> von einer <em>Avantgarde<\/em>, die sich ihrer gesellschaftlichen Bedeutung meist als vorauseilend verstand &#8211; und im nachhinein als <em>Klassische Moderne<\/em>\u00a0 kanonisiert wurde &#8211; die bis heute wesentlicher \u00e4sthetischer Bezugsrahmen ist.<\/p>\n<p style=\"text-align: justify;\">Es gibt eine Reihe von Modellen der Periodisierung. Plausibel ist die Einteilung in B\u00fcrgerliche\/ Industrielle\/ Sp\u00e4tmoderne*. Sehr kurz: Die <em>B\u00fcrgerliche Moderne<\/em> begann mit der Industriellen Revolution. Auch Kolonialismus und b\u00fcrgerlicher Nationalstaat entfalteten sich.\u00a0 Es ist die Gesellschaft, die die Gr\u00fcnderv\u00e4ter der Soziologie, wie etwa <em>Max Weber<\/em> beschrieben haben.<br \/>\nIn der folgenden <em>Industriellen Moderne <\/em>dominierten Massenproduktion, Massenkultur, Massenmedien <span style=\"font-size: small; line-height: 2px;\"> (vgl. <a href=\"https:\/\/www.klaus-janowitz.de\/wordpress\/individualisierte-massen-rez-zu-vom-sog-der-massen-und-der-neuen-macht-der-einzelnen\/\" target=\"_blank\" rel=\"noopener\">Vom Sog der Massen<\/a>). <\/span>Lebensf\u00fchrung passte sich diesem Rhythmus an &#8211; eine stark formatierte, normative Gesellschaft.<br \/>\nIn ihrer Sp\u00e4tzeit kam es zur massenhaften Teilhabe am erwirtschafteten Wohlstand, man sprach dann von einer <em>Nivellierten Mittelstandsgesellschaft<\/em>. <em>Counter Culture<\/em>\/ Alternativkultur entwickelte sich in Nischen.<br \/>\nWas danach kommt ist vom Wandel der industriellen zu einer postindustriellen Gesellschaft bestimmt, bis heute werden Diskussionen davon bestimmt. Aktuelle Epoche ist die <em>Sp\u00e4tmoderne<\/em>, beginnend mit der Globalisierung, sich steigernd mit der digitalen Moderne.\u00a0 Kontinuit\u00e4ten der <em>Industriellen Moderne<\/em> sind aber weiterhin wirksam.<\/p>\n<p style=\"text-align: justify;\">Der Begriff\u00a0 <strong><em>Postmoderne<\/em><\/strong> wurde schnell popul\u00e4r, nachdem er\u00a0 1979\u00a0 in dem Essay <em>Das postmoderne Wissen\/ <i>La condition postmoderne<\/i><\/em> von <em>Jean- Fran\u00e7ois Lyotard <\/em>auftrat. Postmoderne formulierte den <em>Verlust von Gewissheit, <\/em>die Aufl\u00f6sung von Sicherheiten und gewachsenen Identit\u00e4ten, gepaart mit einem Misstrauen gegen\u00fcber <em>Metanarrativen<\/em>, wie dem der <em>Moderne<\/em>. Als Epochenbegriff von Gesellschaft verbreitete\u00a0 sich <em>Postmoderne<\/em> nicht \u00fcber feuiletonistische Beschreibungen hinaus. Ihr Verm\u00e4chtnis ist, uns selbst, unsere Kultur und unsere Zivilisation von au\u00dfen zu betrachten, sie zu dekonstruieren, um ihre Teile und inneren Strukturen zu erkennen. Im\u00a0 Alltag brachte sie eine verbreitete <em>Attit\u00fcde ironischer Distanz<\/em> mit sich. Sp\u00e4ter wurde der Begriff oft bis zum \u00dcberdruss verwendet, und weckte so auch immer wieder Gegenreaktionen.<\/p>\n<p style=\"text-align: justify;\">Betonte <em>Postmoderne<\/em> einen Bruch mit der Moderne bleibt <em><strong>Sp\u00e4tmoderne<\/strong><\/em> ihrer Kontinuit\u00e4t verhaftet. Ein Epochenbegriff, der als Bezeichnung f\u00fcr die aktuelle\u00a0 Phase unserer Gesellschaft akzeptiert wird. In den vergangenen Jahren wurden Begriff und Diskussion dazu v.a. von <em>Andreas <a href=\"https:\/\/www.klaus-janowitz.de\/wordpress\/soziologie-im-duett-reckwitz-rosa-spaetmoderne-in-der-krise-rez\/\" target=\"_blank\" rel=\"noopener\">Reckwitz<\/a><\/em> gepr\u00e4gt, der die sp\u00e4tmoderne Kultur der neuen Mittelklasse, ihre <a href=\"https:\/\/www.klaus-janowitz.de\/wordpress\/die-gesellschaft-der-singularitaeten-rez\/\" target=\"_blank\" rel=\"noopener\">Singularit\u00e4ten<\/a> beschreibt.\u00a0 <em>Performative Selbstentfaltung<\/em> ist ein Charakteristikum, ebenso wie eine <em>\u00f6konomischen Asymmetrie zwischen den Modernisierungsgewinnern und -verlierern<\/em>. Zwei Teilepochen lassen sich erkennen: Die der beginnenden Digitalisierung und die von der Verbreitung des <em>Plattformkapitalismus<\/em> gepr\u00e4gte Dekade.<br \/>\nBesonders die digitale Sp\u00e4tmoderne nach der Jahrtausendwende bringt\u00a0 Ver\u00e4nderungen der sozialen Architektur mit sich. Zum einen kulminiert sie in einer<em><strong> digitalen Consumer Culture<\/strong><\/em>, in der auch die Elemente der vorherigen Counter Culture zu Konsumattributen werden. Die Adressierbarkeit \u00fcber (verdatete) Merkmale\u00a0 macht das\u00a0 passgenaue Zusammenf\u00fchren von Angebot und Nachfrage in datenreichen M\u00e4rkten auf den Plattformen m\u00f6glich &#8211; vom B2B, zu individualisierter Werbung, zu Matchings aller Art incl. Dating.<br \/>\nDas Leitmotiv der Selbstentfaltung schliesslich ist nicht erlahmt und ersch\u00f6pft sich nicht im Konsum &#8211; wie etwa die Breite der <em>New Work Bewegung<\/em> zeigt. Selbstentfaltung bedeutet nicht nur die performative Form, kann auch ebenso die\u00a0 Selbstgestaltung der\u00a0 Lebensf\u00fchrung bedeuten.<br \/>\nFortschrittsvisionen der Industriemoderne,\u00a0 wie etwa die autogerechte Stadt werden kaum noch vertreten, wirken aber nach. Der Begriff eines (einheitlichen)\u00a0 Fortschritts wird seltener formuliert &#8211; man spricht lieber von Innovationen (im Plural) und von Transformationen.\u00a0 <em><strong>Digitale<\/strong><\/em> und <strong><em>nachhaltige Transformationen<\/em><\/strong> sind dennoch die aktuell vorherrschenden Fortschrittsvisionen, die durchaus in der Kontinuit\u00e4t der Moderne stehen, auch wenn Kritik an der Moderne als Ursache der \u00f6kol\u00f6gischen Krisen (Klima, Artensterben etc.) zunimmt. Krisenentsch\u00e4rfungen, wie die Entwicklung neuer Impfstoffe zur Pandemie beruhen ebenso auf wissenschaftlichem Fortschritt. \u00d6kologische Krisen sind die <em>Einschr\u00e4nkungsflanken<\/em> zur Zukunftsgestaltung. Man kann nun noch den Ansatz des k\u00fcrzlich verstorbenen Bruno Latour anschliessen, das geht aber \u00fcber den Rahmen dieses Textes hinaus.<\/p>\n<p style=\"text-align: justify;\">Der von <em>Ulrich Beck<\/em> <span style=\"font-size: small; line-height: 2px;\">(Risikogesellschaft. Auf dem Weg in eine andere Moderne. 1986)<\/span> verwendete Begriff <strong>Zweite Moderne <\/strong>hat sich dar\u00fcber hinaus weniger verbreitet. Er entspricht weitgehend der <em>Sp\u00e4tmoderne<\/em>\u00a0\u00a0 &#8211; mit den Merkmalen Globalisierung,\u00a0 Enttraditionalisierung und einer zunehmende Macht transnationaler Konzerne.\u00a0 Wo es eine <em>Zweite Moderne<\/em> ist, ging ihr auch eine <em>Erste Moderne<\/em>\u00a0 voraus, die in etwa der b\u00fcrgerlichen + fr\u00fchen industriellen Moderne entspricht.<br \/>\n<strong>Nachmoderne<\/strong> ist ein gelegentlich verwendeter, eher unspezifischer Begriff, der eben die Ansicht beinhaltet, dass die Moderne vorbei ist.<\/p>\n<figure id=\"attachment_75586\" aria-describedby=\"caption-attachment-75586\" style=\"width: 300px\" class=\"wp-caption alignright\"><a href=\"https:\/\/i0.wp.com\/www.klaus-janowitz.de\/wordpress\/wp-content\/uploads\/2022\/12\/elphi-scaled.jpeg?ssl=1\"><img data-recalc-dims=\"1\" decoding=\"async\" class=\"wp-image-75586 size-medium\" src=\"https:\/\/i0.wp.com\/www.klaus-janowitz.de\/wordpress\/wp-content\/uploads\/2022\/12\/elphi.jpeg?resize=300%2C200&#038;ssl=1\" alt=\"\" width=\"300\" height=\"200\" srcset=\"https:\/\/i0.wp.com\/www.klaus-janowitz.de\/wordpress\/wp-content\/uploads\/2022\/12\/elphi-scaled.jpeg?resize=300%2C200&amp;ssl=1 300w, https:\/\/i0.wp.com\/www.klaus-janowitz.de\/wordpress\/wp-content\/uploads\/2022\/12\/elphi-scaled.jpeg?resize=1024%2C683&amp;ssl=1 1024w, https:\/\/i0.wp.com\/www.klaus-janowitz.de\/wordpress\/wp-content\/uploads\/2022\/12\/elphi-scaled.jpeg?resize=768%2C512&amp;ssl=1 768w, https:\/\/i0.wp.com\/www.klaus-janowitz.de\/wordpress\/wp-content\/uploads\/2022\/12\/elphi-scaled.jpeg?resize=1536%2C1024&amp;ssl=1 1536w, https:\/\/i0.wp.com\/www.klaus-janowitz.de\/wordpress\/wp-content\/uploads\/2022\/12\/elphi-scaled.jpeg?resize=2048%2C1365&amp;ssl=1 2048w\" sizes=\"(max-width: 300px) 100vw, 300px\" \/><\/a><figcaption id=\"caption-attachment-75586\" class=\"wp-caption-text\">Ist die Elbphilharmonie metamodern? Bild: Leif Christoph Gottwald unsplash.com<\/figcaption><\/figure>\n<p style=\"text-align: justify;\"><a href=\"https:\/\/www.klaus-janowitz.de\/wordpress\/metamordernism-the-future-of-theory-rez\/\" target=\"_blank\" rel=\"noopener\"><strong><em>Metamoderne<\/em><\/strong><\/a> hat ausser der Vorsilbe nichts mit dem <em>Metaverse<\/em> zu tun. Der Begriff \u00fcberdacht einige unabh\u00e4ngig voneinander entstandene Ans\u00e4tze, denen die \u00dcberwindung von Moderne und Postmoderne gemein ist.\u00a0 Bisher wird der Begiff von einigen Autoren in der aktuellen Philosophie verwendet\u00a0 (vgl. <a href=\"https:\/\/www.klaus-janowitz.de\/wordpress\/metamordernism-the-future-of-theory-rez\/\" target=\"_blank\" rel=\"noopener\">Storm<\/a>, <a href=\"https:\/\/www.klaus-janowitz.de\/wordpress\/metamoderne\/\" target=\"_blank\" rel=\"noopener\">Andersen<\/a>, Hanzi Freinacht),\u00a0 zudem an Beispielen in neuerer\u00a0 Architektur veranschaulicht. So wird etwa die\u00a0 Hamburger Elbphilharmonie als metamodern hervorgehoben. Das kann man diskutieren.\u00a0 Gemeinsam ist den Autoren der Impetus\u00a0 den angesammelten Schatz von Wissen und Erfahrung zu nutzen. Dazu abschliessend ein paar sch\u00f6ne S\u00e4tze aus der &#8216;Metamoderne&#8217;:<br \/>\n<em>Most of us want to be happy &#8212; Most of us want to be psychical and physical well- being &#8212; most of us do not want to suffer unnecessarily &#8211;.most of us want to live a life worth having lived, a meaningful life<\/em> (Storm, 257) &#8211; kann so eine Grundlage eines Sets ethischer Normen und daraus abgeleiteten politischen Handelns beginnen? Und : <em>We need a vision of progress and a grand narrative about why it all matters.<\/em><\/p>\n<p><span style=\"font-size: small; line-height: 2px;\"><em>Mir ging es jetzt um eine Skizzierung des Begriffs der Moderne und\u00a0 seiner Wandlungen. Mir ist klar, dass jeder einzelne Punkt nur ein Bruchst\u00fcck ist.<\/em><\/span><\/p>\n<p><span style=\"font-size: small; line-height: 2px;\">vgl.: <strong>Philipp Staab:\u00a0<\/strong> Anpassung . Leitmotiv der n\u00e4chsten Gesellschaft, 10\/2022.\u00a0 <strong>Andreas Reckwitz. <\/strong>Von der b\u00fcrgerlichen Moderne \u00fcber die industrielle Moderne zur Sp\u00e4tmoderne: Reckwitz &amp; Rosa- Sp\u00e4tmoderne in der Krise. Was leistet die Gesellschaftstheorie . 2021, S. 99 &#8211; 128\u00a0 darin:* Synopse zu B\u00fcrgerliche Moderne, Industrielle Moderne, Sp\u00e4tmoderne (118) &#8211; Auf dem Weg zu einer Soziologie des Verlusts. Soziopolis <span class=\"article-date\">6.05.2021<\/span><em>\u00a0 <\/em><strong>Peter Gay: <\/strong>Die Moderne. Eine Geschichte des Aufbruchs, orig: Modernism. The Lure of History. From Baudelaire to Beckett and beyond (2008) <span dir=\"ltr\" role=\"presentation\"><strong>Jason Ananda Josephson Storm:\u00a0 <\/strong>Metamodernism. The Future of Theory. Chicago 9\/2021. 360S. Blog:<a href=\"https:\/\/absolute-disruption.com\/2021\/11\/04\/hack-the-metaverse\/\" target=\"_blank\" rel=\"noopener\"><em>Absolute Disruption<\/em><\/a><em>. \u00a0 \u00a0\u00a0 vgl- a. <\/em><\/span><strong>Future sapiens<\/strong>: <a href=\"https:\/\/www.youtube.com\/watch?v=p5-yCz-Tq8Q\" target=\"_blank\" rel=\"noopener\">Ewiges Wachstum &#8211; Untergang der Menschheit oder Motor des Fortschritts?<\/a><br \/>\n<\/span><\/p>\n<h1 class=\"style-scope ytd-watch-metadata\"><\/h1>\n<p><span style=\"font-size: small; line-height: 2px;\"><em>\u00a0<\/em><\/span><\/p>\n<p><!-- Matomo --><br \/>\n<script type=\"text\/javascript\">\n  var _paq = window._paq || [];\n  \/* tracker methods like \"setCustomDimension\" should be called before \"trackPageView\" *\/\n  _paq.push(['trackPageView']); \n  _paq.push(['enableLinkTracking']);\n  (function() {\n    var u=\"\/\/www.klaus-janowitz.de\/piwik\/\";\n    _paq.push(['setTrackerUrl', u+'matomo.php']);\n    _paq.push(['setSiteId', '1']);\n    var d=document, g=d.createElement('script'), s=d.getElementsByTagName('script')[0];\n    g.type='text\/javascript'; g.async=true; g.defer=true; g.src=u+'matomo.js'; s.parentNode.insertBefore(g,s);\n  })();\n<\/script><br \/>\n<!-- End Matomo Code --><\/p>\n","protected":false},"excerpt":{"rendered":"<p>Im allgemeinen Sprachgebrauch ist es einfach: Modern ist das, was aktueller Mode und Lebensweise entspricht. Was gestern modern war, ist es heute nicht mehr, kann evtl. als Retro zur\u00fcckkehren. In den Sozialwissenschaften \u00f6ffnet der Begriff Moderne hingegen\u00a0 grossfl\u00e4chige Debatten. Mehrfach f\u00fcr beendet erkl\u00e4rt, kehrt die Moderne immer wieder mit neuen Vorsilben zur\u00fcck. In der Moderne &hellip; <\/p>\n<p class=\"link-more\"><a href=\"https:\/\/www.klaus-janowitz.de\/wordpress\/kontinuitaeten-der-moderne-welche-moderne\/\" class=\"more-link\"><span class=\"screen-reader-text\">\u201eKontinuit\u00e4ten der Moderne &#8211; Welche Moderne?\u201c <\/span>weiterlesen<\/a><\/p>\n","protected":false},"author":1,"featured_media":0,"comment_status":"open","ping_status":"open","sticky":false,"template":"","format":"standard","meta":{"jetpack_post_was_ever_published":false,"_jetpack_newsletter_access":"","_jetpack_dont_email_post_to_subs":false,"_jetpack_newsletter_tier_id":0,"_jetpack_memberships_contains_paywalled_content":false,"_jetpack_memberships_contains_paid_content":false,"activitypub_content_warning":"","activitypub_content_visibility":"","activitypub_max_image_attachments":4,"activitypub_interaction_policy_quote":"","activitypub_status":"","footnotes":"","jetpack_publicize_message":"","jetpack_publicize_feature_enabled":true,"jetpack_social_post_already_shared":true,"jetpack_social_options":{"image_generator_settings":{"template":"highway","default_image_id":0,"font":"","enabled":false},"version":2}},"categories":[1,66,15],"tags":[159,154,160,148,106],"class_list":["post-75318","post","type-post","status-publish","format-standard","hentry","category-allgemein","category-digitaler-wandel","category-feuilleton","tag-fortschritt","tag-metamodern","tag-moderne","tag-transformation","tag-zukunft"],"yoast_head":"<!-- This site is optimized with the Yoast SEO plugin v27.5 - https:\/\/yoast.com\/product\/yoast-seo-wordpress\/ -->\n<title>Kontinuit\u00e4ten der Moderne - Welche Moderne? - Netnographie &amp; Digitaler Wandel<\/title>\n<meta name=\"robots\" content=\"index, follow, max-snippet:-1, max-image-preview:large, max-video-preview:-1\" \/>\n<link rel=\"canonical\" href=\"https:\/\/www.klaus-janowitz.de\/wordpress\/kontinuitaeten-der-moderne-welche-moderne\/\" \/>\n<meta property=\"og:locale\" content=\"de_DE\" \/>\n<meta property=\"og:type\" content=\"article\" \/>\n<meta property=\"og:title\" content=\"Kontinuit\u00e4ten der Moderne - Welche Moderne? - Netnographie &amp; Digitaler Wandel\" \/>\n<meta property=\"og:description\" content=\"Im allgemeinen Sprachgebrauch ist es einfach: Modern ist das, was aktueller Mode und Lebensweise entspricht. Was gestern modern war, ist es heute nicht mehr, kann evtl. als Retro zur\u00fcckkehren. In den Sozialwissenschaften \u00f6ffnet der Begriff Moderne hingegen\u00a0 grossfl\u00e4chige Debatten. Mehrfach f\u00fcr beendet erkl\u00e4rt, kehrt die Moderne immer wieder mit neuen Vorsilben zur\u00fcck. In der Moderne &hellip; \u201eKontinuit\u00e4ten der Moderne &#8211; Welche Moderne?\u201c weiterlesen\" \/>\n<meta property=\"og:url\" content=\"https:\/\/www.klaus-janowitz.de\/wordpress\/kontinuitaeten-der-moderne-welche-moderne\/\" \/>\n<meta property=\"og:site_name\" content=\"Netnographie &amp; Digitaler Wandel\" \/>\n<meta property=\"article:published_time\" content=\"2022-12-06T17:43:54+00:00\" \/>\n<meta property=\"article:modified_time\" content=\"2022-12-06T18:15:28+00:00\" \/>\n<meta property=\"og:image\" content=\"https:\/\/www.klaus-janowitz.de\/wordpress\/wp-content\/uploads\/2022\/12\/Richtung-e1670087987745-300x225.jpg\" \/>\n<meta name=\"author\" content=\"KlausMJan\" \/>\n<meta name=\"twitter:card\" content=\"summary_large_image\" \/>\n<meta name=\"twitter:label1\" content=\"Verfasst von\" \/>\n\t<meta name=\"twitter:data1\" content=\"KlausMJan\" \/>\n\t<meta name=\"twitter:label2\" content=\"Gesch\u00e4tzte Lesezeit\" \/>\n\t<meta name=\"twitter:data2\" content=\"9\u00a0Minuten\" \/>\n<script type=\"application\/ld+json\" class=\"yoast-schema-graph\">{\"@context\":\"https:\\\/\\\/schema.org\",\"@graph\":[{\"@type\":\"Article\",\"@id\":\"https:\\\/\\\/www.klaus-janowitz.de\\\/wordpress\\\/kontinuitaeten-der-moderne-welche-moderne\\\/#article\",\"isPartOf\":{\"@id\":\"https:\\\/\\\/www.klaus-janowitz.de\\\/wordpress\\\/kontinuitaeten-der-moderne-welche-moderne\\\/\"},\"author\":{\"name\":\"KlausMJan\",\"@id\":\"https:\\\/\\\/www.klaus-janowitz.de\\\/wordpress\\\/#\\\/schema\\\/person\\\/010eda704157cb8ce4370bfd0376c858\"},\"headline\":\"Kontinuit\u00e4ten der Moderne &#8211; Welche Moderne?\",\"datePublished\":\"2022-12-06T17:43:54+00:00\",\"dateModified\":\"2022-12-06T18:15:28+00:00\",\"mainEntityOfPage\":{\"@id\":\"https:\\\/\\\/www.klaus-janowitz.de\\\/wordpress\\\/kontinuitaeten-der-moderne-welche-moderne\\\/\"},\"wordCount\":1468,\"commentCount\":0,\"image\":{\"@id\":\"https:\\\/\\\/www.klaus-janowitz.de\\\/wordpress\\\/kontinuitaeten-der-moderne-welche-moderne\\\/#primaryimage\"},\"thumbnailUrl\":\"https:\\\/\\\/www.klaus-janowitz.de\\\/wordpress\\\/wp-content\\\/uploads\\\/2022\\\/12\\\/Richtung-e1670087987745-300x225.jpg\",\"keywords\":[\"Fortschritt\",\"metamodern\",\"Moderne\",\"Transformation\",\"Zukunft\"],\"articleSection\":{\"1\":\"Digitaler Wandel\",\"2\":\"Feuilleton\"},\"inLanguage\":\"de\",\"potentialAction\":[{\"@type\":\"CommentAction\",\"name\":\"Comment\",\"target\":[\"https:\\\/\\\/www.klaus-janowitz.de\\\/wordpress\\\/kontinuitaeten-der-moderne-welche-moderne\\\/#respond\"]}]},{\"@type\":\"WebPage\",\"@id\":\"https:\\\/\\\/www.klaus-janowitz.de\\\/wordpress\\\/kontinuitaeten-der-moderne-welche-moderne\\\/\",\"url\":\"https:\\\/\\\/www.klaus-janowitz.de\\\/wordpress\\\/kontinuitaeten-der-moderne-welche-moderne\\\/\",\"name\":\"Kontinuit\u00e4ten der Moderne - Welche Moderne? - Netnographie &amp; Digitaler Wandel\",\"isPartOf\":{\"@id\":\"https:\\\/\\\/www.klaus-janowitz.de\\\/wordpress\\\/#website\"},\"primaryImageOfPage\":{\"@id\":\"https:\\\/\\\/www.klaus-janowitz.de\\\/wordpress\\\/kontinuitaeten-der-moderne-welche-moderne\\\/#primaryimage\"},\"image\":{\"@id\":\"https:\\\/\\\/www.klaus-janowitz.de\\\/wordpress\\\/kontinuitaeten-der-moderne-welche-moderne\\\/#primaryimage\"},\"thumbnailUrl\":\"https:\\\/\\\/www.klaus-janowitz.de\\\/wordpress\\\/wp-content\\\/uploads\\\/2022\\\/12\\\/Richtung-e1670087987745-300x225.jpg\",\"datePublished\":\"2022-12-06T17:43:54+00:00\",\"dateModified\":\"2022-12-06T18:15:28+00:00\",\"author\":{\"@id\":\"https:\\\/\\\/www.klaus-janowitz.de\\\/wordpress\\\/#\\\/schema\\\/person\\\/010eda704157cb8ce4370bfd0376c858\"},\"breadcrumb\":{\"@id\":\"https:\\\/\\\/www.klaus-janowitz.de\\\/wordpress\\\/kontinuitaeten-der-moderne-welche-moderne\\\/#breadcrumb\"},\"inLanguage\":\"de\",\"potentialAction\":[{\"@type\":\"ReadAction\",\"target\":[\"https:\\\/\\\/www.klaus-janowitz.de\\\/wordpress\\\/kontinuitaeten-der-moderne-welche-moderne\\\/\"]}]},{\"@type\":\"ImageObject\",\"inLanguage\":\"de\",\"@id\":\"https:\\\/\\\/www.klaus-janowitz.de\\\/wordpress\\\/kontinuitaeten-der-moderne-welche-moderne\\\/#primaryimage\",\"url\":\"https:\\\/\\\/i0.wp.com\\\/www.klaus-janowitz.de\\\/wordpress\\\/wp-content\\\/uploads\\\/2022\\\/12\\\/Richtung-e1670087987745.jpg?fit=800%2C600&ssl=1\",\"contentUrl\":\"https:\\\/\\\/i0.wp.com\\\/www.klaus-janowitz.de\\\/wordpress\\\/wp-content\\\/uploads\\\/2022\\\/12\\\/Richtung-e1670087987745.jpg?fit=800%2C600&ssl=1\",\"width\":800,\"height\":600},{\"@type\":\"BreadcrumbList\",\"@id\":\"https:\\\/\\\/www.klaus-janowitz.de\\\/wordpress\\\/kontinuitaeten-der-moderne-welche-moderne\\\/#breadcrumb\",\"itemListElement\":[{\"@type\":\"ListItem\",\"position\":1,\"name\":\"Startseite\",\"item\":\"https:\\\/\\\/www.klaus-janowitz.de\\\/wordpress\\\/\"},{\"@type\":\"ListItem\",\"position\":2,\"name\":\"Kontinuit\u00e4ten der Moderne &#8211; Welche Moderne?\"}]},{\"@type\":\"WebSite\",\"@id\":\"https:\\\/\\\/www.klaus-janowitz.de\\\/wordpress\\\/#website\",\"url\":\"https:\\\/\\\/www.klaus-janowitz.de\\\/wordpress\\\/\",\"name\":\"Netnographie &amp; Digitaler Wandel\",\"description\":\"Blog rund um die Themen Netnographie, Online-Kultur und Digitalen Wandel\",\"potentialAction\":[{\"@type\":\"SearchAction\",\"target\":{\"@type\":\"EntryPoint\",\"urlTemplate\":\"https:\\\/\\\/www.klaus-janowitz.de\\\/wordpress\\\/?s={search_term_string}\"},\"query-input\":{\"@type\":\"PropertyValueSpecification\",\"valueRequired\":true,\"valueName\":\"search_term_string\"}}],\"inLanguage\":\"de\"},{\"@type\":\"Person\",\"@id\":\"https:\\\/\\\/www.klaus-janowitz.de\\\/wordpress\\\/#\\\/schema\\\/person\\\/010eda704157cb8ce4370bfd0376c858\",\"name\":\"KlausMJan\",\"image\":{\"@type\":\"ImageObject\",\"inLanguage\":\"de\",\"@id\":\"https:\\\/\\\/secure.gravatar.com\\\/avatar\\\/94d3059bf264a4da1fe44d92721e645980d64122c3365532a3b1517b78db5093?s=96&r=g\",\"url\":\"https:\\\/\\\/secure.gravatar.com\\\/avatar\\\/94d3059bf264a4da1fe44d92721e645980d64122c3365532a3b1517b78db5093?s=96&r=g\",\"contentUrl\":\"https:\\\/\\\/secure.gravatar.com\\\/avatar\\\/94d3059bf264a4da1fe44d92721e645980d64122c3365532a3b1517b78db5093?s=96&r=g\",\"caption\":\"KlausMJan\"},\"sameAs\":[\"http:\\\/\\\/www.netnographie.eu\\\/wordpress\"],\"url\":\"https:\\\/\\\/www.klaus-janowitz.de\\\/wordpress\\\/author\\\/klausmjan\\\/\"}]}<\/script>\n<!-- \/ Yoast SEO plugin. -->","yoast_head_json":{"title":"Kontinuit\u00e4ten der Moderne - Welche Moderne? - Netnographie &amp; Digitaler Wandel","robots":{"index":"index","follow":"follow","max-snippet":"max-snippet:-1","max-image-preview":"max-image-preview:large","max-video-preview":"max-video-preview:-1"},"canonical":"https:\/\/www.klaus-janowitz.de\/wordpress\/kontinuitaeten-der-moderne-welche-moderne\/","og_locale":"de_DE","og_type":"article","og_title":"Kontinuit\u00e4ten der Moderne - Welche Moderne? - Netnographie &amp; Digitaler Wandel","og_description":"Im allgemeinen Sprachgebrauch ist es einfach: Modern ist das, was aktueller Mode und Lebensweise entspricht. Was gestern modern war, ist es heute nicht mehr, kann evtl. als Retro zur\u00fcckkehren. In den Sozialwissenschaften \u00f6ffnet der Begriff Moderne hingegen\u00a0 grossfl\u00e4chige Debatten. Mehrfach f\u00fcr beendet erkl\u00e4rt, kehrt die Moderne immer wieder mit neuen Vorsilben zur\u00fcck. In der Moderne &hellip; \u201eKontinuit\u00e4ten der Moderne &#8211; Welche Moderne?\u201c weiterlesen","og_url":"https:\/\/www.klaus-janowitz.de\/wordpress\/kontinuitaeten-der-moderne-welche-moderne\/","og_site_name":"Netnographie &amp; Digitaler Wandel","article_published_time":"2022-12-06T17:43:54+00:00","article_modified_time":"2022-12-06T18:15:28+00:00","og_image":[{"url":"https:\/\/www.klaus-janowitz.de\/wordpress\/wp-content\/uploads\/2022\/12\/Richtung-e1670087987745-300x225.jpg","type":"","width":"","height":""}],"author":"KlausMJan","twitter_card":"summary_large_image","twitter_misc":{"Verfasst von":"KlausMJan","Gesch\u00e4tzte Lesezeit":"9\u00a0Minuten"},"schema":{"@context":"https:\/\/schema.org","@graph":[{"@type":"Article","@id":"https:\/\/www.klaus-janowitz.de\/wordpress\/kontinuitaeten-der-moderne-welche-moderne\/#article","isPartOf":{"@id":"https:\/\/www.klaus-janowitz.de\/wordpress\/kontinuitaeten-der-moderne-welche-moderne\/"},"author":{"name":"KlausMJan","@id":"https:\/\/www.klaus-janowitz.de\/wordpress\/#\/schema\/person\/010eda704157cb8ce4370bfd0376c858"},"headline":"Kontinuit\u00e4ten der Moderne &#8211; Welche Moderne?","datePublished":"2022-12-06T17:43:54+00:00","dateModified":"2022-12-06T18:15:28+00:00","mainEntityOfPage":{"@id":"https:\/\/www.klaus-janowitz.de\/wordpress\/kontinuitaeten-der-moderne-welche-moderne\/"},"wordCount":1468,"commentCount":0,"image":{"@id":"https:\/\/www.klaus-janowitz.de\/wordpress\/kontinuitaeten-der-moderne-welche-moderne\/#primaryimage"},"thumbnailUrl":"https:\/\/www.klaus-janowitz.de\/wordpress\/wp-content\/uploads\/2022\/12\/Richtung-e1670087987745-300x225.jpg","keywords":["Fortschritt","metamodern","Moderne","Transformation","Zukunft"],"articleSection":{"1":"Digitaler Wandel","2":"Feuilleton"},"inLanguage":"de","potentialAction":[{"@type":"CommentAction","name":"Comment","target":["https:\/\/www.klaus-janowitz.de\/wordpress\/kontinuitaeten-der-moderne-welche-moderne\/#respond"]}]},{"@type":"WebPage","@id":"https:\/\/www.klaus-janowitz.de\/wordpress\/kontinuitaeten-der-moderne-welche-moderne\/","url":"https:\/\/www.klaus-janowitz.de\/wordpress\/kontinuitaeten-der-moderne-welche-moderne\/","name":"Kontinuit\u00e4ten der Moderne - Welche Moderne? - Netnographie &amp; Digitaler Wandel","isPartOf":{"@id":"https:\/\/www.klaus-janowitz.de\/wordpress\/#website"},"primaryImageOfPage":{"@id":"https:\/\/www.klaus-janowitz.de\/wordpress\/kontinuitaeten-der-moderne-welche-moderne\/#primaryimage"},"image":{"@id":"https:\/\/www.klaus-janowitz.de\/wordpress\/kontinuitaeten-der-moderne-welche-moderne\/#primaryimage"},"thumbnailUrl":"https:\/\/www.klaus-janowitz.de\/wordpress\/wp-content\/uploads\/2022\/12\/Richtung-e1670087987745-300x225.jpg","datePublished":"2022-12-06T17:43:54+00:00","dateModified":"2022-12-06T18:15:28+00:00","author":{"@id":"https:\/\/www.klaus-janowitz.de\/wordpress\/#\/schema\/person\/010eda704157cb8ce4370bfd0376c858"},"breadcrumb":{"@id":"https:\/\/www.klaus-janowitz.de\/wordpress\/kontinuitaeten-der-moderne-welche-moderne\/#breadcrumb"},"inLanguage":"de","potentialAction":[{"@type":"ReadAction","target":["https:\/\/www.klaus-janowitz.de\/wordpress\/kontinuitaeten-der-moderne-welche-moderne\/"]}]},{"@type":"ImageObject","inLanguage":"de","@id":"https:\/\/www.klaus-janowitz.de\/wordpress\/kontinuitaeten-der-moderne-welche-moderne\/#primaryimage","url":"https:\/\/i0.wp.com\/www.klaus-janowitz.de\/wordpress\/wp-content\/uploads\/2022\/12\/Richtung-e1670087987745.jpg?fit=800%2C600&ssl=1","contentUrl":"https:\/\/i0.wp.com\/www.klaus-janowitz.de\/wordpress\/wp-content\/uploads\/2022\/12\/Richtung-e1670087987745.jpg?fit=800%2C600&ssl=1","width":800,"height":600},{"@type":"BreadcrumbList","@id":"https:\/\/www.klaus-janowitz.de\/wordpress\/kontinuitaeten-der-moderne-welche-moderne\/#breadcrumb","itemListElement":[{"@type":"ListItem","position":1,"name":"Startseite","item":"https:\/\/www.klaus-janowitz.de\/wordpress\/"},{"@type":"ListItem","position":2,"name":"Kontinuit\u00e4ten der Moderne &#8211; Welche Moderne?"}]},{"@type":"WebSite","@id":"https:\/\/www.klaus-janowitz.de\/wordpress\/#website","url":"https:\/\/www.klaus-janowitz.de\/wordpress\/","name":"Netnographie &amp; Digitaler Wandel","description":"Blog rund um die Themen Netnographie, Online-Kultur und Digitalen Wandel","potentialAction":[{"@type":"SearchAction","target":{"@type":"EntryPoint","urlTemplate":"https:\/\/www.klaus-janowitz.de\/wordpress\/?s={search_term_string}"},"query-input":{"@type":"PropertyValueSpecification","valueRequired":true,"valueName":"search_term_string"}}],"inLanguage":"de"},{"@type":"Person","@id":"https:\/\/www.klaus-janowitz.de\/wordpress\/#\/schema\/person\/010eda704157cb8ce4370bfd0376c858","name":"KlausMJan","image":{"@type":"ImageObject","inLanguage":"de","@id":"https:\/\/secure.gravatar.com\/avatar\/94d3059bf264a4da1fe44d92721e645980d64122c3365532a3b1517b78db5093?s=96&r=g","url":"https:\/\/secure.gravatar.com\/avatar\/94d3059bf264a4da1fe44d92721e645980d64122c3365532a3b1517b78db5093?s=96&r=g","contentUrl":"https:\/\/secure.gravatar.com\/avatar\/94d3059bf264a4da1fe44d92721e645980d64122c3365532a3b1517b78db5093?s=96&r=g","caption":"KlausMJan"},"sameAs":["http:\/\/www.netnographie.eu\/wordpress"],"url":"https:\/\/www.klaus-janowitz.de\/wordpress\/author\/klausmjan\/"}]}},"jetpack_publicize_connections":[],"jetpack_featured_media_url":"","jetpack_sharing_enabled":true,"jetpack_shortlink":"https:\/\/wp.me\/p15Wn2-jAO","jetpack_likes_enabled":true,"jetpack-related-posts":[{"id":74265,"url":"https:\/\/www.klaus-janowitz.de\/wordpress\/anpassung-vs-fortschritt\/","url_meta":{"origin":75318,"position":0},"title":"Anpassung vs Fortschritt (Rezension zu: Anpassung. Leitmotiv der n\u00e4chsten Gesellschaft)","author":"KlausMJan","date":"22. November 2022","format":false,"excerpt":"Ohne den Podcast Future Histories von Jan Groos w\u00e4re ich an diesem Buch vorbeigegangen: Anpassung. Leitmotiv der n\u00e4chsten Gesellschaft von Philipp Staab - ein leicht verst\u00f6rend und damit provokanter Titel. Gemeint ist eine Gesellschaft, die sich vom Leitmotiv der Selbstentfaltung zu dem des Selbsterhalts - kollektiv und individuell - bewegt.\u2026","rel":"","context":"In &quot;Allgemein&quot;","block_context":{"text":"Allgemein","link":"https:\/\/www.klaus-janowitz.de\/wordpress\/category\/allgemein\/"},"img":{"alt_text":"","src":"https:\/\/i0.wp.com\/www.klaus-janowitz.de\/wordpress\/wp-content\/uploads\/2022\/10\/Anpassung_Staab-182x300.jpg?resize=350%2C200&ssl=1","width":350,"height":200},"classes":[]},{"id":68385,"url":"https:\/\/www.klaus-janowitz.de\/wordpress\/soziologie-im-duett-reckwitz-rosa-spaetmoderne-in-der-krise-rez\/","url_meta":{"origin":75318,"position":1},"title":"Soziologie im Duett &#8211; Reckwitz &#038; Rosa: Sp\u00e4tmoderne in der Krise (Rez.)","author":"KlausMJan","date":"2. Dezember 2021","format":false,"excerpt":"Andreas Reckwitz und Hartmut Rosa\u00a0 z\u00e4hlen (neben Armin Nassehi und Harald Welzer) zu den bekanntesten Soziologen ihrer Generation. Beide haben in den letzten Jahren B\u00fccher ver\u00f6ffentlicht, die man als ihr jeweils Grosses Werk verstehen kann - mit entsprechender Medienresonanz und nachfolgender Breitenwirkung.\u00a0 Bei Reckwitz steht das neue Schl\u00fcsselmilieu der urbanen\u2026","rel":"","context":"In &quot;Allgemein&quot;","block_context":{"text":"Allgemein","link":"https:\/\/www.klaus-janowitz.de\/wordpress\/category\/allgemein\/"},"img":{"alt_text":"","src":"https:\/\/i0.wp.com\/www.klaus-janowitz.de\/wordpress\/wp-content\/uploads\/2021\/10\/reckwitz_rosa_Ges-190x300.jpg?resize=350%2C200&ssl=1","width":350,"height":200},"classes":[]},{"id":11811,"url":"https:\/\/www.klaus-janowitz.de\/wordpress\/4-0-oder-die-luecke-die-der-rechner-laesst-rezension\/","url_meta":{"origin":75318,"position":2},"title":"4.0 oder die L\u00fccke die der Rechner l\u00e4sst (Rezension)","author":"KlausMJan","date":"30. September 2018","format":false,"excerpt":"Immer wieder 4.0 ... und ausgerechnet\u00a0 von\u00a0\u00a0einem Soziologen, aber hier gilt eine ganz andere Z\u00e4hlweise: 4.0 ist keine Etappe der industriellen Revolution, sondern weit ausgreifend die 4.\u00a0 Medienepoche der Menschheitsgeschichte. Zuerst war die Sprache und die Stammesgesellschaft, dann die Schrift und die antike Gesellschaft, sp\u00e4ter kam der Buchdruck und die\u2026","rel":"","context":"In &quot;Digitaler Wandel&quot;","block_context":{"text":"Digitaler Wandel","link":"https:\/\/www.klaus-janowitz.de\/wordpress\/category\/digitaler-wandel\/"},"img":{"alt_text":"","src":"https:\/\/i0.wp.com\/www.klaus-janowitz.de\/wordpress\/wp-content\/uploads\/2018\/09\/DirkBaecker-e1536095925897-210x300.jpeg?resize=350%2C200","width":350,"height":200},"classes":[]},{"id":37617,"url":"https:\/\/www.klaus-janowitz.de\/wordpress\/soziologie-zur-digitalisierung-und-das-was-folgt\/","url_meta":{"origin":75318,"position":3},"title":"Soziologie zur Digitalisierung und das was folgt &#8230;","author":"KlausMJan","date":"7. Oktober 2020","format":false,"excerpt":"Welche Rolle spielen soziologische Ans\u00e4tze und Theorien, wie einflussreich sind sie ausserhalb eines wissenschaftlichen Kontextes, welche Deutungsmacht kommt ihnen zu? Sp\u00e4testens mit Corona haben sich Diskussionen verschoben. Gesellschaftliche Interaktions- und wirtschaftliche Wertsch\u00f6pfungsketten wurden unterbrochen. Die Zukunft erscheint nicht mehr allein als Fortsetzung der Gegenwart - und steht damit offener zur\u2026","rel":"","context":"In &quot;Allgemein&quot;","block_context":{"text":"Allgemein","link":"https:\/\/www.klaus-janowitz.de\/wordpress\/category\/allgemein\/"},"img":{"alt_text":"","src":"https:\/\/i0.wp.com\/www.klaus-janowitz.de\/wordpress\/wp-content\/uploads\/2020\/09\/Zettelkasten-300x225.jpg?resize=350%2C200&ssl=1","width":350,"height":200},"classes":[]},{"id":10647,"url":"https:\/\/www.klaus-janowitz.de\/wordpress\/die-gesellschaft-der-singularitaeten-rez\/","url_meta":{"origin":75318,"position":4},"title":"Die Gesellschaft der Singularit\u00e4ten (Rez.)","author":"KlausMJan","date":"22. November 2017","format":false,"excerpt":"Soziologische Monographien der letzten Jahrzehnte\u00a0 erschienen bezeichnenderweise immer wieder unter Titeln, die von\u00a0einem einzelnen Begriff aus das Gef\u00fcge sp\u00e4tmoderner Gesellschaften aufrollen:\u00a0Risiko-,\u00a0Erlebnis-, Multioptions-, Abstiegs- gesellschaft,\u00a0Resonanz als Weltbeziehung etc. - bei Andreas Reckwitz geht es nun um Singularit\u00e4ten als solche. Mit einigen Abstrichen befassen sich alle diese Titel mit Erscheinungen des \u00dcbergangs\u2026","rel":"","context":"In &quot;Allgemein&quot;","block_context":{"text":"Allgemein","link":"https:\/\/www.klaus-janowitz.de\/wordpress\/category\/allgemein\/"},"img":{"alt_text":"","src":"https:\/\/i0.wp.com\/www.klaus-janowitz.de\/wordpress\/wp-content\/uploads\/2017\/10\/Gesellschaft_der_Singularitaeten-181x300.jpg?resize=350%2C200","width":350,"height":200},"classes":[]},{"id":6067,"url":"https:\/\/www.klaus-janowitz.de\/wordpress\/netzwerk-vs-plattformgesellschaft\/","url_meta":{"origin":75318,"position":5},"title":"Netzwerk- vs Plattformgesellschaft","author":"KlausMJan","date":"19. Juni 2015","format":false,"excerpt":"Das\u00a0Netzwerk\u00a0ist der\u00a0Lieblingsbegriff\u00a0der digitalen Moderne\u00a0-\u00a0in der\u00a0technischen Infrastruktur wie in der\u00a0sozialen Organisation. Es steht f\u00fcr eine\u00a0dezentrale Perspektive von Wirtschaft und Gesellschaft. Gutes Netzwerken gilt als Voraussetzung f\u00fcr Erfolg. Blickt man ein paar Jahrzehnte zur\u00fcck, war der Netzwerkgedanke in den Alternativbewegungen der 70er und 80er Jahre das herrschaftsfreie Gegenmodell (zumindest strebte man das\u2026","rel":"","context":"In &quot;Allgemein&quot;","block_context":{"text":"Allgemein","link":"https:\/\/www.klaus-janowitz.de\/wordpress\/category\/allgemein\/"},"img":{"alt_text":"Netzwerke","src":"https:\/\/i0.wp.com\/www.klaus-janowitz.de\/wordpress\/wp-content\/uploads\/2015\/06\/Netzwerk-300x204.jpg?resize=350%2C200","width":350,"height":200},"classes":[]}],"_links":{"self":[{"href":"https:\/\/www.klaus-janowitz.de\/wordpress\/wp-json\/wp\/v2\/posts\/75318","targetHints":{"allow":["GET"]}}],"collection":[{"href":"https:\/\/www.klaus-janowitz.de\/wordpress\/wp-json\/wp\/v2\/posts"}],"about":[{"href":"https:\/\/www.klaus-janowitz.de\/wordpress\/wp-json\/wp\/v2\/types\/post"}],"author":[{"embeddable":true,"href":"https:\/\/www.klaus-janowitz.de\/wordpress\/wp-json\/wp\/v2\/users\/1"}],"replies":[{"embeddable":true,"href":"https:\/\/www.klaus-janowitz.de\/wordpress\/wp-json\/wp\/v2\/comments?post=75318"}],"version-history":[{"count":88,"href":"https:\/\/www.klaus-janowitz.de\/wordpress\/wp-json\/wp\/v2\/posts\/75318\/revisions"}],"predecessor-version":[{"id":75672,"href":"https:\/\/www.klaus-janowitz.de\/wordpress\/wp-json\/wp\/v2\/posts\/75318\/revisions\/75672"}],"wp:attachment":[{"href":"https:\/\/www.klaus-janowitz.de\/wordpress\/wp-json\/wp\/v2\/media?parent=75318"}],"wp:term":[{"taxonomy":"category","embeddable":true,"href":"https:\/\/www.klaus-janowitz.de\/wordpress\/wp-json\/wp\/v2\/categories?post=75318"},{"taxonomy":"post_tag","embeddable":true,"href":"https:\/\/www.klaus-janowitz.de\/wordpress\/wp-json\/wp\/v2\/tags?post=75318"}],"curies":[{"name":"wp","href":"https:\/\/api.w.org\/{rel}","templated":true}]}}