{"id":74382,"date":"2022-10-28T13:41:30","date_gmt":"2022-10-28T11:41:30","guid":{"rendered":"https:\/\/www.klaus-janowitz.de\/wordpress\/?p=74382"},"modified":"2024-02-19T17:44:29","modified_gmt":"2024-02-19T16:44:29","slug":"zivilisation-und-habitus-in-der-digitalen-consumer-culture","status":"publish","type":"post","link":"https:\/\/www.klaus-janowitz.de\/wordpress\/zivilisation-und-habitus-in-der-digitalen-consumer-culture\/","title":{"rendered":"Zivilisation und Habitus in der Digitalen Consumer Culture"},"content":{"rendered":"<p style=\"text-align: justify;\"><a href=\"https:\/\/i0.wp.com\/www.klaus-janowitz.de\/wordpress\/wp-content\/uploads\/2022\/10\/Zivilisationsprozess_continued.jpg.001.jpeg?ssl=1\"><img data-recalc-dims=\"1\" fetchpriority=\"high\" decoding=\"async\" class=\"alignright size-medium wp-image-74335\" src=\"https:\/\/i0.wp.com\/www.klaus-janowitz.de\/wordpress\/wp-content\/uploads\/2022\/10\/Zivilisationsprozess_continued.jpg.001.jpeg?resize=300%2C169&#038;ssl=1\" alt=\"\" width=\"300\" height=\"169\" srcset=\"https:\/\/i0.wp.com\/www.klaus-janowitz.de\/wordpress\/wp-content\/uploads\/2022\/10\/Zivilisationsprozess_continued.jpg.001.jpeg?resize=300%2C169&amp;ssl=1 300w, https:\/\/i0.wp.com\/www.klaus-janowitz.de\/wordpress\/wp-content\/uploads\/2022\/10\/Zivilisationsprozess_continued.jpg.001.jpeg?resize=1024%2C576&amp;ssl=1 1024w, https:\/\/i0.wp.com\/www.klaus-janowitz.de\/wordpress\/wp-content\/uploads\/2022\/10\/Zivilisationsprozess_continued.jpg.001.jpeg?resize=768%2C432&amp;ssl=1 768w, https:\/\/i0.wp.com\/www.klaus-janowitz.de\/wordpress\/wp-content\/uploads\/2022\/10\/Zivilisationsprozess_continued.jpg.001.jpeg?resize=1536%2C864&amp;ssl=1 1536w, https:\/\/i0.wp.com\/www.klaus-janowitz.de\/wordpress\/wp-content\/uploads\/2022\/10\/Zivilisationsprozess_continued.jpg.001.jpeg?w=1920&amp;ssl=1 1920w\" sizes=\"(max-width: 300px) 100vw, 300px\" \/><\/a> Vor einigen Wochen (27.09.) habe ich gemeinsam mit dem Zeithistoriker <a href=\"https:\/\/www.uni-trier.de\/universitaet\/fachbereiche-faecher\/fachbereich-iii\/faecher\/geschichte\/profil\/fachgebiete\/neuere-und-neueste-geschichte-2\/personen\/pd-dr-dr-massimiliano-livi\" target=\"_blank\" rel=\"noopener\"><em>Massimiliano Livi<\/em><\/a> ein von uns <em>provisorisch<\/em> so genanntes <em>Mini-Online-Symposium<\/em> zum Thema <em><strong>Zivilisations\/-prozess in der digitalen Gesellschaft &#8211; <\/strong>Wandel in Technologie, Gesellschaft und dem individuellem Habitus<\/em> &#8211; veranstaltet.<br \/>\nSinn und Ziel der Veranstaltung war es, die auf <a href=\"https:\/\/www.klaus-janowitz.de\/wordpress\/machtbalance-figuration-und-digitaler-wandel\/\" target=\"_blank\" rel=\"noopener\"><em>Norbert Elias<\/em><\/a> zur\u00fcckgehende Zivilisationstheorie in aktuelle Diskussionen einzubringen und so Entwicklungen der letzten Jahrzehnte + der kommenden Jahre zu beleuchten. <em>Wie sind der Wandel in Technologie, Gesellschaft und individuellem Habitus miteinander verbunden<\/em>? &#8211; eine Fragestellung mit Belang f\u00fcr Zeitgeschichte, Zukunfts- und Transformationsdiskussion, Konsum- und Trendforschung u.v.m. In einem zweiten Beitrag ging es um die Frage, wie soziale Ordnung in der fragmentierten digitalen Gesellschaft des XXI. Jahrhunderts m\u00f6glich ist.\u00a0 Sind neu entstehende soziale Formationen tragf\u00e4hig genug?<br \/>\nZivilisation ist kein einmal erreichter Zustand, sondern im st\u00e4ndigen Wandel begriffen, der Zivilisationsprozess ein nie abgeschlossener, evolution\u00e4rer Prozess. Ungesteuert, aber doch von erkennbaren Faktoren beeinflusst und angetrieben. Bei Elias ging es um Wandlungsprozesse \u2013 heute w\u00fcrde man von <em>Transformationen<\/em> sprechen \u2013 der Gesellschafts- und Pers\u00f6nlichkeitsstrukturen: <em>Soziogenese<\/em> und <em>Psychogenese<\/em>, die langfristige Entwicklung von Gesellschaften.<br \/>\n<a href=\"https:\/\/www.klaus-janowitz.de\/wordpress\/technogenese-technische-innovation-und-gesellschaftlicher-wandel\/\" target=\"_blank\" rel=\"noopener\"><strong>Technogenese<\/strong><\/a>, die Co- Evolution von Technik und Gesellschaft, ist als Begriff ziemlich neu, tauchte erst seit 2012 auf. Technologische Innovationen sind keine isolierten Ereignisse, sie entstehen gesellschaftlich \u2013 und sind von der Kultur gepr\u00e4gt, die sie hervorgebracht hat. Auf <em>Armin Nassehi<\/em> geht die Aussage, dass sich Techniken nur dann durchsetzen, wenn sie ganz offensichtlich einen Nerv der Gesellschaft treffen, zur\u00fcck <span style=\"font-size: small; line-height: 2px;\">(vgl. Nassehi, 2019)<\/span>. Eine These, die ich seit l\u00e4ngerem beobachte &#8211;\u00a0 bisher nicht falsifiziert. Eine Frage ist, ob die erfolgreichen disruptiven Innovationen zwar ihre \u00f6konomischen Vorg\u00e4nger schnell verdr\u00e4ngen &#8211; aber eben deshalb erfolgreich sind, weil sie an neuere Dispositionen in der Gesellschaft ankn\u00fcpfen?<br \/>\nNeue Technologien treffen oft auf laufende gesellschaftliche Transformationsprozesse. Sie werden (weiter-) entwickelt., wenn bereits eine Vorstellung davon vorhanden ist, was mit ihnen m\u00f6glich ist <span style=\"font-size: small; line-height: 2px;\">(vgl. Stalder 2016, 21 ff)<\/span>. Warum hat sich das mobile Internet mit dem SmartPhone in k\u00fcrzester Zeit weltweit verbreitet? Und warum wird es das <a href=\"https:\/\/www.klaus-janowitz.de\/wordpress\/metaverse-szenarios\/\" target=\"_blank\" rel=\"noopener\"><em>Metaverse<\/em><\/a> &#8211; zumindest in der Form, in der es <em>gepusht<\/em> wird, wahrscheinlich nicht &#8211; obschon\u00a0 immersive Technologien sich stetig verbreiten?<\/p>\n<p style=\"text-align: justify;\">Auf Elias, mehr aber noch auf Pierre Bourdieu <span style=\"font-size: small; line-height: 2px;\">(1930 \u2013 2002; <em>La Distinction. Critique sociale du jugement, <\/em>1979, dt, Die feinen Unterschiede, 1984)<\/span> geht auch das Konzept des Habitus zur\u00fcck. Im jeweils spezifischen Habitus spiegelt sich die\u00a0 Gesamtheit sozial vermittelter Pers\u00f6nlichkeit, erworben durch Herkunft,\u00a0 Bildung und gesellschaftliche Rolle, erkennbar in Lebensstil, Kleidung, Sprache, Konsum, Auftreten und Verhalten. Elias beschrieb die Herausbildung des Habitus als Zivilisierung in den Oberschichten bis zum 19.Jh., Bourdieu seine Inkorporierung im franz. B\u00fcrgertum der 60er\/70er Jahre und f\u00fchrte dabei Begriffe wie <em>kulturelles<\/em> und <em>soziales Kapital<\/em> ein. Beide beschreiben Prozesse und Muster mit exemplarischem Anspruch, deren empirischer Bezug aber schon l\u00e4nger zur\u00fcckliegt.<br \/>\nDas &#8220;<em>Mini- Symposium<\/em>&#8221; &#8211; <span style=\"font-size: small; line-height: 2px;\">online- Seminare sind mittlerweile ein eingef\u00fchrtes Format und einfach zu organisieren <\/span>&#8211; war als erster Einstieg in eine Diskussion gedacht, eine Einladung an\u00a0 Interessierte, wie die Konzepte von Elias und Bourdieu auf Wandel in aktuellen Gesellschaften angewendet werden k\u00f6nnen &#8211; als eine Art theoretisches Dach.<\/p>\n<p style=\"text-align: justify;\">Eine Aktualisierung des Zivilisationsprozesses hatte zuerst der Amsterdamer Soziologe <a href=\"https:\/\/www.klaus-janowitz.de\/pdf\/RezensionCasWouters.pdf\" target=\"_blank\" rel=\"noopener\"><em>Cas Wouters<\/em><\/a> seit den 70er Jahren\u00a0 mit der <a href=\"https:\/\/www.klaus-janowitz.de\/pdf\/RezensionCasWouters.pdf\" target=\"_blank\" rel=\"noopener\">Informalisierungsthese<\/a>\u00a0 formuliert. Gegen\u00fcber strikt regulierten Verhaltenscodes haben sich Selbststeuerung, eine <em>Emanzipation der Emotionen<\/em>, Variationsspielraum, die flexible Anwendung von Verhaltensregeln als neue Ideale einer bewu\u00dfteren Steuerung durchgesetzt.<br \/>\nDer damals offensichtlich werdende Wandel fiel in die Sp\u00e4tzeit der \u00c4ra, die von Massenproduktion, Vollbesch\u00e4ftigung, wachsender Teilhabe am Wohlstand gepr\u00e4gt war. In den Niederlanden kannte man das Modell der <em>Verzuiling<\/em>, im Deutschland der Sozialen Marktwirtschaft sprach man mitunter vom <em>Nivellierten Mittelstand<\/em>.\u00a0 Grosse, stabile Organisationen pr\u00e4gten Wirtschaft und Gesellschaft. Medien waren v.a <em>Massen<\/em>medien, <em>Massen<\/em>tourismus hatte sich verbreitet. <em>Diversity<\/em> war noch kein Thema. <em><br \/>\n<\/em><\/p>\n<figure id=\"attachment_70276\" aria-describedby=\"caption-attachment-70276\" style=\"width: 194px\" class=\"wp-caption alignright\"><a href=\"https:\/\/i0.wp.com\/www.klaus-janowitz.de\/wordpress\/wp-content\/uploads\/2022\/05\/Conquest_of_Cool.jpg?ssl=1\"><img data-recalc-dims=\"1\" decoding=\"async\" class=\"wp-image-70276 size-medium\" src=\"https:\/\/i0.wp.com\/www.klaus-janowitz.de\/wordpress\/wp-content\/uploads\/2022\/05\/Conquest_of_Cool.jpg?resize=194%2C300&#038;ssl=1\" alt=\"\" width=\"194\" height=\"300\" srcset=\"https:\/\/i0.wp.com\/www.klaus-janowitz.de\/wordpress\/wp-content\/uploads\/2022\/05\/Conquest_of_Cool.jpg?resize=194%2C300&amp;ssl=1 194w, https:\/\/i0.wp.com\/www.klaus-janowitz.de\/wordpress\/wp-content\/uploads\/2022\/05\/Conquest_of_Cool.jpg?w=575&amp;ssl=1 575w\" sizes=\"(max-width: 194px) 100vw, 194px\" \/><\/a><figcaption id=\"caption-attachment-70276\" class=\"wp-caption-text\">Wandel im Habitus: Verbreitung der Maxime Coolness<\/figcaption><\/figure>\n<p style=\"text-align: justify;\"><em>Der Wandel ging von den R\u00e4ndern aus &#8211; Subkulturen, Counterculture, alternative Szenen<\/em>. Die <em>Wirtschaft<\/em> \u00f6ffnete sich zur sog. <em>K\u00fcnstlerkritik<\/em> an der Entfremdung durch gleichf\u00f6rmige T\u00e4tigkeit. Werbung und Marketing vereinnahmten das Prinzip <em>Coolness<\/em> und <em><a href=\"https:\/\/www.klaus-janowitz.de\/wordpress\/aufbruch-pose-und-diskurs-ueber-pop-musik-rezension\/\" target=\"_blank\" rel=\"noopener\">Popkultur.<\/a><\/em> Nicht mehr nur die legitime (Hoch-) kultur, wie bei Bourdieu, auch Popularkulturen bedeuteten kulturelles Kapital. Informalisierung ist mit <em>Individualisierung<\/em> verbunden, Selbstkontrolle wird mehr und mehr zum Selbstmanagement.<\/p>\n<p style=\"text-align: justify;\">Entwicklungen, die sich \u00fcber die letzten Jahrzehnte und Generationen hinzogen, bis sie die Gesellschaft durchdrungen haben. Etwas grob zusammengefasst, gingen M\u00e4rkte und Selbstverwirklichungskultur eine Symbiose ein.\u00a0 Das Ideal des sich selbst entfaltenden Individuums entstand, ein expressives Selbst, das nicht einfach Konventionen folgt \u2013 aber innerhalb des marktwirtschaftlichen Rahmens bleibt,\u00a0 und \u2013 im Idealfalle \u2013 die\u00a0 \u00f6konomische Eigenverantwortung annimmt. Kreativit\u00e4t wurde als Ressource von Innovation und Fortschritt aufgewertet.<\/p>\n<p style=\"text-align: justify;\"><em><strong>Consumer Culture<\/strong><\/em> wurde in den 90er und 0er Jahren formuliert: <span dir=\"ltr\" role=\"presentation\"><em>Social arrangement in which the relations between lived culture and social resources, between meaningful ways of life and the symbolic and material resources on which they depend, are mediated through markets<\/em><\/span><span dir=\"ltr\" role=\"presentation\"><span class=\"al-author-name-more js-flyout-wrap\"><em>\u00b2<\/em><\/span><\/span> &#8211; eine Beschreibung von 2005, die wohl auch heute noch g\u00fcltig ist, erg\u00e4nzt als <strong><em>digital Consumer Culture <\/em><\/strong>in einer von einer fl\u00e4chendeckenden digitalen Infrastruktur gepr\u00e4gten Lebens- und Arbeitswelt. Zwar stehen in den Diskussionen oft Nachhaltigkeit, das Ma\u00df pers\u00f6nlicher Autonomie und Kreativit\u00e4t am Arbeitsplatz, die Wahlm\u00f6glichkeiten der Lebensf\u00fchrung im Vordergrund &#8211; letztlich entscheidend bleiben die M\u00e4rkte (auch Aufmerksamkeitsm\u00e4rkte).<\/p>\n<p style=\"text-align: justify;\">Allerdings kann Zivilisation auch einen Dreh nehmen: <em>Gesamtheit der im Entwicklungsprozess erworbenen Kenntnisse und Fertigkeiten, die es der Gesellschaft erm\u00f6glicht, in der je spezifischen Art und Weise ihre Probleme zu l\u00f6sen\u00a0<\/em> &#8211; so lautet eine Definition von Zivilisation\u00b3, die Entscheidungen einbezieht &#8211; aber kaum verordnet werden kann, sondern \u00fcberzeugt gelebt werden muss.<\/p>\n<p>Ein entscheidender Wandel\u00a0 liegt im Modell der <a href=\"https:\/\/www.klaus-janowitz.de\/wordpress\/kultur-der-digitlitaet-rez\/\" target=\"_blank\" rel=\"noopener\">Digitalit\u00e4t<\/a>: Digital k\u00f6nnen Verkn\u00fcpfungen viel einfacher\u00a0 hergestellt werden, als in einer hierarchischen Pyramide. Digitalit\u00e4t erm\u00f6glicht Anschlussf\u00e4higkeit durch Adressierbarkeit, ein vielf\u00e4ltiges Matching. Warum nahm die sog. digitale Landnahme ausgerechnet ihren Ausgangspunkt in der Musikwirtschaft, \u00fcber das<em> Wissen\u00a0 \u00fcber die Verbindungen \u2013 wer sich f\u00fcr welche Musik interessiert, dar\u00fcber verf\u00fcgt und wer sie teilt? <span style=\"font-size: small; line-height: 2px;\">(vgl. Michael Seemann. <a href=\"https:\/\/www.klaus-janowitz.de\/wordpress\/die-macht-der-plattformen-rezension\/\" target=\"_blank\" rel=\"noopener\">Die Macht der Plattformen<\/a>)<\/span><br \/>\n<\/em>Soweit jetzt, Zivilisationsprozess und das Konzept des Habitus erm\u00f6glichen eine breite Sicht auf Zukunft, Wandel, M\u00e4rkte und Konsum. Ich freue mich auf Feedback und eine Weiterf\u00fchrung der Diskussion..<\/p>\n<p><span style=\"font-size: small; line-height: 2px;\"><strong>Blogbeitr\u00e4ge<\/strong> mit Bezug zur Zivilisationstheorie:\u00a0 <a href=\"https:\/\/www.klaus-janowitz.de\/wordpress\/ueber-den-prozess-der-digitalisierung\/\" target=\"_blank\" rel=\"noopener\">\u00dcber den Prozess der Digitalisierung<\/a>\u00a0 &#8211; <a href=\"https:\/\/www.klaus-janowitz.de\/wordpress\/machtbalance-figuration-und-digitaler-wandel\/\" target=\"_blank\" rel=\"noopener\">Machtbalance und Figuration<\/a> .\u00a0<a href=\"https:\/\/www.klaus-janowitz.de\/wordpress\/digitale-figurationen\/\" target=\"_blank\" rel=\"noopener\"> Digitale Figurationen<\/a> \u00a0 <a href=\"https:\/\/www.klaus-janowitz.de\/wordpress\/die-grosse-transformation-polanyi-und-die-digitalisierung\/\" target=\"_blank\" rel=\"noopener\">Die grosse Transformation. Polanyi und die Digitalisierung<\/a><span dir=\"ltr\" role=\"presentation\">, <a href=\"https:\/\/www.klaus-janowitz.de\/wordpress\/digitaler-habitus\/\" target=\"_blank\" rel=\"noopener\">Digitaler Habitus<\/a>, <a href=\"https:\/\/www.klaus-janowitz.de\/wordpress\/was-treibt-die-zukunft-an\/\" target=\"_blank\" rel=\"noopener\">Was treibt die Zukunft an<\/a><\/span><\/span><span style=\"font-size: small; line-height: 2px;\"><span dir=\"ltr\" role=\"presentation\">, <a href=\"https:\/\/www.klaus-janowitz.de\/wordpress\/zivilisationsprozess-continued\/\" target=\"_blank\" rel=\"noopener\">Zivilisationsprozess continued<\/a>, <a href=\"https:\/\/www.klaus-janowitz.de\/wordpress\/zivilisations-prozess-in-der-digitalen-gesellschaft-ein-mini-symposium\/\" target=\"_blank\" rel=\"noopener\">Zivilisations\/-prozess in der digitalen Gesellschaft \u2013 ein Mini- Symposium<\/a><br \/>\n<em>\u00b9<\/em>als <strong>K\u00fcnstlerkritik<\/strong> wird die Kritik am Kapitalismus bezeichnet, die sich gegen <em>Entfremdung <\/em>im<em>\u00a0<\/em>fordistischen Kapitalismus richtete, Freiheit, Autonomie, Sinn, Authentizit\u00e4t und Spa\u00df einfordert; daneben steht die Sozialkritik, die sich auf Solidarit\u00e4t, Sicherheit und Gleichheit gr\u00fcndet und diese einfordert<br \/>\n<span class=\"al-author-name-more js-flyout-wrap\"><em>\u00b2<\/em>\u00a0Eric J. Arnould<span class=\"delimiter\">, <\/span> <\/span> <span class=\"al-author-name-more js-flyout-wrap\"> Craig J. Thompson\u00a0 <\/span><\/span><\/span><span style=\"font-size: small; line-height: 2px;\"><span dir=\"ltr\" role=\"presentation\">In: <a href=\"https:\/\/academic.oup.com\/jcr\/article\/31\/4\/868\/1812998\" target=\"_blank\" rel=\"noopener\"><em>Journal of Consumer Research<\/em><\/a>, Volume 31, Issue 4, March 2005, Pages 868\u2013882, \u00b3 aus Lexikon der Soziologie 4. Auflage 2007<br \/>\n<\/span><\/span><\/p>\n<p><span style=\"font-size: small; line-height: 2px;\"><span dir=\"ltr\" role=\"presentation\">vgl.: <strong>Norbert Elias\u00a0 <\/strong>\u00dcber den\u00a0 Prozess der Zivilisation. Soziogenetische und Psychogenetische Untersuchungen,\u00a0 1938 u. 1969. Band 1 u. 2.\u00a0 .<strong>Pierre Bourdieu<\/strong>: <span class=\"d2edcug0 hpfvmrgz qv66sw1b c1et5uql oi732d6d ik7dh3pa ht8s03o8 a8c37x1j fe6kdd0r mau55g9w c8b282yb keod5gw0 nxhoafnm aigsh9s9 d3f4x2em iv3no6db jq4qci2q a3bd9o3v b1v8xokw oo9gr5id\" dir=\"auto\" lang=\"de-DE\"><em>La Distinction. Critique sociale du jugement, <\/em>1979, . dt: Die feinen Unterschiede. Kritik der gesellschaftlichen Urteilskraft. 1984<\/span>\u00a0 <strong>Cas Wouters<\/strong>: Van Minnen en Sterven. Informalisering van omgangsvormen rond seks en dood. Amsterdam, 1990. <strong>Luc Boltanski &amp; \u00c8ve Chiapello<\/strong>: Der Neue Geist des Kapitalismus. 1998 <span id=\"fwk-38086-fn07_026\" class=\"footnote\"><strong>Thomas Frank<\/strong>: the conquest of cool. Business Culture, Counterculture, and the Rise of Hip Consumerism. 1997. <strong>Mike Featherstone:<\/strong> Consumer Culture and Postmodernism. 1991\/2007\u00a0 <strong>Felix Stalder<\/strong>: Kultur der Digitalit\u00e4t. 2016<br \/>\n<\/span><\/span><\/span><\/p>\n<p><!-- Matomo --><br \/>\n<script type=\"text\/javascript\">\n  var _paq = window._paq || [];\n  \/* tracker methods like \"setCustomDimension\" should be called before \"trackPageView\" *\/\n  _paq.push(['trackPageView']); \n  _paq.push(['enableLinkTracking']);\n  (function() {\n    var u=\"\/\/www.klaus-janowitz.de\/piwik\/\";\n    _paq.push(['setTrackerUrl', u+'matomo.php']);\n    _paq.push(['setSiteId', '1']);\n    var d=document, g=d.createElement('script'), s=d.getElementsByTagName('script')[0];\n    g.type='text\/javascript'; g.async=true; g.defer=true; g.src=u+'matomo.js'; s.parentNode.insertBefore(g,s);\n  })();\n<\/script><br \/>\n<!-- End Matomo Code --><\/p>\n","protected":false},"excerpt":{"rendered":"<p>Vor einigen Wochen (27.09.) habe ich gemeinsam mit dem Zeithistoriker Massimiliano Livi ein von uns provisorisch so genanntes Mini-Online-Symposium zum Thema Zivilisations\/-prozess in der digitalen Gesellschaft &#8211; Wandel in Technologie, Gesellschaft und dem individuellem Habitus &#8211; veranstaltet. Sinn und Ziel der Veranstaltung war es, die auf Norbert Elias zur\u00fcckgehende Zivilisationstheorie in aktuelle Diskussionen einzubringen und &hellip; <\/p>\n<p class=\"link-more\"><a href=\"https:\/\/www.klaus-janowitz.de\/wordpress\/zivilisation-und-habitus-in-der-digitalen-consumer-culture\/\" class=\"more-link\"><span class=\"screen-reader-text\">\u201eZivilisation und Habitus in der Digitalen Consumer Culture\u201c <\/span>weiterlesen<\/a><\/p>\n","protected":false},"author":1,"featured_media":0,"comment_status":"open","ping_status":"open","sticky":false,"template":"","format":"standard","meta":{"jetpack_post_was_ever_published":false,"_jetpack_newsletter_access":"","_jetpack_dont_email_post_to_subs":false,"_jetpack_newsletter_tier_id":0,"_jetpack_memberships_contains_paywalled_content":false,"_jetpack_memberships_contains_paid_content":false,"activitypub_content_warning":"","activitypub_content_visibility":"","activitypub_max_image_attachments":4,"activitypub_interaction_policy_quote":"","activitypub_status":"","footnotes":"","jetpack_publicize_message":"","jetpack_publicize_feature_enabled":true,"jetpack_social_post_already_shared":true,"jetpack_social_options":{"image_generator_settings":{"template":"highway","default_image_id":0,"font":"","enabled":false},"version":2}},"categories":[1,66,15],"tags":[73,117,13,76,65],"class_list":["post-74382","post","type-post","status-publish","format-standard","hentry","category-allgemein","category-digitaler-wandel","category-feuilleton","tag-digitale-transformation","tag-digitale-zivilisation","tag-popkultur","tag-soziologie","tag-technogenese"],"yoast_head":"<!-- This site is optimized with the Yoast SEO plugin v27.5 - https:\/\/yoast.com\/product\/yoast-seo-wordpress\/ -->\n<title>Zivilisation und Habitus in der Digitalen Consumer Culture - Netnographie &amp; Digitaler Wandel<\/title>\n<meta name=\"robots\" content=\"index, follow, max-snippet:-1, max-image-preview:large, max-video-preview:-1\" \/>\n<link rel=\"canonical\" href=\"https:\/\/www.klaus-janowitz.de\/wordpress\/zivilisation-und-habitus-in-der-digitalen-consumer-culture\/\" \/>\n<meta property=\"og:locale\" content=\"de_DE\" \/>\n<meta property=\"og:type\" content=\"article\" \/>\n<meta property=\"og:title\" content=\"Zivilisation und Habitus in der Digitalen Consumer Culture - Netnographie &amp; Digitaler Wandel\" \/>\n<meta property=\"og:description\" content=\"Vor einigen Wochen (27.09.) habe ich gemeinsam mit dem Zeithistoriker Massimiliano Livi ein von uns provisorisch so genanntes Mini-Online-Symposium zum Thema Zivilisations\/-prozess in der digitalen Gesellschaft &#8211; Wandel in Technologie, Gesellschaft und dem individuellem Habitus &#8211; veranstaltet. Sinn und Ziel der Veranstaltung war es, die auf Norbert Elias zur\u00fcckgehende Zivilisationstheorie in aktuelle Diskussionen einzubringen und &hellip; \u201eZivilisation und Habitus in der Digitalen Consumer Culture\u201c weiterlesen\" \/>\n<meta property=\"og:url\" content=\"https:\/\/www.klaus-janowitz.de\/wordpress\/zivilisation-und-habitus-in-der-digitalen-consumer-culture\/\" \/>\n<meta property=\"og:site_name\" content=\"Netnographie &amp; Digitaler Wandel\" \/>\n<meta property=\"article:published_time\" content=\"2022-10-28T11:41:30+00:00\" \/>\n<meta property=\"article:modified_time\" content=\"2024-02-19T16:44:29+00:00\" \/>\n<meta property=\"og:image\" content=\"https:\/\/www.klaus-janowitz.de\/wordpress\/wp-content\/uploads\/2022\/10\/Zivilisationsprozess_continued.jpg.001-300x169.jpeg\" \/>\n<meta name=\"author\" content=\"KlausMJan\" \/>\n<meta name=\"twitter:card\" content=\"summary_large_image\" \/>\n<meta name=\"twitter:label1\" content=\"Verfasst von\" \/>\n\t<meta name=\"twitter:data1\" content=\"KlausMJan\" \/>\n\t<meta name=\"twitter:label2\" content=\"Gesch\u00e4tzte Lesezeit\" \/>\n\t<meta name=\"twitter:data2\" content=\"7\u00a0Minuten\" \/>\n<script type=\"application\/ld+json\" class=\"yoast-schema-graph\">{\"@context\":\"https:\\\/\\\/schema.org\",\"@graph\":[{\"@type\":\"Article\",\"@id\":\"https:\\\/\\\/www.klaus-janowitz.de\\\/wordpress\\\/zivilisation-und-habitus-in-der-digitalen-consumer-culture\\\/#article\",\"isPartOf\":{\"@id\":\"https:\\\/\\\/www.klaus-janowitz.de\\\/wordpress\\\/zivilisation-und-habitus-in-der-digitalen-consumer-culture\\\/\"},\"author\":{\"name\":\"KlausMJan\",\"@id\":\"https:\\\/\\\/www.klaus-janowitz.de\\\/wordpress\\\/#\\\/schema\\\/person\\\/010eda704157cb8ce4370bfd0376c858\"},\"headline\":\"Zivilisation und Habitus in der Digitalen Consumer Culture\",\"datePublished\":\"2022-10-28T11:41:30+00:00\",\"dateModified\":\"2024-02-19T16:44:29+00:00\",\"mainEntityOfPage\":{\"@id\":\"https:\\\/\\\/www.klaus-janowitz.de\\\/wordpress\\\/zivilisation-und-habitus-in-der-digitalen-consumer-culture\\\/\"},\"wordCount\":1230,\"commentCount\":0,\"image\":{\"@id\":\"https:\\\/\\\/www.klaus-janowitz.de\\\/wordpress\\\/zivilisation-und-habitus-in-der-digitalen-consumer-culture\\\/#primaryimage\"},\"thumbnailUrl\":\"https:\\\/\\\/www.klaus-janowitz.de\\\/wordpress\\\/wp-content\\\/uploads\\\/2022\\\/10\\\/Zivilisationsprozess_continued.jpg.001-300x169.jpeg\",\"keywords\":[\"Digitale Transformation\",\"Digitale Zivilisation\",\"Popkultur\",\"Soziologie\",\"Technogenese\"],\"articleSection\":{\"1\":\"Digitaler Wandel\",\"2\":\"Feuilleton\"},\"inLanguage\":\"de\",\"potentialAction\":[{\"@type\":\"CommentAction\",\"name\":\"Comment\",\"target\":[\"https:\\\/\\\/www.klaus-janowitz.de\\\/wordpress\\\/zivilisation-und-habitus-in-der-digitalen-consumer-culture\\\/#respond\"]}]},{\"@type\":\"WebPage\",\"@id\":\"https:\\\/\\\/www.klaus-janowitz.de\\\/wordpress\\\/zivilisation-und-habitus-in-der-digitalen-consumer-culture\\\/\",\"url\":\"https:\\\/\\\/www.klaus-janowitz.de\\\/wordpress\\\/zivilisation-und-habitus-in-der-digitalen-consumer-culture\\\/\",\"name\":\"Zivilisation und Habitus in der Digitalen Consumer Culture - Netnographie &amp; Digitaler Wandel\",\"isPartOf\":{\"@id\":\"https:\\\/\\\/www.klaus-janowitz.de\\\/wordpress\\\/#website\"},\"primaryImageOfPage\":{\"@id\":\"https:\\\/\\\/www.klaus-janowitz.de\\\/wordpress\\\/zivilisation-und-habitus-in-der-digitalen-consumer-culture\\\/#primaryimage\"},\"image\":{\"@id\":\"https:\\\/\\\/www.klaus-janowitz.de\\\/wordpress\\\/zivilisation-und-habitus-in-der-digitalen-consumer-culture\\\/#primaryimage\"},\"thumbnailUrl\":\"https:\\\/\\\/www.klaus-janowitz.de\\\/wordpress\\\/wp-content\\\/uploads\\\/2022\\\/10\\\/Zivilisationsprozess_continued.jpg.001-300x169.jpeg\",\"datePublished\":\"2022-10-28T11:41:30+00:00\",\"dateModified\":\"2024-02-19T16:44:29+00:00\",\"author\":{\"@id\":\"https:\\\/\\\/www.klaus-janowitz.de\\\/wordpress\\\/#\\\/schema\\\/person\\\/010eda704157cb8ce4370bfd0376c858\"},\"breadcrumb\":{\"@id\":\"https:\\\/\\\/www.klaus-janowitz.de\\\/wordpress\\\/zivilisation-und-habitus-in-der-digitalen-consumer-culture\\\/#breadcrumb\"},\"inLanguage\":\"de\",\"potentialAction\":[{\"@type\":\"ReadAction\",\"target\":[\"https:\\\/\\\/www.klaus-janowitz.de\\\/wordpress\\\/zivilisation-und-habitus-in-der-digitalen-consumer-culture\\\/\"]}]},{\"@type\":\"ImageObject\",\"inLanguage\":\"de\",\"@id\":\"https:\\\/\\\/www.klaus-janowitz.de\\\/wordpress\\\/zivilisation-und-habitus-in-der-digitalen-consumer-culture\\\/#primaryimage\",\"url\":\"https:\\\/\\\/www.klaus-janowitz.de\\\/wordpress\\\/wp-content\\\/uploads\\\/2022\\\/10\\\/Zivilisationsprozess_continued.jpg.001-300x169.jpeg\",\"contentUrl\":\"https:\\\/\\\/www.klaus-janowitz.de\\\/wordpress\\\/wp-content\\\/uploads\\\/2022\\\/10\\\/Zivilisationsprozess_continued.jpg.001-300x169.jpeg\"},{\"@type\":\"BreadcrumbList\",\"@id\":\"https:\\\/\\\/www.klaus-janowitz.de\\\/wordpress\\\/zivilisation-und-habitus-in-der-digitalen-consumer-culture\\\/#breadcrumb\",\"itemListElement\":[{\"@type\":\"ListItem\",\"position\":1,\"name\":\"Startseite\",\"item\":\"https:\\\/\\\/www.klaus-janowitz.de\\\/wordpress\\\/\"},{\"@type\":\"ListItem\",\"position\":2,\"name\":\"Zivilisation und Habitus in der Digitalen Consumer Culture\"}]},{\"@type\":\"WebSite\",\"@id\":\"https:\\\/\\\/www.klaus-janowitz.de\\\/wordpress\\\/#website\",\"url\":\"https:\\\/\\\/www.klaus-janowitz.de\\\/wordpress\\\/\",\"name\":\"Netnographie &amp; Digitaler Wandel\",\"description\":\"Blog rund um die Themen Netnographie, Online-Kultur und Digitalen Wandel\",\"potentialAction\":[{\"@type\":\"SearchAction\",\"target\":{\"@type\":\"EntryPoint\",\"urlTemplate\":\"https:\\\/\\\/www.klaus-janowitz.de\\\/wordpress\\\/?s={search_term_string}\"},\"query-input\":{\"@type\":\"PropertyValueSpecification\",\"valueRequired\":true,\"valueName\":\"search_term_string\"}}],\"inLanguage\":\"de\"},{\"@type\":\"Person\",\"@id\":\"https:\\\/\\\/www.klaus-janowitz.de\\\/wordpress\\\/#\\\/schema\\\/person\\\/010eda704157cb8ce4370bfd0376c858\",\"name\":\"KlausMJan\",\"image\":{\"@type\":\"ImageObject\",\"inLanguage\":\"de\",\"@id\":\"https:\\\/\\\/secure.gravatar.com\\\/avatar\\\/94d3059bf264a4da1fe44d92721e645980d64122c3365532a3b1517b78db5093?s=96&r=g\",\"url\":\"https:\\\/\\\/secure.gravatar.com\\\/avatar\\\/94d3059bf264a4da1fe44d92721e645980d64122c3365532a3b1517b78db5093?s=96&r=g\",\"contentUrl\":\"https:\\\/\\\/secure.gravatar.com\\\/avatar\\\/94d3059bf264a4da1fe44d92721e645980d64122c3365532a3b1517b78db5093?s=96&r=g\",\"caption\":\"KlausMJan\"},\"sameAs\":[\"http:\\\/\\\/www.netnographie.eu\\\/wordpress\"],\"url\":\"https:\\\/\\\/www.klaus-janowitz.de\\\/wordpress\\\/author\\\/klausmjan\\\/\"}]}<\/script>\n<!-- \/ Yoast SEO plugin. -->","yoast_head_json":{"title":"Zivilisation und Habitus in der Digitalen Consumer Culture - Netnographie &amp; Digitaler Wandel","robots":{"index":"index","follow":"follow","max-snippet":"max-snippet:-1","max-image-preview":"max-image-preview:large","max-video-preview":"max-video-preview:-1"},"canonical":"https:\/\/www.klaus-janowitz.de\/wordpress\/zivilisation-und-habitus-in-der-digitalen-consumer-culture\/","og_locale":"de_DE","og_type":"article","og_title":"Zivilisation und Habitus in der Digitalen Consumer Culture - Netnographie &amp; Digitaler Wandel","og_description":"Vor einigen Wochen (27.09.) habe ich gemeinsam mit dem Zeithistoriker Massimiliano Livi ein von uns provisorisch so genanntes Mini-Online-Symposium zum Thema Zivilisations\/-prozess in der digitalen Gesellschaft &#8211; Wandel in Technologie, Gesellschaft und dem individuellem Habitus &#8211; veranstaltet. Sinn und Ziel der Veranstaltung war es, die auf Norbert Elias zur\u00fcckgehende Zivilisationstheorie in aktuelle Diskussionen einzubringen und &hellip; \u201eZivilisation und Habitus in der Digitalen Consumer Culture\u201c weiterlesen","og_url":"https:\/\/www.klaus-janowitz.de\/wordpress\/zivilisation-und-habitus-in-der-digitalen-consumer-culture\/","og_site_name":"Netnographie &amp; Digitaler Wandel","article_published_time":"2022-10-28T11:41:30+00:00","article_modified_time":"2024-02-19T16:44:29+00:00","og_image":[{"url":"https:\/\/www.klaus-janowitz.de\/wordpress\/wp-content\/uploads\/2022\/10\/Zivilisationsprozess_continued.jpg.001-300x169.jpeg","type":"","width":"","height":""}],"author":"KlausMJan","twitter_card":"summary_large_image","twitter_misc":{"Verfasst von":"KlausMJan","Gesch\u00e4tzte Lesezeit":"7\u00a0Minuten"},"schema":{"@context":"https:\/\/schema.org","@graph":[{"@type":"Article","@id":"https:\/\/www.klaus-janowitz.de\/wordpress\/zivilisation-und-habitus-in-der-digitalen-consumer-culture\/#article","isPartOf":{"@id":"https:\/\/www.klaus-janowitz.de\/wordpress\/zivilisation-und-habitus-in-der-digitalen-consumer-culture\/"},"author":{"name":"KlausMJan","@id":"https:\/\/www.klaus-janowitz.de\/wordpress\/#\/schema\/person\/010eda704157cb8ce4370bfd0376c858"},"headline":"Zivilisation und Habitus in der Digitalen Consumer Culture","datePublished":"2022-10-28T11:41:30+00:00","dateModified":"2024-02-19T16:44:29+00:00","mainEntityOfPage":{"@id":"https:\/\/www.klaus-janowitz.de\/wordpress\/zivilisation-und-habitus-in-der-digitalen-consumer-culture\/"},"wordCount":1230,"commentCount":0,"image":{"@id":"https:\/\/www.klaus-janowitz.de\/wordpress\/zivilisation-und-habitus-in-der-digitalen-consumer-culture\/#primaryimage"},"thumbnailUrl":"https:\/\/www.klaus-janowitz.de\/wordpress\/wp-content\/uploads\/2022\/10\/Zivilisationsprozess_continued.jpg.001-300x169.jpeg","keywords":["Digitale Transformation","Digitale Zivilisation","Popkultur","Soziologie","Technogenese"],"articleSection":{"1":"Digitaler Wandel","2":"Feuilleton"},"inLanguage":"de","potentialAction":[{"@type":"CommentAction","name":"Comment","target":["https:\/\/www.klaus-janowitz.de\/wordpress\/zivilisation-und-habitus-in-der-digitalen-consumer-culture\/#respond"]}]},{"@type":"WebPage","@id":"https:\/\/www.klaus-janowitz.de\/wordpress\/zivilisation-und-habitus-in-der-digitalen-consumer-culture\/","url":"https:\/\/www.klaus-janowitz.de\/wordpress\/zivilisation-und-habitus-in-der-digitalen-consumer-culture\/","name":"Zivilisation und Habitus in der Digitalen Consumer Culture - Netnographie &amp; Digitaler Wandel","isPartOf":{"@id":"https:\/\/www.klaus-janowitz.de\/wordpress\/#website"},"primaryImageOfPage":{"@id":"https:\/\/www.klaus-janowitz.de\/wordpress\/zivilisation-und-habitus-in-der-digitalen-consumer-culture\/#primaryimage"},"image":{"@id":"https:\/\/www.klaus-janowitz.de\/wordpress\/zivilisation-und-habitus-in-der-digitalen-consumer-culture\/#primaryimage"},"thumbnailUrl":"https:\/\/www.klaus-janowitz.de\/wordpress\/wp-content\/uploads\/2022\/10\/Zivilisationsprozess_continued.jpg.001-300x169.jpeg","datePublished":"2022-10-28T11:41:30+00:00","dateModified":"2024-02-19T16:44:29+00:00","author":{"@id":"https:\/\/www.klaus-janowitz.de\/wordpress\/#\/schema\/person\/010eda704157cb8ce4370bfd0376c858"},"breadcrumb":{"@id":"https:\/\/www.klaus-janowitz.de\/wordpress\/zivilisation-und-habitus-in-der-digitalen-consumer-culture\/#breadcrumb"},"inLanguage":"de","potentialAction":[{"@type":"ReadAction","target":["https:\/\/www.klaus-janowitz.de\/wordpress\/zivilisation-und-habitus-in-der-digitalen-consumer-culture\/"]}]},{"@type":"ImageObject","inLanguage":"de","@id":"https:\/\/www.klaus-janowitz.de\/wordpress\/zivilisation-und-habitus-in-der-digitalen-consumer-culture\/#primaryimage","url":"https:\/\/www.klaus-janowitz.de\/wordpress\/wp-content\/uploads\/2022\/10\/Zivilisationsprozess_continued.jpg.001-300x169.jpeg","contentUrl":"https:\/\/www.klaus-janowitz.de\/wordpress\/wp-content\/uploads\/2022\/10\/Zivilisationsprozess_continued.jpg.001-300x169.jpeg"},{"@type":"BreadcrumbList","@id":"https:\/\/www.klaus-janowitz.de\/wordpress\/zivilisation-und-habitus-in-der-digitalen-consumer-culture\/#breadcrumb","itemListElement":[{"@type":"ListItem","position":1,"name":"Startseite","item":"https:\/\/www.klaus-janowitz.de\/wordpress\/"},{"@type":"ListItem","position":2,"name":"Zivilisation und Habitus in der Digitalen Consumer Culture"}]},{"@type":"WebSite","@id":"https:\/\/www.klaus-janowitz.de\/wordpress\/#website","url":"https:\/\/www.klaus-janowitz.de\/wordpress\/","name":"Netnographie &amp; Digitaler Wandel","description":"Blog rund um die Themen Netnographie, Online-Kultur und Digitalen Wandel","potentialAction":[{"@type":"SearchAction","target":{"@type":"EntryPoint","urlTemplate":"https:\/\/www.klaus-janowitz.de\/wordpress\/?s={search_term_string}"},"query-input":{"@type":"PropertyValueSpecification","valueRequired":true,"valueName":"search_term_string"}}],"inLanguage":"de"},{"@type":"Person","@id":"https:\/\/www.klaus-janowitz.de\/wordpress\/#\/schema\/person\/010eda704157cb8ce4370bfd0376c858","name":"KlausMJan","image":{"@type":"ImageObject","inLanguage":"de","@id":"https:\/\/secure.gravatar.com\/avatar\/94d3059bf264a4da1fe44d92721e645980d64122c3365532a3b1517b78db5093?s=96&r=g","url":"https:\/\/secure.gravatar.com\/avatar\/94d3059bf264a4da1fe44d92721e645980d64122c3365532a3b1517b78db5093?s=96&r=g","contentUrl":"https:\/\/secure.gravatar.com\/avatar\/94d3059bf264a4da1fe44d92721e645980d64122c3365532a3b1517b78db5093?s=96&r=g","caption":"KlausMJan"},"sameAs":["http:\/\/www.netnographie.eu\/wordpress"],"url":"https:\/\/www.klaus-janowitz.de\/wordpress\/author\/klausmjan\/"}]}},"jetpack_publicize_connections":[],"jetpack_featured_media_url":"","jetpack_sharing_enabled":true,"jetpack_shortlink":"https:\/\/wp.me\/p15Wn2-jlI","jetpack_likes_enabled":true,"jetpack-related-posts":[{"id":72981,"url":"https:\/\/www.klaus-janowitz.de\/wordpress\/zivilisations-prozess-in-der-digitalen-gesellschaft-ein-mini-symposium\/","url_meta":{"origin":74382,"position":0},"title":"Zivilisations\/-prozess in der digitalen Gesellschaft &#8211; ein Mini- Symposium","author":"KlausMJan","date":"8. September 2022","format":false,"excerpt":"Von Wandel wird viel gesprochen, von technologischem Wandel, von gesellschaftlichem Wandel, vom Wandel der Arbeit und vom Wandel zur Nachhaltigkeit.\u00a0 Dabei geht es sehr oft um Innovation, Technologie, Megatrends etc. Konzepte vom Wandel bzw. der Evolution technologischer, gesellschaftlcher und\u00a0 kultureller Zivilisation kommen seltener zur Sprache. Bei einer Diskussion, die aus\u2026","rel":"","context":"In &quot;Allgemein&quot;","block_context":{"text":"Allgemein","link":"https:\/\/www.klaus-janowitz.de\/wordpress\/category\/allgemein\/"},"img":{"alt_text":"","src":"https:\/\/i0.wp.com\/www.klaus-janowitz.de\/wordpress\/wp-content\/uploads\/2022\/09\/Stormtrooper_in_der-Tasrtatur-1024x391.jpg?resize=350%2C200&ssl=1","width":350,"height":200,"srcset":"https:\/\/i0.wp.com\/www.klaus-janowitz.de\/wordpress\/wp-content\/uploads\/2022\/09\/Stormtrooper_in_der-Tasrtatur-1024x391.jpg?resize=350%2C200&ssl=1 1x, https:\/\/i0.wp.com\/www.klaus-janowitz.de\/wordpress\/wp-content\/uploads\/2022\/09\/Stormtrooper_in_der-Tasrtatur-1024x391.jpg?resize=525%2C300&ssl=1 1.5x"},"classes":[]},{"id":11974,"url":"https:\/\/www.klaus-janowitz.de\/wordpress\/digitale-zivilisation\/","url_meta":{"origin":74382,"position":1},"title":"Digitale Zivilisation","author":"KlausMJan","date":"9. November 2018","format":false,"excerpt":"Ein Zwischenschritt: Nach einer Reihe von Rezensionen,\u00a0nun ein Entwurf dazu, Ans\u00e4tze und Begriffe in eine Perspektive zu richten. In den Debatten zur Digitalisierung heisst es immer wieder \"In Wirtschaft und Gesellschaft\", es geht dann um Digitale Transformation,\u00a0\u00a0um Disruptionen,\u00a0 viel agile und manchmal f\u00e4llt der etwas seltsame Begriff Gesellschaft 4.0 (4.0\u2026","rel":"","context":"In &quot;Allgemein&quot;","block_context":{"text":"Allgemein","link":"https:\/\/www.klaus-janowitz.de\/wordpress\/category\/allgemein\/"},"img":{"alt_text":"","src":"https:\/\/i0.wp.com\/www.klaus-janowitz.de\/wordpress\/wp-content\/uploads\/2018\/08\/Buecher-300x300.jpg?resize=350%2C200","width":350,"height":200},"classes":[]},{"id":7097,"url":"https:\/\/www.klaus-janowitz.de\/wordpress\/ueber-den-prozess-der-digitalisierung\/","url_meta":{"origin":74382,"position":2},"title":"\u00dcber den Prozess der Digitalisierung","author":"KlausMJan","date":"3. Dezember 2015","format":false,"excerpt":"\u00dcber den Proze\u00df der Digitalisierung\u00a0- auch so kann man den\u00a0Digitalen Wandel\u00a0betrachten: angelehnt an den Proze\u00df der Zivilisation von Norbert Elias\u00a0als einen langfristigen Prozess in dem sich das Verh\u00e4ltnis von Individuum und Gesellschaft\u00a0wandelt und neu\u00a0gepr\u00e4gt wird. Es\u00a0sind technologische\u00a0und\u00a0gesellschaftliche (bzw. kulturelle) Entwicklungen,\u00a0die im digitalen Wandel miteinander verkn\u00fcpft sind - mit erheblichen \u00f6konomischen\u2026","rel":"","context":"In &quot;Allgemein&quot;","block_context":{"text":"Allgemein","link":"https:\/\/www.klaus-janowitz.de\/wordpress\/category\/allgemein\/"},"img":{"alt_text":"","src":"https:\/\/i0.wp.com\/www.klaus-janowitz.de\/wordpress\/wp-content\/uploads\/2015\/11\/51YeVM-Jr-L._AC_UL320_SR192320_-180x300.jpg?resize=350%2C200","width":350,"height":200},"classes":[]},{"id":7318,"url":"https:\/\/www.klaus-janowitz.de\/wordpress\/machtbalance-figuration-und-digitaler-wandel\/","url_meta":{"origin":74382,"position":3},"title":"Machtbalance, Figuration und digitaler Wandel","author":"KlausMJan","date":"28. Dezember 2015","format":false,"excerpt":"In einem der letzten Beitr\u00e4ge hatte ich den digitalen Wandel in die Perspektive der Zivilisationstheorie\u00a0von Norbert Elias gestellt. Digitaler Wandel l\u00e4sst sich so als ein langfristiger Prozess verstehen, in dem technologische und gesellschaftliche Entwicklungen miteinander verkn\u00fcpft sind. Digitaler Wandel bedeutet nicht, dass bestehende Strukturen in ein neues Format \u00fcbersetzt werden,\u2026","rel":"","context":"In &quot;Allgemein&quot;","block_context":{"text":"Allgemein","link":"https:\/\/www.klaus-janowitz.de\/wordpress\/category\/allgemein\/"},"img":{"alt_text":"","src":"https:\/\/i0.wp.com\/www.klaus-janowitz.de\/wordpress\/wp-content\/uploads\/2011\/01\/elias.jpg?resize=350%2C200&ssl=1","width":350,"height":200},"classes":[]},{"id":9283,"url":"https:\/\/www.klaus-janowitz.de\/wordpress\/digitale-figurationen\/","url_meta":{"origin":74382,"position":4},"title":"Digitale Figurationen","author":"KlausMJan","date":"22. November 2016","format":false,"excerpt":"Soziologische Konzepte und Theorien sind dazu da, gesellschaftliche Vorg\u00e4nge und Entwicklungen verstehbar zu machen. Bereits einige\u00a0male hatte ich hier auf die Soziologie von Norbert Elias aufmerksam gemacht. Man kann\u00a0sich fragen, was denn Norbert Elias mit der Digitalisierung zu tun habe? Mit den Lebensdaten 1897 - 1990 hatte er nur im\u2026","rel":"","context":"In &quot;Digitaler Wandel&quot;","block_context":{"text":"Digitaler Wandel","link":"https:\/\/www.klaus-janowitz.de\/wordpress\/category\/digitaler-wandel\/"},"img":{"alt_text":"","src":"https:\/\/i0.wp.com\/www.klaus-janowitz.de\/wordpress\/wp-content\/uploads\/2015\/04\/Schaltkreise-300x300.jpg?resize=350%2C200","width":350,"height":200},"classes":[]},{"id":13587,"url":"https:\/\/www.klaus-janowitz.de\/wordpress\/tribes-in-der-globalen-zivilisation\/","url_meta":{"origin":74382,"position":5},"title":"&#8220;Tribes&#8221; in der globalen Zivilisation","author":"KlausMJan","date":"23. August 2019","format":false,"excerpt":"Wenn es um neue, digitale Formen von \u00d6ffentlichkeit und Vergemeinschaftung geht, sind historische und archaische Sprachbilder immer wieder beliebt. So etwa das auf McLuhan zur\u00fcckgehende Bild vom globalen Dorf, der digitale Salon und das digitale Lagerfeuer, ver\u00e4chtlich ist digitale Hordenbildung. Im neuen Buch von Christoph T\u00fcrcke heisst es Digitale Gefolgschaft.\u2026","rel":"","context":"In &quot;Allgemein&quot;","block_context":{"text":"Allgemein","link":"https:\/\/www.klaus-janowitz.de\/wordpress\/category\/allgemein\/"},"img":{"alt_text":"","src":"https:\/\/i0.wp.com\/www.klaus-janowitz.de\/wordpress\/wp-content\/uploads\/2019\/08\/Tribes-300x200.jpg?resize=350%2C200&ssl=1","width":350,"height":200},"classes":[]}],"_links":{"self":[{"href":"https:\/\/www.klaus-janowitz.de\/wordpress\/wp-json\/wp\/v2\/posts\/74382","targetHints":{"allow":["GET"]}}],"collection":[{"href":"https:\/\/www.klaus-janowitz.de\/wordpress\/wp-json\/wp\/v2\/posts"}],"about":[{"href":"https:\/\/www.klaus-janowitz.de\/wordpress\/wp-json\/wp\/v2\/types\/post"}],"author":[{"embeddable":true,"href":"https:\/\/www.klaus-janowitz.de\/wordpress\/wp-json\/wp\/v2\/users\/1"}],"replies":[{"embeddable":true,"href":"https:\/\/www.klaus-janowitz.de\/wordpress\/wp-json\/wp\/v2\/comments?post=74382"}],"version-history":[{"count":35,"href":"https:\/\/www.klaus-janowitz.de\/wordpress\/wp-json\/wp\/v2\/posts\/74382\/revisions"}],"predecessor-version":[{"id":84286,"href":"https:\/\/www.klaus-janowitz.de\/wordpress\/wp-json\/wp\/v2\/posts\/74382\/revisions\/84286"}],"wp:attachment":[{"href":"https:\/\/www.klaus-janowitz.de\/wordpress\/wp-json\/wp\/v2\/media?parent=74382"}],"wp:term":[{"taxonomy":"category","embeddable":true,"href":"https:\/\/www.klaus-janowitz.de\/wordpress\/wp-json\/wp\/v2\/categories?post=74382"},{"taxonomy":"post_tag","embeddable":true,"href":"https:\/\/www.klaus-janowitz.de\/wordpress\/wp-json\/wp\/v2\/tags?post=74382"}],"curies":[{"name":"wp","href":"https:\/\/api.w.org\/{rel}","templated":true}]}}