{"id":74265,"date":"2022-11-22T13:34:05","date_gmt":"2022-11-22T12:34:05","guid":{"rendered":"https:\/\/www.klaus-janowitz.de\/wordpress\/?p=74265"},"modified":"2024-06-16T09:35:25","modified_gmt":"2024-06-16T07:35:25","slug":"anpassung-vs-fortschritt","status":"publish","type":"post","link":"https:\/\/www.klaus-janowitz.de\/wordpress\/anpassung-vs-fortschritt\/","title":{"rendered":"Anpassung vs Fortschritt (Rezension zu: Anpassung. Leitmotiv der n\u00e4chsten Gesellschaft)"},"content":{"rendered":"<p style=\"text-align: justify;\"><a href=\"https:\/\/i0.wp.com\/www.klaus-janowitz.de\/wordpress\/wp-content\/uploads\/2022\/10\/Anpassung_Staab.jpg?ssl=1\"><img data-recalc-dims=\"1\" fetchpriority=\"high\" decoding=\"async\" class=\"alignright wp-image-74266 \" src=\"https:\/\/i0.wp.com\/www.klaus-janowitz.de\/wordpress\/wp-content\/uploads\/2022\/10\/Anpassung_Staab.jpg?resize=209%2C345&#038;ssl=1\" alt=\"\" width=\"209\" height=\"345\" srcset=\"https:\/\/i0.wp.com\/www.klaus-janowitz.de\/wordpress\/wp-content\/uploads\/2022\/10\/Anpassung_Staab.jpg?resize=182%2C300&amp;ssl=1 182w, https:\/\/i0.wp.com\/www.klaus-janowitz.de\/wordpress\/wp-content\/uploads\/2022\/10\/Anpassung_Staab.jpg?w=531&amp;ssl=1 531w\" sizes=\"(max-width: 209px) 100vw, 209px\" \/><\/a>Ohne den <a href=\"https:\/\/www.futurehistories.today\/\" target=\"_blank\" rel=\"noopener\">Podcast <em><strong>Future Histories<\/strong><\/em><\/a> von <em>Jan Groos<\/em> w\u00e4re ich an diesem Buch vorbeigegangen: <strong>Anpassung. Leitmotiv der n\u00e4chsten Gesellschaft <\/strong>von <strong>Philipp Staab<\/strong> &#8211; ein leicht verst\u00f6rend und damit provokanter Titel. Gemeint ist eine Gesellschaft, die sich vom Leitmotiv der <em>Selbstentfaltung<\/em> zu dem des <em>Selbsterhalts<\/em> &#8211; <em>kollektiv und individuell<\/em> &#8211; bewegt. Nicht Steuerung und Gestaltung von\u00a0 Fortschritt und Selbstentfaltung sondern das <em>Zurechtkommen <\/em>steht im Zentrum &#8211; die Anpassung an Krisen, <em>der Erhalt eines gef\u00e4hrdeten Status Quo<\/em>.<br \/>\nZwei der drei aktuellen Krisen &#8211; Corona und die Klima- Krise &#8211; sind der Hintergrund. Die dritte Krise &#8211; <em>Ukraine- Invasion<\/em>\u00a0 und ihre Folgen &#8211;\u00a0 kommt im Buch erst vereinzelt vor, umso mehr in den die Ver\u00f6ffentlichung begleitenden Podcasts und Essays.<br \/>\nEin Ausgangspunkt des Buches sind empirische Befunde aus narrativen Interviews mit sog. <em>systemrelevanten Besch\u00e4ftigten <\/em>aus den Branchen Gesundheit, Bildung\/Erziehung, Sicherheit und materiellen Infrastrukturen (143 ff) im Rahmen eines Seminars <em>Die Gesellschaft der\u00a0 Anpassung<\/em> 2021\/22 an der HU Berlin.<\/p>\n<p style=\"text-align: justify;\"><em>In der Moderne dominierte der Glaube, die Welt liesse sich gestalten und der Fortschritt sorge quasi automatisch f\u00fcr ein besseres Morgen &#8230; <\/em><span style=\"font-size: small; line-height: 2px;\">(Klappentext)<\/span><em> &#8211;<\/em>\u00a0 so beginnt das Buch mit einer Abkehr vom Fortschrittsglauben der Moderne. Moderne in zwei Auspr\u00e4gungen &#8211; die\u00a0 <em>Industrielle Moderne<\/em> mit ihrem Glauben an die technische Beherrschbarkeit der Welt und die <em>Sp\u00e4tmoderne<\/em> mit dem Impetus\u00a0 der freien Selbstentfaltung des Individuums. Der Klimawandel steht nach Staab in direktem Zusammenhang mit dem Selbstentfaltungsprogramm der individuellen Entfaltung &#8211; im\u00a0 Konsum.<br \/>\nDer Optimismus der Moderne(n) ist ersch\u00fcttert, heute geht es darum, Krisen abzuschw\u00e4chen, <em>die Gegenwart \u00fcberhaupt zukunftsf\u00e4hig zu machen<\/em> (77). <em><strong>Anpassung<\/strong><\/em> meint Strategien zum Erhalt von Handlungsf\u00e4higkeit und der Sicherung bestehender Zust\u00e4nde\u00a0 in einer <em>Nachmoderne.<\/em>\u00a0 Als Leitmotiv verschiebt <em>Anpassung<\/em> die\u00a0 <em>Perspektive von einem modernen Emanzipationsprogramm auf ein einstweilen noch unbestimmtes Adaptionsprogramm<\/em> (32). Die Pandemie l\u00e4sst sich als <em>Generalprobe f\u00fcr zuk\u00fcnftige Adaptionskrisen verstehen &#8211; Anschauungsmaterial, wie zeitgen\u00f6ssische Gesellschaften auf akute Krisen reagieren. <\/em>Ein <em>konkreter Ausdruck sozialer Folgen\u00a0 \u00f6kologischen Notstands <\/em>(141).\u00a0 Aus dem Material der (oben erw\u00e4hnten) narrativen Interviews erschliesst sich eine Gesellschaftskritik, die sich vorwiegend auf drei Punkte bezieht:\u00a0 <em>eine Narzissmus pr\u00e4mierende Kultur, eine ausschliesslich profitorientierte Wirtschaftsweise und eine handlungsunf\u00e4hige, schwache Staatlichkeit<\/em> (144).<br \/>\nAnpassung umfasst auch <em>Resilienz<\/em> (ausf, der Begriff, der sich\u00a0 in den Diskussionen seit Corona weit mehr als <em>Anpassung<\/em> verbreitet hat.<\/p>\n<p style=\"text-align: justify;\">Die sechs (incl. Einleitung) aufeinander aufbauenden Kapitel sind allesamt einpr\u00e4gsam \u00fcbertitelt: (3) <em><strong>Ent-t\u00e4uschung der Moderne<\/strong><\/em> wendet sich ab von\u00a0 einer <em>gesellschaftlich zu schaffenden Zukunft<\/em> (72) im Sinne des Fortschrittsbbegriff der Aufkl\u00e4rung. Unter (4) <strong>Adaptive Rebellion<\/strong> fallen etwa die <em>Fridays for Future<\/em> mit dem wissenschaftsgl\u00e4ubigen Slogan <em>Listen to Science<\/em>. Staab folgert einen positiven Begriff evidenzbasierter Technokratie (131). Unter (5) <strong>Avantgarden der Anpassung<\/strong> finden sich v.a. die erw\u00e4hnten\u00a0 &#8220;<em>systemrelevanten\u00a0 Besch\u00e4ftigten<\/em>&#8220;, wo effektive, evidenzbasiertepolitische Steuerung mit Demokratiedefizit umindest angedacht werden (174). In (6) <strong>Protektive Technokratie<\/strong>\u00a0 geht es um eine politische Imagination adaptiver Gesellschaften (182), Demokratie vs Expertenherrschaft mit Unterst\u00fctzung digitaler Steuerungstechnologie,\u00a0 eine Hypothese\u00a0 <em>rationaler Technologie des \u00dcberlebens<\/em>. Soweit sehr verk\u00fcrzt zusammengefasst.<br \/>\nIn einem Beitrag in der Zeit vom 12.10. fasst Staab seine These b\u00fcndig zusammen: <em>Das Projekt des Fortschritts und der Selbstentfaltung ist zu einem Problem f\u00fcr die Selbsterhaltung geworden \u2013 individuell, gesellschaftlich, planetar. Es weiterhin zu predigen, verfestigt den Eindruck einer Politik, deren Deutungsangebote an der Realit\u00e4t der Menschen vorbeigehen<\/em>. &#8230; weiter: <em>Dabei k\u00f6nnte Anpassung als eigenst\u00e4ndiges gesellschaftliches Projekt auch in einem positiven Sinne zum Leitmotiv politischen Handelns taugen.\u00a0<\/em><\/p>\n<p style=\"text-align: justify;\"><strong><em>Anpassung. Leitmotiv der n\u00e4chsten Gesellschaft <\/em><\/strong>l\u00e4sst sich als &#8211; manchmal\u00a0 spekulative, teilweise empirische Exploration zu Selbsterhaltungkrisen und zur <em>n\u00e4chsten Gesellschaft, <\/em>verstehen.\u00a0 Die Grundgedanken des Buches werden schnell klar und sind innerhalb ihres Rahmens einleuchtend. Staab dokumentiert, benennt, beschreibt erkennbare Motive, Einstellungen, Tendenzen und Strategien, vermittelt Momentaufnahmen, stellt sie in Zusammenh\u00e4nge und entwickelt im letzten Kapitel eine Hypothese technik- und expertisegest\u00fctzter Herrschaftsformate. Er bezieht\u00a0 sich u.a. auf <a href=\"https:\/\/www.klaus-janowitz.de\/wordpress\/gesellschaft-der-singularitaeten-rezension\/\" target=\"_blank\" rel=\"noopener\">Andreas Reckwitz<\/a>, Robert K. Merton (1910-2003), auf Boltanski\/Chiapello und immer wieder auf die <em>Risikogesellschaft<\/em> von Ulrich Beck (1986), schliesslich auch Schumpeter (187).<\/p>\n<p style=\"text-align: justify;\">Es geht aber auch immer um den Gegensatz <em>Fortschritt vs\u00a0<\/em> <em>Anpassung. <\/em>Ersterer ist eine treibende, letztere beharrende, angleichende Kraft. <em><strong>Wie kann eine Gesellschaft aussehen, die sich mit Nachdruck vom Fortschrittsbegriff verabschiedet<\/strong> (108)? <\/em>Man kann diese Frage als Gedankenspiel annehmen &#8211; aber ist eine Gesellschaft ohne <em>Fortschritt<\/em> \u00fcberhaupt denkbar? Beide Begriffe, im Gefolge auch <em>Selbstentfaltung<\/em> und <em>Emanzipation<\/em>, werden in einem sehr verengten Sinne verwendet. Damit kann ich mich wenig anfreunden.<br \/>\nIst <em>Anpassung<\/em> ein passendes Leitmotiv? Anpassung kann taktisch, strategisch, opportunistisch sein, das sich Einf\u00fcgen als das <em>R\u00e4dchen im Getriebe,<\/em> sie kann sich am Markt, an Machtverh\u00e4ltnissen, an <em>Krisen<\/em> ausrichten, ohne Anpassung gibt es keine Evolution, weder genetisch noch sozial. Die gel\u00e4ufige Redewendung &#8220;<em>mit dem Fortschritt gehen&#8221;<\/em> dr\u00fcckt nichts anderes aus, als <em>Anpassung an den Fortschritt<\/em>. Allen Verwendungen ist eine defensive, manchmal passiv- aggressive, Haltung gemein. Ein Begriff, der unterschiedlichste Lesarten erm\u00f6glicht und mit vielen Konnotationen daherkommt &#8211; und so in die popul\u00e4re Diskussion einsickert:\u00a0 <em>K\u00fcrzlich warf Markus Lanz (9.11.) in seiner Talkshow einer Aktivistin von \u201eLetzte Generation\u201c Anpassung als zurechtweisendes Schlagwort entgegen.<\/em> Ich vermute,\u00a0 die Redaktion hatte das Buch gesichtet. So gelangen Begriffe &#8211; beliebig <em>angepasst<\/em> &#8211;\u00a0 in die popul\u00e4re Diskussion.<\/p>\n<p style=\"text-align: justify;\">Weit mehr irritiert mich sein Begriff von <strong><em>Fortschritt<\/em><\/strong>, damit verbunden von <em>Selbstentfaltung, Emanzipation.<br \/>\nDie Irritationen sind beabsichtigt, wie im Podcast begr\u00fcndet. <\/em>Der Fortschrittsbegriff scheint sich auf den des ewigen Wachstums in einer Welt endlicher Ressourcen zu beschr\u00e4nken. Emanzipation und Selbstentfaltung werden so erw\u00e4hnt, als g\u00e4be es sie v.a.\u00a0 in vulg\u00e4r- materialistischer Ausf\u00fchrung.<br \/>\nMal ist von Zumutungen der Selbstentfaltung die Rede ist und man denkt an\u00a0 eine\u00a0 Distinktionsh\u00f6lle zwanghaften Konsums. Sicher gibt es Symbiosen mit der Konsumwirtschaft, in erster Linie bedeutet Selbstentfaltung aber die Gestaltung der Lebensf\u00fchrung.<br \/>\n<strong><em>Fortschritt<\/em><\/strong> wurde und wird immer wieder von verschiedenen Seiten f\u00fcr sich reklamiert: \u00e4sthetisch von Avantgarden, politisch sah sich die Linke meist als Lager des Fortschritts, emanzipativ von sozialen Bewegungen, Fortschritt wurde in Wirtschaftsdaten gemessen.\u00a0 Von Beginn an war wissenschaftlicher und technischer Fortschritt der Antrieb. Letztlich entsch\u00e4rfte (bio-) technischer Fortschritt in Form der Entwicklung neuer Vakzine &#8211; \u00a0 &#8211; und nicht Anpassungsleistungen &#8211; die Pandemie. Und auch Autor Staab (Prof &lt; 40) arbeitet mit seinem Buch am <em>Fortschreiten<\/em> seiner Karriere.<br \/>\nDas Weiterf\u00fchren einer\u00a0 linearen, ungebrochenen Vorstellung von Fortschritt und Selbstentfaltung hat wohl irgendwann seltsame Konsequenzen:\u00a0 <em>Libert\u00e4r<\/em> bedeutete einst einen radikal- heroischen Bruch mit gesellschaftlichen Zw\u00e4ngen, heute wird damit (u.a.) die schrankenlose, anarcho- kapitalistische\u00a0 Selbstentfaltung\u00a0 von Oligarchen verbunden. Genauso berufen sich <em>Querdenker<\/em> auf das Freiheitsversprechen der Sp\u00e4tmoderne wie <em>Caroline Amlinger<\/em> und <em>Oliver Nachtwey<\/em> &#8211; in <em>Gekr\u00e4nkte Freiheit: Aspekte des libert\u00e4ren Autoritarismus<\/em> (10\/2022) herausstellen. Aber macht das das Freiheitsversprechen obsolet?<\/p>\n<p style=\"text-align: justify;\">Was eine Gesellschaft zusammenh\u00e4lt, ist v.a. die geteilte Vorstellung einer guten Gesellschaft bzw lebenswerter Zukunft. Wie diese aussehen soll ist ein zivilisatorischer Prozess. Und auch die Vorstellung von Fortschritt durch Wissenschaft und Technik geh\u00f6rt <em>zu einer <\/em>gesellschaftlich zu schaffenden Zukunft, die Selbsterhalt und Selbstentfaltung verbindet: <em><strong>We need a vision of progress and a grand narrative about why it all matters.<\/strong><br \/>\n<\/em><\/p>\n<p><span style=\"font-size: small; line-height: 2px;\"><strong>Philipp Staab:<\/strong> Anpassung . Leitmotiv der n\u00e4chsten Gesellschaft 198 S. + Anmerkungen 240 S,..\u00a0 edition suhrkamp 2779, 10\/2022, 18 \u20ac &#8211;<strong>Jan Groos<\/strong>: <a href=\"https:\/\/www.futurehistories.today\/\" target=\"_blank\" rel=\"noopener\">Future Histories<\/a> &#8211; <em>Der Podcast zur Erweiterung unserer Vorstellung von Zukunft.\u00a0 <\/em><strong>Philipp Staab: <\/strong>Wie Gesellschaften stabil bleiben. Selbstentfaltung wird zum Problem f\u00fcr die Selbsterhaltung. Die Zeit. 12. 10. 2022\u00a0 &#8212; vgl. auch: Future sapiens: <a href=\"https:\/\/www.youtube.com\/watch?v=p5-yCz-Tq8Q\" target=\"_blank\" rel=\"noopener\">Ewiges Wachstum &#8211; Untergang der Menschheit oder Motor des Fortschritts?<\/a><br \/>\n<\/span><\/p>\n<h1 class=\"style-scope ytd-watch-metadata\"><\/h1>\n<p><span style=\"font-size: small; line-height: 2px;\"><em>\u00a0<\/em><\/span><\/p>\n<p><!-- Matomo --><br \/>\n<script type=\"text\/javascript\">\n  var _paq = window._paq || [];\n  \/* tracker methods like \"setCustomDimension\" should be called before \"trackPageView\" *\/\n  _paq.push(['trackPageView']); \n  _paq.push(['enableLinkTracking']);\n  (function() {\n    var u=\"\/\/www.klaus-janowitz.de\/piwik\/\";\n    _paq.push(['setTrackerUrl', u+'matomo.php']);\n    _paq.push(['setSiteId', '1']);\n    var d=document, g=d.createElement('script'), s=d.getElementsByTagName('script')[0];\n    g.type='text\/javascript'; g.async=true; g.defer=true; g.src=u+'matomo.js'; s.parentNode.insertBefore(g,s);\n  })();\n<\/script><br \/>\n<!-- End Matomo Code --><\/p>\n","protected":false},"excerpt":{"rendered":"<p>Ohne den Podcast Future Histories von Jan Groos w\u00e4re ich an diesem Buch vorbeigegangen: Anpassung. Leitmotiv der n\u00e4chsten Gesellschaft von Philipp Staab &#8211; ein leicht verst\u00f6rend und damit provokanter Titel. Gemeint ist eine Gesellschaft, die sich vom Leitmotiv der Selbstentfaltung zu dem des Selbsterhalts &#8211; kollektiv und individuell &#8211; bewegt. Nicht Steuerung und Gestaltung von\u00a0 &hellip; <\/p>\n<p class=\"link-more\"><a href=\"https:\/\/www.klaus-janowitz.de\/wordpress\/anpassung-vs-fortschritt\/\" class=\"more-link\"><span class=\"screen-reader-text\">\u201eAnpassung vs Fortschritt (Rezension zu: Anpassung. Leitmotiv der n\u00e4chsten Gesellschaft)\u201c <\/span>weiterlesen<\/a><\/p>\n","protected":false},"author":1,"featured_media":0,"comment_status":"open","ping_status":"open","sticky":false,"template":"","format":"standard","meta":{"jetpack_post_was_ever_published":false,"_jetpack_newsletter_access":"","_jetpack_dont_email_post_to_subs":false,"_jetpack_newsletter_tier_id":0,"_jetpack_memberships_contains_paywalled_content":false,"_jetpack_memberships_contains_paid_content":false,"activitypub_content_warning":"","activitypub_content_visibility":"","activitypub_max_image_attachments":4,"activitypub_interaction_policy_quote":"","activitypub_status":"","footnotes":"","jetpack_publicize_message":"","jetpack_publicize_feature_enabled":true,"jetpack_social_post_already_shared":true,"jetpack_social_options":{"image_generator_settings":{"template":"highway","default_image_id":0,"font":"","enabled":false},"version":2}},"categories":[1,145,15,67],"tags":[158,117,159,157,60,61,106],"class_list":["post-74265","post","type-post","status-publish","format-standard","hentry","category-allgemein","category-corona","category-feuilleton","category-rezensionen","tag-anpassung","tag-digitale-zivilisation","tag-fortschritt","tag-krisen","tag-review","tag-rezension","tag-zukunft"],"yoast_head":"<!-- This site is optimized with the Yoast SEO plugin v27.5 - https:\/\/yoast.com\/product\/yoast-seo-wordpress\/ -->\n<title>Anpassung vs Fortschritt (Rezension zu: Anpassung. Leitmotiv der n\u00e4chsten Gesellschaft) - Netnographie &amp; Digitaler Wandel<\/title>\n<meta name=\"description\" content=\"Anpassung statt Fortschritt? Rezension zu Philipp Staab: Anpassung. Leitmotiv der n\u00e4chsten Gesellschaft\" \/>\n<meta name=\"robots\" content=\"index, follow, max-snippet:-1, max-image-preview:large, max-video-preview:-1\" \/>\n<link rel=\"canonical\" href=\"https:\/\/www.klaus-janowitz.de\/wordpress\/anpassung-vs-fortschritt\/\" \/>\n<meta property=\"og:locale\" content=\"de_DE\" \/>\n<meta property=\"og:type\" content=\"article\" \/>\n<meta property=\"og:title\" content=\"Anpassung vs Fortschritt (Rezension zu: Anpassung. Leitmotiv der n\u00e4chsten Gesellschaft) - Netnographie &amp; Digitaler Wandel\" \/>\n<meta property=\"og:description\" content=\"Anpassung statt Fortschritt? Rezension zu Philipp Staab: Anpassung. Leitmotiv der n\u00e4chsten Gesellschaft\" \/>\n<meta property=\"og:url\" content=\"https:\/\/www.klaus-janowitz.de\/wordpress\/anpassung-vs-fortschritt\/\" \/>\n<meta property=\"og:site_name\" content=\"Netnographie &amp; Digitaler Wandel\" \/>\n<meta property=\"article:published_time\" content=\"2022-11-22T12:34:05+00:00\" \/>\n<meta property=\"article:modified_time\" content=\"2024-06-16T07:35:25+00:00\" \/>\n<meta property=\"og:image\" content=\"https:\/\/www.klaus-janowitz.de\/wordpress\/wp-content\/uploads\/2022\/10\/Anpassung_Staab-182x300.jpg\" \/>\n<meta name=\"author\" content=\"KlausMJan\" \/>\n<meta name=\"twitter:card\" content=\"summary_large_image\" \/>\n<meta name=\"twitter:label1\" content=\"Verfasst von\" \/>\n\t<meta name=\"twitter:data1\" content=\"KlausMJan\" \/>\n\t<meta name=\"twitter:label2\" content=\"Gesch\u00e4tzte Lesezeit\" \/>\n\t<meta name=\"twitter:data2\" content=\"7\u00a0Minuten\" \/>\n<script type=\"application\/ld+json\" class=\"yoast-schema-graph\">{\"@context\":\"https:\\\/\\\/schema.org\",\"@graph\":[{\"@type\":\"Article\",\"@id\":\"https:\\\/\\\/www.klaus-janowitz.de\\\/wordpress\\\/anpassung-vs-fortschritt\\\/#article\",\"isPartOf\":{\"@id\":\"https:\\\/\\\/www.klaus-janowitz.de\\\/wordpress\\\/anpassung-vs-fortschritt\\\/\"},\"author\":{\"name\":\"KlausMJan\",\"@id\":\"https:\\\/\\\/www.klaus-janowitz.de\\\/wordpress\\\/#\\\/schema\\\/person\\\/010eda704157cb8ce4370bfd0376c858\"},\"headline\":\"Anpassung vs Fortschritt (Rezension zu: Anpassung. Leitmotiv der n\u00e4chsten Gesellschaft)\",\"datePublished\":\"2022-11-22T12:34:05+00:00\",\"dateModified\":\"2024-06-16T07:35:25+00:00\",\"mainEntityOfPage\":{\"@id\":\"https:\\\/\\\/www.klaus-janowitz.de\\\/wordpress\\\/anpassung-vs-fortschritt\\\/\"},\"wordCount\":1230,\"commentCount\":0,\"image\":{\"@id\":\"https:\\\/\\\/www.klaus-janowitz.de\\\/wordpress\\\/anpassung-vs-fortschritt\\\/#primaryimage\"},\"thumbnailUrl\":\"https:\\\/\\\/www.klaus-janowitz.de\\\/wordpress\\\/wp-content\\\/uploads\\\/2022\\\/10\\\/Anpassung_Staab-182x300.jpg\",\"keywords\":[\"Anpassung\",\"Digitale Zivilisation\",\"Fortschritt\",\"Krisen\",\"Review\",\"Rezension\",\"Zukunft\"],\"articleSection\":{\"1\":\"Corona\",\"2\":\"Feuilleton\",\"3\":\"Rezensionen\"},\"inLanguage\":\"de\",\"potentialAction\":[{\"@type\":\"CommentAction\",\"name\":\"Comment\",\"target\":[\"https:\\\/\\\/www.klaus-janowitz.de\\\/wordpress\\\/anpassung-vs-fortschritt\\\/#respond\"]}]},{\"@type\":\"WebPage\",\"@id\":\"https:\\\/\\\/www.klaus-janowitz.de\\\/wordpress\\\/anpassung-vs-fortschritt\\\/\",\"url\":\"https:\\\/\\\/www.klaus-janowitz.de\\\/wordpress\\\/anpassung-vs-fortschritt\\\/\",\"name\":\"Anpassung vs Fortschritt (Rezension zu: Anpassung. Leitmotiv der n\u00e4chsten Gesellschaft) - Netnographie &amp; Digitaler Wandel\",\"isPartOf\":{\"@id\":\"https:\\\/\\\/www.klaus-janowitz.de\\\/wordpress\\\/#website\"},\"primaryImageOfPage\":{\"@id\":\"https:\\\/\\\/www.klaus-janowitz.de\\\/wordpress\\\/anpassung-vs-fortschritt\\\/#primaryimage\"},\"image\":{\"@id\":\"https:\\\/\\\/www.klaus-janowitz.de\\\/wordpress\\\/anpassung-vs-fortschritt\\\/#primaryimage\"},\"thumbnailUrl\":\"https:\\\/\\\/www.klaus-janowitz.de\\\/wordpress\\\/wp-content\\\/uploads\\\/2022\\\/10\\\/Anpassung_Staab-182x300.jpg\",\"datePublished\":\"2022-11-22T12:34:05+00:00\",\"dateModified\":\"2024-06-16T07:35:25+00:00\",\"author\":{\"@id\":\"https:\\\/\\\/www.klaus-janowitz.de\\\/wordpress\\\/#\\\/schema\\\/person\\\/010eda704157cb8ce4370bfd0376c858\"},\"description\":\"Anpassung statt Fortschritt? Rezension zu Philipp Staab: Anpassung. Leitmotiv der n\u00e4chsten Gesellschaft\",\"breadcrumb\":{\"@id\":\"https:\\\/\\\/www.klaus-janowitz.de\\\/wordpress\\\/anpassung-vs-fortschritt\\\/#breadcrumb\"},\"inLanguage\":\"de\",\"potentialAction\":[{\"@type\":\"ReadAction\",\"target\":[\"https:\\\/\\\/www.klaus-janowitz.de\\\/wordpress\\\/anpassung-vs-fortschritt\\\/\"]}]},{\"@type\":\"ImageObject\",\"inLanguage\":\"de\",\"@id\":\"https:\\\/\\\/www.klaus-janowitz.de\\\/wordpress\\\/anpassung-vs-fortschritt\\\/#primaryimage\",\"url\":\"https:\\\/\\\/i0.wp.com\\\/www.klaus-janowitz.de\\\/wordpress\\\/wp-content\\\/uploads\\\/2022\\\/10\\\/Anpassung_Staab.jpg?fit=531%2C874&ssl=1\",\"contentUrl\":\"https:\\\/\\\/i0.wp.com\\\/www.klaus-janowitz.de\\\/wordpress\\\/wp-content\\\/uploads\\\/2022\\\/10\\\/Anpassung_Staab.jpg?fit=531%2C874&ssl=1\",\"width\":531,\"height\":874},{\"@type\":\"BreadcrumbList\",\"@id\":\"https:\\\/\\\/www.klaus-janowitz.de\\\/wordpress\\\/anpassung-vs-fortschritt\\\/#breadcrumb\",\"itemListElement\":[{\"@type\":\"ListItem\",\"position\":1,\"name\":\"Startseite\",\"item\":\"https:\\\/\\\/www.klaus-janowitz.de\\\/wordpress\\\/\"},{\"@type\":\"ListItem\",\"position\":2,\"name\":\"Anpassung vs Fortschritt (Rezension zu: Anpassung. Leitmotiv der n\u00e4chsten Gesellschaft)\"}]},{\"@type\":\"WebSite\",\"@id\":\"https:\\\/\\\/www.klaus-janowitz.de\\\/wordpress\\\/#website\",\"url\":\"https:\\\/\\\/www.klaus-janowitz.de\\\/wordpress\\\/\",\"name\":\"Netnographie &amp; Digitaler Wandel\",\"description\":\"Blog rund um die Themen Netnographie, Online-Kultur und Digitalen Wandel\",\"potentialAction\":[{\"@type\":\"SearchAction\",\"target\":{\"@type\":\"EntryPoint\",\"urlTemplate\":\"https:\\\/\\\/www.klaus-janowitz.de\\\/wordpress\\\/?s={search_term_string}\"},\"query-input\":{\"@type\":\"PropertyValueSpecification\",\"valueRequired\":true,\"valueName\":\"search_term_string\"}}],\"inLanguage\":\"de\"},{\"@type\":\"Person\",\"@id\":\"https:\\\/\\\/www.klaus-janowitz.de\\\/wordpress\\\/#\\\/schema\\\/person\\\/010eda704157cb8ce4370bfd0376c858\",\"name\":\"KlausMJan\",\"image\":{\"@type\":\"ImageObject\",\"inLanguage\":\"de\",\"@id\":\"https:\\\/\\\/secure.gravatar.com\\\/avatar\\\/94d3059bf264a4da1fe44d92721e645980d64122c3365532a3b1517b78db5093?s=96&r=g\",\"url\":\"https:\\\/\\\/secure.gravatar.com\\\/avatar\\\/94d3059bf264a4da1fe44d92721e645980d64122c3365532a3b1517b78db5093?s=96&r=g\",\"contentUrl\":\"https:\\\/\\\/secure.gravatar.com\\\/avatar\\\/94d3059bf264a4da1fe44d92721e645980d64122c3365532a3b1517b78db5093?s=96&r=g\",\"caption\":\"KlausMJan\"},\"sameAs\":[\"http:\\\/\\\/www.netnographie.eu\\\/wordpress\"],\"url\":\"https:\\\/\\\/www.klaus-janowitz.de\\\/wordpress\\\/author\\\/klausmjan\\\/\"}]}<\/script>\n<!-- \/ Yoast SEO plugin. -->","yoast_head_json":{"title":"Anpassung vs Fortschritt (Rezension zu: Anpassung. Leitmotiv der n\u00e4chsten Gesellschaft) - Netnographie &amp; Digitaler Wandel","description":"Anpassung statt Fortschritt? Rezension zu Philipp Staab: Anpassung. Leitmotiv der n\u00e4chsten Gesellschaft","robots":{"index":"index","follow":"follow","max-snippet":"max-snippet:-1","max-image-preview":"max-image-preview:large","max-video-preview":"max-video-preview:-1"},"canonical":"https:\/\/www.klaus-janowitz.de\/wordpress\/anpassung-vs-fortschritt\/","og_locale":"de_DE","og_type":"article","og_title":"Anpassung vs Fortschritt (Rezension zu: Anpassung. Leitmotiv der n\u00e4chsten Gesellschaft) - Netnographie &amp; Digitaler Wandel","og_description":"Anpassung statt Fortschritt? Rezension zu Philipp Staab: Anpassung. Leitmotiv der n\u00e4chsten Gesellschaft","og_url":"https:\/\/www.klaus-janowitz.de\/wordpress\/anpassung-vs-fortschritt\/","og_site_name":"Netnographie &amp; Digitaler Wandel","article_published_time":"2022-11-22T12:34:05+00:00","article_modified_time":"2024-06-16T07:35:25+00:00","og_image":[{"url":"https:\/\/www.klaus-janowitz.de\/wordpress\/wp-content\/uploads\/2022\/10\/Anpassung_Staab-182x300.jpg","type":"","width":"","height":""}],"author":"KlausMJan","twitter_card":"summary_large_image","twitter_misc":{"Verfasst von":"KlausMJan","Gesch\u00e4tzte Lesezeit":"7\u00a0Minuten"},"schema":{"@context":"https:\/\/schema.org","@graph":[{"@type":"Article","@id":"https:\/\/www.klaus-janowitz.de\/wordpress\/anpassung-vs-fortschritt\/#article","isPartOf":{"@id":"https:\/\/www.klaus-janowitz.de\/wordpress\/anpassung-vs-fortschritt\/"},"author":{"name":"KlausMJan","@id":"https:\/\/www.klaus-janowitz.de\/wordpress\/#\/schema\/person\/010eda704157cb8ce4370bfd0376c858"},"headline":"Anpassung vs Fortschritt (Rezension zu: Anpassung. Leitmotiv der n\u00e4chsten Gesellschaft)","datePublished":"2022-11-22T12:34:05+00:00","dateModified":"2024-06-16T07:35:25+00:00","mainEntityOfPage":{"@id":"https:\/\/www.klaus-janowitz.de\/wordpress\/anpassung-vs-fortschritt\/"},"wordCount":1230,"commentCount":0,"image":{"@id":"https:\/\/www.klaus-janowitz.de\/wordpress\/anpassung-vs-fortschritt\/#primaryimage"},"thumbnailUrl":"https:\/\/www.klaus-janowitz.de\/wordpress\/wp-content\/uploads\/2022\/10\/Anpassung_Staab-182x300.jpg","keywords":["Anpassung","Digitale Zivilisation","Fortschritt","Krisen","Review","Rezension","Zukunft"],"articleSection":{"1":"Corona","2":"Feuilleton","3":"Rezensionen"},"inLanguage":"de","potentialAction":[{"@type":"CommentAction","name":"Comment","target":["https:\/\/www.klaus-janowitz.de\/wordpress\/anpassung-vs-fortschritt\/#respond"]}]},{"@type":"WebPage","@id":"https:\/\/www.klaus-janowitz.de\/wordpress\/anpassung-vs-fortschritt\/","url":"https:\/\/www.klaus-janowitz.de\/wordpress\/anpassung-vs-fortschritt\/","name":"Anpassung vs Fortschritt (Rezension zu: Anpassung. Leitmotiv der n\u00e4chsten Gesellschaft) - Netnographie &amp; Digitaler Wandel","isPartOf":{"@id":"https:\/\/www.klaus-janowitz.de\/wordpress\/#website"},"primaryImageOfPage":{"@id":"https:\/\/www.klaus-janowitz.de\/wordpress\/anpassung-vs-fortschritt\/#primaryimage"},"image":{"@id":"https:\/\/www.klaus-janowitz.de\/wordpress\/anpassung-vs-fortschritt\/#primaryimage"},"thumbnailUrl":"https:\/\/www.klaus-janowitz.de\/wordpress\/wp-content\/uploads\/2022\/10\/Anpassung_Staab-182x300.jpg","datePublished":"2022-11-22T12:34:05+00:00","dateModified":"2024-06-16T07:35:25+00:00","author":{"@id":"https:\/\/www.klaus-janowitz.de\/wordpress\/#\/schema\/person\/010eda704157cb8ce4370bfd0376c858"},"description":"Anpassung statt Fortschritt? Rezension zu Philipp Staab: Anpassung. Leitmotiv der n\u00e4chsten Gesellschaft","breadcrumb":{"@id":"https:\/\/www.klaus-janowitz.de\/wordpress\/anpassung-vs-fortschritt\/#breadcrumb"},"inLanguage":"de","potentialAction":[{"@type":"ReadAction","target":["https:\/\/www.klaus-janowitz.de\/wordpress\/anpassung-vs-fortschritt\/"]}]},{"@type":"ImageObject","inLanguage":"de","@id":"https:\/\/www.klaus-janowitz.de\/wordpress\/anpassung-vs-fortschritt\/#primaryimage","url":"https:\/\/i0.wp.com\/www.klaus-janowitz.de\/wordpress\/wp-content\/uploads\/2022\/10\/Anpassung_Staab.jpg?fit=531%2C874&ssl=1","contentUrl":"https:\/\/i0.wp.com\/www.klaus-janowitz.de\/wordpress\/wp-content\/uploads\/2022\/10\/Anpassung_Staab.jpg?fit=531%2C874&ssl=1","width":531,"height":874},{"@type":"BreadcrumbList","@id":"https:\/\/www.klaus-janowitz.de\/wordpress\/anpassung-vs-fortschritt\/#breadcrumb","itemListElement":[{"@type":"ListItem","position":1,"name":"Startseite","item":"https:\/\/www.klaus-janowitz.de\/wordpress\/"},{"@type":"ListItem","position":2,"name":"Anpassung vs Fortschritt (Rezension zu: Anpassung. Leitmotiv der n\u00e4chsten Gesellschaft)"}]},{"@type":"WebSite","@id":"https:\/\/www.klaus-janowitz.de\/wordpress\/#website","url":"https:\/\/www.klaus-janowitz.de\/wordpress\/","name":"Netnographie &amp; Digitaler Wandel","description":"Blog rund um die Themen Netnographie, Online-Kultur und Digitalen Wandel","potentialAction":[{"@type":"SearchAction","target":{"@type":"EntryPoint","urlTemplate":"https:\/\/www.klaus-janowitz.de\/wordpress\/?s={search_term_string}"},"query-input":{"@type":"PropertyValueSpecification","valueRequired":true,"valueName":"search_term_string"}}],"inLanguage":"de"},{"@type":"Person","@id":"https:\/\/www.klaus-janowitz.de\/wordpress\/#\/schema\/person\/010eda704157cb8ce4370bfd0376c858","name":"KlausMJan","image":{"@type":"ImageObject","inLanguage":"de","@id":"https:\/\/secure.gravatar.com\/avatar\/94d3059bf264a4da1fe44d92721e645980d64122c3365532a3b1517b78db5093?s=96&r=g","url":"https:\/\/secure.gravatar.com\/avatar\/94d3059bf264a4da1fe44d92721e645980d64122c3365532a3b1517b78db5093?s=96&r=g","contentUrl":"https:\/\/secure.gravatar.com\/avatar\/94d3059bf264a4da1fe44d92721e645980d64122c3365532a3b1517b78db5093?s=96&r=g","caption":"KlausMJan"},"sameAs":["http:\/\/www.netnographie.eu\/wordpress"],"url":"https:\/\/www.klaus-janowitz.de\/wordpress\/author\/klausmjan\/"}]}},"jetpack_publicize_connections":[],"jetpack_featured_media_url":"","jetpack_sharing_enabled":true,"jetpack_shortlink":"https:\/\/wp.me\/p15Wn2-jjP","jetpack_likes_enabled":false,"jetpack-related-posts":[{"id":75318,"url":"https:\/\/www.klaus-janowitz.de\/wordpress\/kontinuitaeten-der-moderne-welche-moderne\/","url_meta":{"origin":74265,"position":0},"title":"Kontinuit\u00e4ten der Moderne &#8211; Welche Moderne?","author":"KlausMJan","date":"6. Dezember 2022","format":false,"excerpt":"Im allgemeinen Sprachgebrauch ist es einfach: Modern ist das, was aktueller Mode und Lebensweise entspricht. Was gestern modern war, ist es heute nicht mehr, kann evtl. als Retro zur\u00fcckkehren. In den Sozialwissenschaften \u00f6ffnet der Begriff Moderne hingegen\u00a0 grossfl\u00e4chige Debatten. Mehrfach f\u00fcr beendet erkl\u00e4rt, kehrt die Moderne immer wieder mit neuen\u2026","rel":"","context":"In &quot;Allgemein&quot;","block_context":{"text":"Allgemein","link":"https:\/\/www.klaus-janowitz.de\/wordpress\/category\/allgemein\/"},"img":{"alt_text":"","src":"https:\/\/i0.wp.com\/www.klaus-janowitz.de\/wordpress\/wp-content\/uploads\/2022\/12\/Richtung-e1670087987745-300x225.jpg?resize=350%2C200&ssl=1","width":350,"height":200},"classes":[]},{"id":75364,"url":"https:\/\/www.klaus-janowitz.de\/wordpress\/2022-ein-jahr-was-geht-voran\/","url_meta":{"origin":74265,"position":1},"title":"2023 &#8211; Was geht voran?","author":"KlausMJan","date":"31. Dezember 2022","format":false,"excerpt":"\u00bbZeitenwende\u00ab\u00a0 wurde zum Wort des Jahres 2022 - das Kanzlerwort bezog sich auf den russischen Angriffskrieg auf die Ukraine, den Bruch der bestehenden Friedensordnung. Im weiteren auf dessen Folgen und Konsequenzen: Energiekrise und Inflation, aber auch eine Neuausrichtung der deutschen Wirtschafts- und Energiepolitik. In den Vorjahren hatte Corona fast alles\u2026","rel":"","context":"In &quot;Allgemein&quot;","block_context":{"text":"Allgemein","link":"https:\/\/www.klaus-janowitz.de\/wordpress\/category\/allgemein\/"},"img":{"alt_text":"","src":"https:\/\/i0.wp.com\/www.klaus-janowitz.de\/wordpress\/wp-content\/uploads\/2021\/05\/SocialGraph-300x250.jpg?resize=350%2C200&ssl=1","width":350,"height":200},"classes":[]},{"id":84698,"url":"https:\/\/www.klaus-janowitz.de\/wordpress\/gruenes-wachstum-ein-neues-sozio-oekonomisches-regime\/","url_meta":{"origin":74265,"position":2},"title":"Gr\u00fcnes Wachstum &#8211; ein neues sozio- \u00f6konomisches Regime?","author":"KlausMJan","date":"14. Mai 2024","format":false,"excerpt":"Verkaufte Zukunft von Jens Beckert hat einige Diskussionen aufgeworfen\u00a0 - das Buch selber, in kleinem Kreise auch meine Rezension. Fasst man Verkaufte Zukunft kurz zusammen, geht\u00a0 es um einen pessimistischen Realismus, der mit dem Glauben daran\u00a0 aufr\u00e4umt, dass die Eind\u00e4mmung der Klimakrise entlang der auf Konferenzen beschlossenen Klimaziele verl\u00e4uft. Die\u2026","rel":"","context":"In &quot;Allgemein&quot;","block_context":{"text":"Allgemein","link":"https:\/\/www.klaus-janowitz.de\/wordpress\/category\/allgemein\/"},"img":{"alt_text":"","src":"https:\/\/i0.wp.com\/www.klaus-janowitz.de\/wordpress\/wp-content\/uploads\/2024\/05\/Gruenes-Wachstum-300x300.jpg?resize=350%2C200&ssl=1","width":350,"height":200},"classes":[]},{"id":88400,"url":"https:\/\/www.klaus-janowitz.de\/wordpress\/technogenese-als-perspektive-interdependenz-statt-kausalitaet\/","url_meta":{"origin":74265,"position":3},"title":"Technogenese als Perspektive \u2013 Interdependenz statt Kausalit\u00e4t","author":"KlausMJan","date":"22. April 2026","format":false,"excerpt":"In\u00a0 vorhergehenden Beitr\u00e4gen hatte ich den Begriff Technogenese propagiert. Gemeint ist die ko-evolution\u00e4re Verbindung von technischer und gesellschaftlicher Entwicklung. Die digitale Gegenwart ist gepr\u00e4gt von technischen Innovationen, deren gesellschaftliche Tragweite wir oft kaum verstehen. Neue Techniken l\u00f6sen immer wieder Hypes aus und stossen Ver\u00e4nderungsdynamiken an. Plattformen strukturieren Arbeit, Kommunikation und\u2026","rel":"","context":"In &quot;Allgemein&quot;","block_context":{"text":"Allgemein","link":"https:\/\/www.klaus-janowitz.de\/wordpress\/category\/allgemein\/"},"img":{"alt_text":"","src":"https:\/\/i0.wp.com\/www.klaus-janowitz.de\/wordpress\/wp-content\/uploads\/2025\/09\/alex-shuper-3Ft0a5sK2dk-unsplash-300x200.jpg?resize=350%2C200&ssl=1","width":350,"height":200},"classes":[]},{"id":87160,"url":"https:\/\/www.klaus-janowitz.de\/wordpress\/stille-umbrueche-was-ki-wirklich-veraendert\/","url_meta":{"origin":74265,"position":4},"title":"Stille Umbr\u00fcche\u00a0 &#8211; Was KI wirklich ver\u00e4ndert. R\u00fcckblick auf das Autorengespr\u00e4ch mit Frank Witt","author":"KlausMJan","date":"31. August 2025","format":false,"excerpt":"Am letzten Donnerstag (28.08) hatten wir in den K\u00f6lner Startplatz eingeladen: Stille Umbr\u00fcche\u00a0 - Was KI wirklich ver\u00e4ndert, eine Diskussion\u00a0 mit dem Autor Frank Witt. Sein Buch\u00a0 K\u00fcnstliche Intelligenz: Transformation und Krisen in Wirtschaft und Gesellschaft war im Fr\u00fchjahr diesen Jahres erschienen. Zu diesem Buch gab es auch in diesem\u2026","rel":"","context":"In &quot;Allgemein&quot;","block_context":{"text":"Allgemein","link":"https:\/\/www.klaus-janowitz.de\/wordpress\/category\/allgemein\/"},"img":{"alt_text":"","src":"https:\/\/i0.wp.com\/www.klaus-janowitz.de\/wordpress\/wp-content\/uploads\/2025\/08\/Startplatz-249x300.jpg?resize=350%2C200&ssl=1","width":350,"height":200},"classes":[]},{"id":68270,"url":"https:\/\/www.klaus-janowitz.de\/wordpress\/krisen-und-der-zukunftsdiskurs-corona-klima\/","url_meta":{"origin":74265,"position":5},"title":"Krisen und der Zukunftsdiskurs &#8211; #Corona #Klima","author":"KlausMJan","date":"28. Oktober 2021","format":false,"excerpt":"Ob Corona im Herbst 2021\u00a0 ausgestanden ist, l\u00e4sst sich noch nicht abschliessend sagen. Manches spricht daf\u00fcr und mit der Impfkampagne\u00a0 sind die sp\u00fcrbarsten Einschr\u00e4nkungen aus dem Alltag verschwunden. Gesellschaftliche Folgen bzw. Auswirkungen lassen sich aber resumieren, zumindest\u00a0 einsch\u00e4tzen - nach gut anderthalb Jahren ist die Zeit dazu, Schl\u00fcsse zu ziehen.\u2026","rel":"","context":"In &quot;Allgemein&quot;","block_context":{"text":"Allgemein","link":"https:\/\/www.klaus-janowitz.de\/wordpress\/category\/allgemein\/"},"img":{"alt_text":"","src":"https:\/\/i0.wp.com\/www.klaus-janowitz.de\/wordpress\/wp-content\/uploads\/2021\/10\/masken_corona-300x200.jpg?resize=350%2C200&ssl=1","width":350,"height":200},"classes":[]}],"_links":{"self":[{"href":"https:\/\/www.klaus-janowitz.de\/wordpress\/wp-json\/wp\/v2\/posts\/74265","targetHints":{"allow":["GET"]}}],"collection":[{"href":"https:\/\/www.klaus-janowitz.de\/wordpress\/wp-json\/wp\/v2\/posts"}],"about":[{"href":"https:\/\/www.klaus-janowitz.de\/wordpress\/wp-json\/wp\/v2\/types\/post"}],"author":[{"embeddable":true,"href":"https:\/\/www.klaus-janowitz.de\/wordpress\/wp-json\/wp\/v2\/users\/1"}],"replies":[{"embeddable":true,"href":"https:\/\/www.klaus-janowitz.de\/wordpress\/wp-json\/wp\/v2\/comments?post=74265"}],"version-history":[{"count":106,"href":"https:\/\/www.klaus-janowitz.de\/wordpress\/wp-json\/wp\/v2\/posts\/74265\/revisions"}],"predecessor-version":[{"id":84939,"href":"https:\/\/www.klaus-janowitz.de\/wordpress\/wp-json\/wp\/v2\/posts\/74265\/revisions\/84939"}],"wp:attachment":[{"href":"https:\/\/www.klaus-janowitz.de\/wordpress\/wp-json\/wp\/v2\/media?parent=74265"}],"wp:term":[{"taxonomy":"category","embeddable":true,"href":"https:\/\/www.klaus-janowitz.de\/wordpress\/wp-json\/wp\/v2\/categories?post=74265"},{"taxonomy":"post_tag","embeddable":true,"href":"https:\/\/www.klaus-janowitz.de\/wordpress\/wp-json\/wp\/v2\/tags?post=74265"}],"curies":[{"name":"wp","href":"https:\/\/api.w.org\/{rel}","templated":true}]}}