{"id":67768,"date":"2021-09-15T22:27:32","date_gmt":"2021-09-15T20:27:32","guid":{"rendered":"https:\/\/www.klaus-janowitz.de\/wordpress\/?p=67768"},"modified":"2026-01-05T15:25:44","modified_gmt":"2026-01-05T14:25:44","slug":"die-neuerfindung-des-unternehmertums-rez","status":"publish","type":"post","link":"https:\/\/www.klaus-janowitz.de\/wordpress\/die-neuerfindung-des-unternehmertums-rez\/","title":{"rendered":"Die Neuerfindung des Unternehmertums (Rez.)"},"content":{"rendered":"<p style=\"text-align: justify;\"><a href=\"https:\/\/i0.wp.com\/www.klaus-janowitz.de\/wordpress\/wp-content\/uploads\/2021\/08\/Pfriem_Unternehmertum.jpg?ssl=1\"><img data-recalc-dims=\"1\" fetchpriority=\"high\" decoding=\"async\" class=\"alignright wp-image-67771\" src=\"https:\/\/i0.wp.com\/www.klaus-janowitz.de\/wordpress\/wp-content\/uploads\/2021\/08\/Pfriem_Unternehmertum.jpg?resize=233%2C395&#038;ssl=1\" alt=\"\" width=\"233\" height=\"395\" srcset=\"https:\/\/i0.wp.com\/www.klaus-janowitz.de\/wordpress\/wp-content\/uploads\/2021\/08\/Pfriem_Unternehmertum.jpg?resize=177%2C300&amp;ssl=1 177w, https:\/\/i0.wp.com\/www.klaus-janowitz.de\/wordpress\/wp-content\/uploads\/2021\/08\/Pfriem_Unternehmertum.jpg?resize=604%2C1024&amp;ssl=1 604w, https:\/\/i0.wp.com\/www.klaus-janowitz.de\/wordpress\/wp-content\/uploads\/2021\/08\/Pfriem_Unternehmertum.jpg?resize=768%2C1302&amp;ssl=1 768w, https:\/\/i0.wp.com\/www.klaus-janowitz.de\/wordpress\/wp-content\/uploads\/2021\/08\/Pfriem_Unternehmertum.jpg?resize=906%2C1536&amp;ssl=1 906w, https:\/\/i0.wp.com\/www.klaus-janowitz.de\/wordpress\/wp-content\/uploads\/2021\/08\/Pfriem_Unternehmertum.jpg?w=978&amp;ssl=1 978w\" sizes=\"(max-width: 233px) 100vw, 233px\" \/><\/a><em>Die Neuerfindung des Unternehmertums\u00a0 &#8211; Solidarische \u00d6konomie, radikale Demokratie und kulturelle Evolution <\/em>(2021) Themen, die in den Zukunftsdiskussionen eine zentrale Rolle spielen <em>&#8211; <\/em>der lange Titel ist bereits eine kurze Inhaltsangabe. Auf das Buch\u00a0 wurde ich durch einen <a href=\"https:\/\/www.youtube.com\/watch?v=dkc6DJpXrrI&amp;t=6s\" target=\"_blank\" rel=\"noopener\">Livetalk<\/a> aufmerksam &#8211; und es ist das erste aus den Wirtschaftswissenschaften, das ich hier bespreche.<br \/>\n<strong>Reinhard Pfriem<\/strong>, emeritierter Prof. der Wirtschaftswissenschaften an der Universit\u00e4t Oldenburg,\u00a0\u00a0 Mitbegr\u00fcnder (1985) des <a href=\"https:\/\/www.ioew.de\/\" target=\"_blank\" rel=\"noopener\">Instituts f\u00fcr \u00f6kologische Wirtschaftsforschung<\/a>,\u00a0 ist seit langem mit dem Themenfeld befasst &#8211; das Buch ist sein <em>Opus Magnus<\/em> und l\u00e4sst sich durchaus als Zusammenfassung seines Lebenswerkes lesen. Es\u00a0 geht um die zukunftsf\u00e4hige Neuverbindung von \u00d6konomie und Politik, um unternehmerische Verantwortung f\u00fcr nachhaltige Entwicklung. Gleich zu Beginn kn\u00fcpft Pfriem an die <em>Great Transformation<\/em> von <a href=\"https:\/\/www.klaus-janowitz.de\/wordpress\/8712-2\/\" target=\"_blank\" rel=\"noopener\">Karl Polanyi<\/a> (21) an &#8211; und setzt damit\u00a0 einen Rahmen. <em>Great Transformation<\/em> bedeutete letztlich Industrialisierung, Marktwirtschaft und grenzenlose Wachstums\u00f6konomie als gesellschaftliche Organisationsprinzipien. Vor dem Hintergrund <em>\u00f6kologischer Risiken und Katastrophen<\/em>, sozialer Verwerfungen und \u00f6konomischer Krisen stellt sich die Frage nach einer lebenswerten Zukunft,\u00a0 einem guten Leben f\u00fcr alle, neu.<br \/>\nPfriem geht es um eine Transformation vergleichbaren\u00a0 Ausmasses, bei der ausgerechnet Unternehmen als wichtigste <span class=\"d2edcug0 hpfvmrgz qv66sw1b c1et5uql oi732d6d ik7dh3pa ht8s03o8 a8c37x1j keod5gw0 nxhoafnm aigsh9s9 d3f4x2em fe6kdd0r mau55g9w c8b282yb iv3no6db jq4qci2q a3bd9o3v b1v8xokw oo9gr5id\" dir=\"auto\">Organisationsk\u00f6rper moderner kapitalistischer Gesellschaften (21)<\/span> eine besondere Rolle zukommt. Vom Unternehmertum gibt es ganz unterschiedliche Vorstellungen, klassisch ist die des mittelst\u00e4ndischen Eigent\u00fcmers, neuerdings auch die der oft wie Popstars gefeierten <em>Entrepreneure. Pfriem <\/em>h\u00e4lt sich wenig mit diesen Ausformungen auf, er fasst zehn <em>Merkmale und Wissensdimensionen transformativer Unternehmen\u00a0<\/em> (281 ff) zusamme<em>n.<br \/>\n<\/em>\u00dcbergreifendes Postulat ist <em><em>Enabling, <\/em><\/em>das <em><em>M\u00f6glichmachen &#8211;<\/em><\/em> die <em><em>Gestaltung von Gesellschaft durch unternehmerisches Handeln.\u00a0 <\/em><\/em>Bereits vor einigen Jahren hatte Pfriem den Begriff der <em><em>\u00d6konomik als M\u00f6glichkeitswissenschaft <\/em><\/em>in die Welt gesetzt. In diesem Kontext sind <em>Transformative Unternehmen<\/em> Akteure des Wandels, einer Systemwende zu gemeinschaftsorientierten Formen des Wirtschaftens. \u00a0 Das Teilsystem Wirtschaft ist dominant. Eine derart von \u00f6konomischen Kalk\u00fclen bestimmte Gesellschaft ist nur transformierbar, wenn die \u00d6konomie transformiert wird.<br \/>\nDie einzelnen Themenfelder werden in 15 \u00fcbersichtlich angelegten Kapiteln behandelt. Es geht um transformative Unternehmen, Nachhaltigkeit, solidarische \u00d6konomie, radikale Demokratie, bis zum Entwurf einer\u00a0 Neuausrichtung der Wirtschaftswissenshcaften und als Ziellinie die Bausteine einer zukunftsf\u00e4higen Politik (415 ff). Darunter finden sich so oft diskutierte Themen wie\u00a0 Mobilit\u00e4ts, &#8211; Energie-\u00a0 und Ern\u00e4hrungswende und ein Kurswechsel auf soziale Gerechtigkeit.<\/p>\n<p style=\"text-align: justify;\">Zentral ist die Kritik an den aktuellen Wirtschaftswissenschaften, an ihrer\u00a0 <em>Herausl\u00f6sung aus gesellschaftswissenschaftlichen Zusammenh\u00e4ngen,<\/em> insbesondere einer <em>Mathematisierung<\/em> der BWL. Pfriem bezeichnet die BWL<span id=\"page3R_mcid3\" class=\"markedContent\"><span dir=\"ltr\" role=\"presentation\">, immerhin sein eigenes Fach,<\/span><\/span>\u00a0 als<span id=\"page3R_mcid3\" class=\"markedContent\"><em><span dir=\"ltr\" role=\"presentation\"> implizite Rechtfertigungswissenschaft <\/span><\/em><span dir=\"ltr\" role=\"presentation\"><em>kapitalistischer Marktwirtschaften<\/em> (128<\/span><\/span><span id=\"page3R_mcid3\" class=\"markedContent\"><span dir=\"ltr\" role=\"presentation\">). <\/span><\/span>Gegenentwurf ist eine <em><strong>Transformative Wirtschaftswissenschaft<\/strong><\/em> (369 ff), die den bestehenden Mainstream der Wirtschaftswissenschaften, der auf <em>subjektunabh\u00e4ngige Objektivit\u00e4t, Identifikation von Gesetzm\u00e4ssigkeiten und Messbarkeit\/Quantifizierbarkeit zielt<\/em> (370; vgl. Pfriem 2000), abl\u00f6st, zumindest erg\u00e4nzt: Eine Handlungswissenschaft, die <em>Beitr\u00e4ge zur Bew\u00e4ltigung gesellschaftlicher Probleme leistet, <\/em><em>Zukunft f\u00fcr die Menschen zu einem erstrebenswerten Projekt macht<\/em>.\u00a0\u00a0<em>\u00a0<\/em><\/p>\n<p style=\"text-align: justify;\">Genau wie die zeitgen\u00f6ssische BWL steht\u00a0 auch die aktuelle Soziologie, der er eine <em>\u00d6konomievergessenheit<\/em> attestiert, in der Kritik. Im Kapitel <em>Gesellschaftstheoretische Sackgassen<\/em> werden soziologische Autoren der letzten Jahre, das waren v.a. Hartmut Rosa mit dem Konzept der Resonanz\u00a0 und Andreas Reckwitz mit der <a href=\"https:\/\/www.klaus-janowitz.de\/wordpress\/die-gesellschaft-der-singularitaeten-rez\/\" target=\"_blank\" rel=\"noopener\">Gesellschaft der Singularit\u00e4ten<\/a>, auf ihr Potential abgeklopft. Beide B\u00fccher hatte ich hier im Blog rezensiert (<a href=\"https:\/\/www.klaus-janowitz.de\/wordpress\/resonanz-eine-soziologie-der-weltbeziehung-rez\/\" target=\"_blank\" rel=\"noopener\">Rez. Rosa<\/a>; <a href=\"https:\/\/www.klaus-janowitz.de\/wordpress\/die-gesellschaft-der-singularitaeten-rez\/\" target=\"_blank\" rel=\"noopener\">Rez. Reckwitz<\/a>).\u00a0 So sinnvoll und eing\u00e4ngig das Konzept <a href=\"https:\/\/www.klaus-janowitz.de\/wordpress\/resonanz-eine-soziologie-der-weltbeziehung-rez\/\" target=\"_blank\" rel=\"noopener\"><em>Resonanz<\/em><\/a> grunds\u00e4tzlich erscheint, so wenig \u00fcberzeugt es als Grundlage einer Gesellschafttstheorie. <a href=\"https:\/\/www.klaus-janowitz.de\/wordpress\/die-gesellschaft-der-singularitaeten-rez\/\" target=\"_blank\" rel=\"noopener\">Reckwitz<\/a> stellt den im Konsum differenzierten <em>singularistischen<\/em> Lebensstil der Neuen Mittelschichten in den Vordergrund &#8211; Pfriem nennt es eine\u00a0 <em>Engf\u00fchrung<\/em> &#8211; und vernachl\u00e4ssigt gesellschaftliche Ungleichheiten.\u00a0 Allenfalls in <a href=\"https:\/\/www.klaus-janowitz.de\/wordpress\/das-ende-der-illusionen-politik-oekonomie-und-kultur-in-der-spaetmoderne-rezension\/\" target=\"_blank\" rel=\"noopener\">sp\u00e4ter ver\u00f6ffentlichten Aufs\u00e4tzen<\/a> relativiert er eine an Konsumstilen ausgerichtete gesellschaftliche Schichtung.\u00a0 Nebenbei: unter dem Titel <em><a href=\"https:\/\/www.klaus-janowitz.de\/wordpress\/soziologie-im-duett-reckwitz-rosa-spaetmoderne-in-der-krise-rez\/\" target=\"_blank\" rel=\"noopener\">Sp\u00e4tmoderne in der Krise: Was leistet die Gesellschaftstheorie<\/a>?<\/em> erscheint im Oktober ein von beiden Autoren gemeinsam verfasstes Buch, dazu hier dann mehr.<br \/>\nWeiteres Feld der Auseinandersetzung ist Ulrich Br\u00f6cklings <em>Das unternehmerische Selbst<\/em> (2007), dem er einen sehr einseitigen Blick auf das Unternehmertum &#8211; allein ausgerichtet auf Markterfolg &#8211; vorh\u00e4lt.\u00a0 <span id=\"productTitle\" class=\"a-size-extra-large\"><\/span><\/p>\n<p style=\"text-align: justify;\"><a href=\"https:\/\/www.klaus-janowitz.de\/wordpress\/8712-2\/\" target=\"_blank\" rel=\"noopener\">Polanyi<\/a> ist epochaler Bezugsrahmen,\u00a0 die Analysen von <em>Thomas Piketty<\/em> zu Ungleichheit und der Vertiefung der Spaltung zwischen arm und reich werden herangezogen. Auf <em>Schumpeter<\/em> geht der Blick auf die Rolle des Unternehmers incl. der Erkenntnis, dass <em>unternehmerischer Erfolg und gesellschaftliches Wohlergehen auseinander treten k\u00f6nnen,<\/em> zur\u00fcck. Mit deutlicher Sympathie\u00a0 verweist Pfriem auf Frithjof Bergmanns <em>Neue Arbeit, Neue Kultur<\/em>: die <em>wunderbare Formulierung &#8220;was sie wirklich, wirklich wollen<\/em>&#8221; (57). Etwas wundert mich, dass die in den letzten Jahren oft\u00a0 diskutierten Arbeiten von <em>Maja Goepel<\/em>,\u00a0 die sich ebenso mit einer Transformativen \u00d6konomie befassen, nirgends\u00a0 erw\u00e4hnt werden.<\/p>\n<p style=\"text-align: justify;\"><em>Die Neuerfindung\u00a0 des Unternehmertums<\/em> ist ein programmatisches, oft erstaunlich radikal- utopisch, nicht durchgehend analytisch gehaltenes Buch &#8211; der Autor nennt es selber <em>eher wissenschaftlich gehalten<\/em>. Er setzt sich mit bestehenden Wissenschafts- bzw. Gedankengeb\u00e4uden auseinander um einer Handlungswissenschaft zur Gestaltbarkeit von Zukunft den Weg zu bereiten. Weitere Umsetzung ist stark von einer <em>Aufbruchsstimmung in der Gesellschaft<\/em> (444) bestimmt.\u00a0 Und manches scheint, dass jetzt der Zeitpunkt dazu ist.<br \/>\n481 Seiten sind per se eine Menge Material, die wahrscheinlich selten in einem Durchgang gelesen werden. Man kann das Buch als ein Compendium, eine Art Handbuch zu einer <em>Transformativen Wirtschaftswissenschaft<\/em> sehen und nutzen. Ein \u00fcbersichtliches Inhaltsverzeichnis erleichtert das Auffinden der\u00a0 Themenstr\u00e4nge, macht sie den laufenden Zukunftsdiskussionen zug\u00e4nglich.<\/p>\n<p style=\"text-align: justify;\">Zum Schluss der Gedanke der\u00a0 Co- Evolution von Wissenschaft und Gesellschaft (k\u00f6nnte man das etwa <em>Scientogenese<\/em> nennen?), der ganz sicher an das Konzept <a href=\"https:\/\/www.klaus-janowitz.de\/wordpress\/technogenese-technische-innovation-und-gesellschaftlicher-wandel\/\"><em>Technogenese<\/em><\/a> erinnert.\u00a0 In den Gesellschaftswissenschaften lassen sich immer Phasen und Epochen finden, in denen\u00a0 Forschungsfragen einmal eingefahrenen Mustern folgen. Hier ist ein Werk, das neue Wege beschreite will &#8211; dem kann man zustimmen bzw. sich damit auseinandersetzen.<\/p>\n<p>Den Titel\u00a0 des Einbands ziert \u00fcbrigens ein Werk von Otto Freundlich (1878-1943), ein zu unrecht weniger bekannter Pionier abstrakter Malerei, der wie so viele andere von den Nazis ermordet wurde.<\/p>\n<p><span style=\"font-size: small; line-height: 2px;\"><b>Reinhard Pfriem:\u00a0<\/b>Die Neuerfindung des Unternehmertums\u00a0 &#8211; Solidarische \u00d6konomie, radikale Demokratie und kulturelle Evolution \u2013 2021. 481 S.\u00a0 Metropolis Verlag, 38 \u20ac &#8211;\u00a0 <a href=\"https:\/\/www.youtube.com\/watch?v=dkc6DJpXrrI\" target=\"_blank\" rel=\"noopener\">Livestream- Interview mit Reinhard Pfriem<\/a><\/span><span style=\"font-size: small; line-height: 2px;\">\u00a0 vom 28.07.2021<br \/>\n<\/span><\/p>\n<p><!-- Matomo --><br \/>\n<script type=\"text\/javascript\">\n  var _paq = window._paq || [];\n  \/* tracker methods like \"setCustomDimension\" should be called before \"trackPageView\" *\/\n  _paq.push(['trackPageView']);\n  _paq.push(['enableLinkTracking']);\n  (function() {\n    var u=\"\/\/www.klaus-janowitz.de\/piwik\/\";\n    _paq.push(['setTrackerUrl', u+'matomo.php']);\n    _paq.push(['setSiteId', '1']);\n    var d=document, g=d.createElement('script'), s=d.getElementsByTagName('script')[0];\n    g.type='text\/javascript'; g.async=true; g.defer=true; g.src=u+'matomo.js'; s.parentNode.insertBefore(g,s);\n  })();\n<\/script><br \/>\n<!-- End Matomo Code --><\/p>\n","protected":false},"excerpt":{"rendered":"<p>Die Neuerfindung des Unternehmertums\u00a0 &#8211; Solidarische \u00d6konomie, radikale Demokratie und kulturelle Evolution (2021) Themen, die in den Zukunftsdiskussionen eine zentrale Rolle spielen &#8211; der lange Titel ist bereits eine kurze Inhaltsangabe. Auf das Buch\u00a0 wurde ich durch einen Livetalk aufmerksam &#8211; und es ist das erste aus den Wirtschaftswissenschaften, das ich hier bespreche. Reinhard Pfriem, &hellip; <\/p>\n<p class=\"link-more\"><a href=\"https:\/\/www.klaus-janowitz.de\/wordpress\/die-neuerfindung-des-unternehmertums-rez\/\" class=\"more-link\"><span class=\"screen-reader-text\">\u201eDie Neuerfindung des Unternehmertums (Rez.)\u201c <\/span>weiterlesen<\/a><\/p>\n","protected":false},"author":1,"featured_media":0,"comment_status":"open","ping_status":"open","sticky":false,"template":"","format":"standard","meta":{"jetpack_post_was_ever_published":false,"_jetpack_newsletter_access":"","_jetpack_dont_email_post_to_subs":false,"_jetpack_newsletter_tier_id":0,"_jetpack_memberships_contains_paywalled_content":false,"_jetpack_memberships_contains_paid_content":false,"activitypub_content_warning":"","activitypub_content_visibility":"local","activitypub_max_image_attachments":4,"activitypub_interaction_policy_quote":"","activitypub_status":"","footnotes":"","jetpack_publicize_message":"","jetpack_publicize_feature_enabled":true,"jetpack_social_post_already_shared":true,"jetpack_social_options":{"image_generator_settings":{"template":"highway","default_image_id":0,"font":"","enabled":false},"version":2}},"categories":[1,15,67],"tags":[56,60,61,106],"class_list":["post-67768","post","type-post","status-publish","format-standard","hentry","category-allgemein","category-feuilleton","category-rezensionen","tag-netzwerkgesellschaft","tag-review","tag-rezension","tag-zukunft"],"yoast_head":"<!-- This site is optimized with the Yoast SEO plugin v27.5 - https:\/\/yoast.com\/product\/yoast-seo-wordpress\/ -->\n<title>Die Neuerfindung des Unternehmertums (Rez.) - Netnographie &amp; Digitaler Wandel<\/title>\n<meta name=\"robots\" content=\"index, follow, max-snippet:-1, max-image-preview:large, max-video-preview:-1\" \/>\n<link rel=\"canonical\" href=\"https:\/\/www.klaus-janowitz.de\/wordpress\/die-neuerfindung-des-unternehmertums-rez\/\" \/>\n<meta property=\"og:locale\" content=\"de_DE\" \/>\n<meta property=\"og:type\" content=\"article\" \/>\n<meta property=\"og:title\" content=\"Die Neuerfindung des Unternehmertums (Rez.) - Netnographie &amp; Digitaler Wandel\" \/>\n<meta property=\"og:description\" content=\"Die Neuerfindung des Unternehmertums\u00a0 &#8211; Solidarische \u00d6konomie, radikale Demokratie und kulturelle Evolution (2021) Themen, die in den Zukunftsdiskussionen eine zentrale Rolle spielen &#8211; der lange Titel ist bereits eine kurze Inhaltsangabe. Auf das Buch\u00a0 wurde ich durch einen Livetalk aufmerksam &#8211; und es ist das erste aus den Wirtschaftswissenschaften, das ich hier bespreche. Reinhard Pfriem, &hellip; \u201eDie Neuerfindung des Unternehmertums (Rez.)\u201c weiterlesen\" \/>\n<meta property=\"og:url\" content=\"https:\/\/www.klaus-janowitz.de\/wordpress\/die-neuerfindung-des-unternehmertums-rez\/\" \/>\n<meta property=\"og:site_name\" content=\"Netnographie &amp; Digitaler Wandel\" \/>\n<meta property=\"article:published_time\" content=\"2021-09-15T20:27:32+00:00\" \/>\n<meta property=\"article:modified_time\" content=\"2026-01-05T14:25:44+00:00\" \/>\n<meta property=\"og:image\" content=\"https:\/\/www.klaus-janowitz.de\/wordpress\/wp-content\/uploads\/2021\/08\/Pfriem_Unternehmertum-177x300.jpg\" \/>\n<meta name=\"author\" content=\"KlausMJan\" \/>\n<meta name=\"twitter:card\" content=\"summary_large_image\" \/>\n<meta name=\"twitter:label1\" content=\"Verfasst von\" \/>\n\t<meta name=\"twitter:data1\" content=\"KlausMJan\" \/>\n\t<meta name=\"twitter:label2\" content=\"Gesch\u00e4tzte Lesezeit\" \/>\n\t<meta name=\"twitter:data2\" content=\"6\u00a0Minuten\" \/>\n<script type=\"application\/ld+json\" class=\"yoast-schema-graph\">{\"@context\":\"https:\\\/\\\/schema.org\",\"@graph\":[{\"@type\":\"Article\",\"@id\":\"https:\\\/\\\/www.klaus-janowitz.de\\\/wordpress\\\/die-neuerfindung-des-unternehmertums-rez\\\/#article\",\"isPartOf\":{\"@id\":\"https:\\\/\\\/www.klaus-janowitz.de\\\/wordpress\\\/die-neuerfindung-des-unternehmertums-rez\\\/\"},\"author\":{\"name\":\"KlausMJan\",\"@id\":\"https:\\\/\\\/www.klaus-janowitz.de\\\/wordpress\\\/#\\\/schema\\\/person\\\/010eda704157cb8ce4370bfd0376c858\"},\"headline\":\"Die Neuerfindung des Unternehmertums (Rez.)\",\"datePublished\":\"2021-09-15T20:27:32+00:00\",\"dateModified\":\"2026-01-05T14:25:44+00:00\",\"mainEntityOfPage\":{\"@id\":\"https:\\\/\\\/www.klaus-janowitz.de\\\/wordpress\\\/die-neuerfindung-des-unternehmertums-rez\\\/\"},\"wordCount\":964,\"commentCount\":0,\"image\":{\"@id\":\"https:\\\/\\\/www.klaus-janowitz.de\\\/wordpress\\\/die-neuerfindung-des-unternehmertums-rez\\\/#primaryimage\"},\"thumbnailUrl\":\"https:\\\/\\\/www.klaus-janowitz.de\\\/wordpress\\\/wp-content\\\/uploads\\\/2021\\\/08\\\/Pfriem_Unternehmertum-177x300.jpg\",\"keywords\":[\"Netzwerkgesellschaft\",\"Review\",\"Rezension\",\"Zukunft\"],\"articleSection\":{\"1\":\"Feuilleton\",\"2\":\"Rezensionen\"},\"inLanguage\":\"de\",\"potentialAction\":[{\"@type\":\"CommentAction\",\"name\":\"Comment\",\"target\":[\"https:\\\/\\\/www.klaus-janowitz.de\\\/wordpress\\\/die-neuerfindung-des-unternehmertums-rez\\\/#respond\"]}]},{\"@type\":\"WebPage\",\"@id\":\"https:\\\/\\\/www.klaus-janowitz.de\\\/wordpress\\\/die-neuerfindung-des-unternehmertums-rez\\\/\",\"url\":\"https:\\\/\\\/www.klaus-janowitz.de\\\/wordpress\\\/die-neuerfindung-des-unternehmertums-rez\\\/\",\"name\":\"Die Neuerfindung des Unternehmertums (Rez.) - Netnographie &amp; Digitaler Wandel\",\"isPartOf\":{\"@id\":\"https:\\\/\\\/www.klaus-janowitz.de\\\/wordpress\\\/#website\"},\"primaryImageOfPage\":{\"@id\":\"https:\\\/\\\/www.klaus-janowitz.de\\\/wordpress\\\/die-neuerfindung-des-unternehmertums-rez\\\/#primaryimage\"},\"image\":{\"@id\":\"https:\\\/\\\/www.klaus-janowitz.de\\\/wordpress\\\/die-neuerfindung-des-unternehmertums-rez\\\/#primaryimage\"},\"thumbnailUrl\":\"https:\\\/\\\/www.klaus-janowitz.de\\\/wordpress\\\/wp-content\\\/uploads\\\/2021\\\/08\\\/Pfriem_Unternehmertum-177x300.jpg\",\"datePublished\":\"2021-09-15T20:27:32+00:00\",\"dateModified\":\"2026-01-05T14:25:44+00:00\",\"author\":{\"@id\":\"https:\\\/\\\/www.klaus-janowitz.de\\\/wordpress\\\/#\\\/schema\\\/person\\\/010eda704157cb8ce4370bfd0376c858\"},\"breadcrumb\":{\"@id\":\"https:\\\/\\\/www.klaus-janowitz.de\\\/wordpress\\\/die-neuerfindung-des-unternehmertums-rez\\\/#breadcrumb\"},\"inLanguage\":\"de\",\"potentialAction\":[{\"@type\":\"ReadAction\",\"target\":[\"https:\\\/\\\/www.klaus-janowitz.de\\\/wordpress\\\/die-neuerfindung-des-unternehmertums-rez\\\/\"]}]},{\"@type\":\"ImageObject\",\"inLanguage\":\"de\",\"@id\":\"https:\\\/\\\/www.klaus-janowitz.de\\\/wordpress\\\/die-neuerfindung-des-unternehmertums-rez\\\/#primaryimage\",\"url\":\"https:\\\/\\\/i0.wp.com\\\/www.klaus-janowitz.de\\\/wordpress\\\/wp-content\\\/uploads\\\/2021\\\/08\\\/Pfriem_Unternehmertum.jpg?fit=978%2C1658&ssl=1\",\"contentUrl\":\"https:\\\/\\\/i0.wp.com\\\/www.klaus-janowitz.de\\\/wordpress\\\/wp-content\\\/uploads\\\/2021\\\/08\\\/Pfriem_Unternehmertum.jpg?fit=978%2C1658&ssl=1\",\"width\":978,\"height\":1658},{\"@type\":\"BreadcrumbList\",\"@id\":\"https:\\\/\\\/www.klaus-janowitz.de\\\/wordpress\\\/die-neuerfindung-des-unternehmertums-rez\\\/#breadcrumb\",\"itemListElement\":[{\"@type\":\"ListItem\",\"position\":1,\"name\":\"Startseite\",\"item\":\"https:\\\/\\\/www.klaus-janowitz.de\\\/wordpress\\\/\"},{\"@type\":\"ListItem\",\"position\":2,\"name\":\"Die Neuerfindung des Unternehmertums (Rez.)\"}]},{\"@type\":\"WebSite\",\"@id\":\"https:\\\/\\\/www.klaus-janowitz.de\\\/wordpress\\\/#website\",\"url\":\"https:\\\/\\\/www.klaus-janowitz.de\\\/wordpress\\\/\",\"name\":\"Netnographie &amp; Digitaler Wandel\",\"description\":\"Blog rund um die Themen Netnographie, Online-Kultur und Digitalen Wandel\",\"potentialAction\":[{\"@type\":\"SearchAction\",\"target\":{\"@type\":\"EntryPoint\",\"urlTemplate\":\"https:\\\/\\\/www.klaus-janowitz.de\\\/wordpress\\\/?s={search_term_string}\"},\"query-input\":{\"@type\":\"PropertyValueSpecification\",\"valueRequired\":true,\"valueName\":\"search_term_string\"}}],\"inLanguage\":\"de\"},{\"@type\":\"Person\",\"@id\":\"https:\\\/\\\/www.klaus-janowitz.de\\\/wordpress\\\/#\\\/schema\\\/person\\\/010eda704157cb8ce4370bfd0376c858\",\"name\":\"KlausMJan\",\"image\":{\"@type\":\"ImageObject\",\"inLanguage\":\"de\",\"@id\":\"https:\\\/\\\/secure.gravatar.com\\\/avatar\\\/94d3059bf264a4da1fe44d92721e645980d64122c3365532a3b1517b78db5093?s=96&r=g\",\"url\":\"https:\\\/\\\/secure.gravatar.com\\\/avatar\\\/94d3059bf264a4da1fe44d92721e645980d64122c3365532a3b1517b78db5093?s=96&r=g\",\"contentUrl\":\"https:\\\/\\\/secure.gravatar.com\\\/avatar\\\/94d3059bf264a4da1fe44d92721e645980d64122c3365532a3b1517b78db5093?s=96&r=g\",\"caption\":\"KlausMJan\"},\"sameAs\":[\"http:\\\/\\\/www.netnographie.eu\\\/wordpress\"],\"url\":\"https:\\\/\\\/www.klaus-janowitz.de\\\/wordpress\\\/author\\\/klausmjan\\\/\"}]}<\/script>\n<!-- \/ Yoast SEO plugin. -->","yoast_head_json":{"title":"Die Neuerfindung des Unternehmertums (Rez.) - Netnographie &amp; Digitaler Wandel","robots":{"index":"index","follow":"follow","max-snippet":"max-snippet:-1","max-image-preview":"max-image-preview:large","max-video-preview":"max-video-preview:-1"},"canonical":"https:\/\/www.klaus-janowitz.de\/wordpress\/die-neuerfindung-des-unternehmertums-rez\/","og_locale":"de_DE","og_type":"article","og_title":"Die Neuerfindung des Unternehmertums (Rez.) - Netnographie &amp; Digitaler Wandel","og_description":"Die Neuerfindung des Unternehmertums\u00a0 &#8211; Solidarische \u00d6konomie, radikale Demokratie und kulturelle Evolution (2021) Themen, die in den Zukunftsdiskussionen eine zentrale Rolle spielen &#8211; der lange Titel ist bereits eine kurze Inhaltsangabe. Auf das Buch\u00a0 wurde ich durch einen Livetalk aufmerksam &#8211; und es ist das erste aus den Wirtschaftswissenschaften, das ich hier bespreche. Reinhard Pfriem, &hellip; \u201eDie Neuerfindung des Unternehmertums (Rez.)\u201c weiterlesen","og_url":"https:\/\/www.klaus-janowitz.de\/wordpress\/die-neuerfindung-des-unternehmertums-rez\/","og_site_name":"Netnographie &amp; Digitaler Wandel","article_published_time":"2021-09-15T20:27:32+00:00","article_modified_time":"2026-01-05T14:25:44+00:00","og_image":[{"url":"https:\/\/www.klaus-janowitz.de\/wordpress\/wp-content\/uploads\/2021\/08\/Pfriem_Unternehmertum-177x300.jpg","type":"","width":"","height":""}],"author":"KlausMJan","twitter_card":"summary_large_image","twitter_misc":{"Verfasst von":"KlausMJan","Gesch\u00e4tzte Lesezeit":"6\u00a0Minuten"},"schema":{"@context":"https:\/\/schema.org","@graph":[{"@type":"Article","@id":"https:\/\/www.klaus-janowitz.de\/wordpress\/die-neuerfindung-des-unternehmertums-rez\/#article","isPartOf":{"@id":"https:\/\/www.klaus-janowitz.de\/wordpress\/die-neuerfindung-des-unternehmertums-rez\/"},"author":{"name":"KlausMJan","@id":"https:\/\/www.klaus-janowitz.de\/wordpress\/#\/schema\/person\/010eda704157cb8ce4370bfd0376c858"},"headline":"Die Neuerfindung des Unternehmertums (Rez.)","datePublished":"2021-09-15T20:27:32+00:00","dateModified":"2026-01-05T14:25:44+00:00","mainEntityOfPage":{"@id":"https:\/\/www.klaus-janowitz.de\/wordpress\/die-neuerfindung-des-unternehmertums-rez\/"},"wordCount":964,"commentCount":0,"image":{"@id":"https:\/\/www.klaus-janowitz.de\/wordpress\/die-neuerfindung-des-unternehmertums-rez\/#primaryimage"},"thumbnailUrl":"https:\/\/www.klaus-janowitz.de\/wordpress\/wp-content\/uploads\/2021\/08\/Pfriem_Unternehmertum-177x300.jpg","keywords":["Netzwerkgesellschaft","Review","Rezension","Zukunft"],"articleSection":{"1":"Feuilleton","2":"Rezensionen"},"inLanguage":"de","potentialAction":[{"@type":"CommentAction","name":"Comment","target":["https:\/\/www.klaus-janowitz.de\/wordpress\/die-neuerfindung-des-unternehmertums-rez\/#respond"]}]},{"@type":"WebPage","@id":"https:\/\/www.klaus-janowitz.de\/wordpress\/die-neuerfindung-des-unternehmertums-rez\/","url":"https:\/\/www.klaus-janowitz.de\/wordpress\/die-neuerfindung-des-unternehmertums-rez\/","name":"Die Neuerfindung des Unternehmertums (Rez.) - Netnographie &amp; Digitaler Wandel","isPartOf":{"@id":"https:\/\/www.klaus-janowitz.de\/wordpress\/#website"},"primaryImageOfPage":{"@id":"https:\/\/www.klaus-janowitz.de\/wordpress\/die-neuerfindung-des-unternehmertums-rez\/#primaryimage"},"image":{"@id":"https:\/\/www.klaus-janowitz.de\/wordpress\/die-neuerfindung-des-unternehmertums-rez\/#primaryimage"},"thumbnailUrl":"https:\/\/www.klaus-janowitz.de\/wordpress\/wp-content\/uploads\/2021\/08\/Pfriem_Unternehmertum-177x300.jpg","datePublished":"2021-09-15T20:27:32+00:00","dateModified":"2026-01-05T14:25:44+00:00","author":{"@id":"https:\/\/www.klaus-janowitz.de\/wordpress\/#\/schema\/person\/010eda704157cb8ce4370bfd0376c858"},"breadcrumb":{"@id":"https:\/\/www.klaus-janowitz.de\/wordpress\/die-neuerfindung-des-unternehmertums-rez\/#breadcrumb"},"inLanguage":"de","potentialAction":[{"@type":"ReadAction","target":["https:\/\/www.klaus-janowitz.de\/wordpress\/die-neuerfindung-des-unternehmertums-rez\/"]}]},{"@type":"ImageObject","inLanguage":"de","@id":"https:\/\/www.klaus-janowitz.de\/wordpress\/die-neuerfindung-des-unternehmertums-rez\/#primaryimage","url":"https:\/\/i0.wp.com\/www.klaus-janowitz.de\/wordpress\/wp-content\/uploads\/2021\/08\/Pfriem_Unternehmertum.jpg?fit=978%2C1658&ssl=1","contentUrl":"https:\/\/i0.wp.com\/www.klaus-janowitz.de\/wordpress\/wp-content\/uploads\/2021\/08\/Pfriem_Unternehmertum.jpg?fit=978%2C1658&ssl=1","width":978,"height":1658},{"@type":"BreadcrumbList","@id":"https:\/\/www.klaus-janowitz.de\/wordpress\/die-neuerfindung-des-unternehmertums-rez\/#breadcrumb","itemListElement":[{"@type":"ListItem","position":1,"name":"Startseite","item":"https:\/\/www.klaus-janowitz.de\/wordpress\/"},{"@type":"ListItem","position":2,"name":"Die Neuerfindung des Unternehmertums (Rez.)"}]},{"@type":"WebSite","@id":"https:\/\/www.klaus-janowitz.de\/wordpress\/#website","url":"https:\/\/www.klaus-janowitz.de\/wordpress\/","name":"Netnographie &amp; Digitaler Wandel","description":"Blog rund um die Themen Netnographie, Online-Kultur und Digitalen Wandel","potentialAction":[{"@type":"SearchAction","target":{"@type":"EntryPoint","urlTemplate":"https:\/\/www.klaus-janowitz.de\/wordpress\/?s={search_term_string}"},"query-input":{"@type":"PropertyValueSpecification","valueRequired":true,"valueName":"search_term_string"}}],"inLanguage":"de"},{"@type":"Person","@id":"https:\/\/www.klaus-janowitz.de\/wordpress\/#\/schema\/person\/010eda704157cb8ce4370bfd0376c858","name":"KlausMJan","image":{"@type":"ImageObject","inLanguage":"de","@id":"https:\/\/secure.gravatar.com\/avatar\/94d3059bf264a4da1fe44d92721e645980d64122c3365532a3b1517b78db5093?s=96&r=g","url":"https:\/\/secure.gravatar.com\/avatar\/94d3059bf264a4da1fe44d92721e645980d64122c3365532a3b1517b78db5093?s=96&r=g","contentUrl":"https:\/\/secure.gravatar.com\/avatar\/94d3059bf264a4da1fe44d92721e645980d64122c3365532a3b1517b78db5093?s=96&r=g","caption":"KlausMJan"},"sameAs":["http:\/\/www.netnographie.eu\/wordpress"],"url":"https:\/\/www.klaus-janowitz.de\/wordpress\/author\/klausmjan\/"}]}},"jetpack_publicize_connections":[],"jetpack_featured_media_url":"","jetpack_sharing_enabled":true,"jetpack_shortlink":"https:\/\/wp.me\/p15Wn2-hD2","jetpack_likes_enabled":true,"jetpack-related-posts":[{"id":84698,"url":"https:\/\/www.klaus-janowitz.de\/wordpress\/gruenes-wachstum-ein-neues-sozio-oekonomisches-regime\/","url_meta":{"origin":67768,"position":0},"title":"Gr\u00fcnes Wachstum &#8211; ein neues sozio- \u00f6konomisches Regime?","author":"KlausMJan","date":"14. Mai 2024","format":false,"excerpt":"Verkaufte Zukunft von Jens Beckert hat einige Diskussionen aufgeworfen\u00a0 - das Buch selber, in kleinem Kreise auch meine Rezension. Fasst man Verkaufte Zukunft kurz zusammen, geht\u00a0 es um einen pessimistischen Realismus, der mit dem Glauben daran\u00a0 aufr\u00e4umt, dass die Eind\u00e4mmung der Klimakrise entlang der auf Konferenzen beschlossenen Klimaziele verl\u00e4uft. Die\u2026","rel":"","context":"In &quot;Allgemein&quot;","block_context":{"text":"Allgemein","link":"https:\/\/www.klaus-janowitz.de\/wordpress\/category\/allgemein\/"},"img":{"alt_text":"","src":"https:\/\/i0.wp.com\/www.klaus-janowitz.de\/wordpress\/wp-content\/uploads\/2024\/05\/Gruenes-Wachstum-300x300.jpg?resize=350%2C200&ssl=1","width":350,"height":200},"classes":[]},{"id":32469,"url":"https:\/\/www.klaus-janowitz.de\/wordpress\/neuausrichtung-der-gesellschaft\/","url_meta":{"origin":67768,"position":1},"title":"Neuausrichtung der Gesellschaft nach Corona?","author":"KlausMJan","date":"30. August 2020","format":false,"excerpt":"Bei einer (nicht- repr\u00e4sentativen) adhoc- Umfrage der FES* meinten 2\/3 der Teilnehmer, dass die Corona-Krise langfristig positive Auswirkungen auf das gesellschaftliche Zusammenleben haben wird. Soll man das \u00fcberraschend finden? - Oder einfach als Hinweis darauf, dass die Ver\u00e4nderungsdynamik im Laufe der Corona- Krise Gestaltungsm\u00f6glichkeiten\u00a0 anst\u00f6sst und verbreitert? Braucht es Krisen,\u2026","rel":"","context":"In &quot;Allgemein&quot;","block_context":{"text":"Allgemein","link":"https:\/\/www.klaus-janowitz.de\/wordpress\/category\/allgemein\/"},"img":{"alt_text":"","src":"https:\/\/i0.wp.com\/www.klaus-janowitz.de\/wordpress\/wp-content\/uploads\/2016\/09\/Inside-out-300x300.jpg?resize=350%2C200&ssl=1","width":350,"height":200},"classes":[]},{"id":38775,"url":"https:\/\/www.klaus-janowitz.de\/wordpress\/agiler-kapitalismus-das-leben-als-projekt-rez\/","url_meta":{"origin":67768,"position":2},"title":"Agiler Kapitalismus. Das Leben als Projekt (Rez.)","author":"KlausMJan","date":"25. Oktober 2020","format":false,"excerpt":"Agil(e) bedeutet wendig, flexibel und ist eines der derzeit meist gebrauchten Buzzwords, wenn es um Wandel geht. Die heutige Verwendung geht zur\u00fcck auf das\u00a0 Manifesto for Agile Software Development (2001) - einer Art Neuerfindung des Projektmanagement gegen das bis dahin vorherrschende hierarchische Waterfall- Modell.\u00a0 Agile selbst ist keine Methode, sondern\u2026","rel":"","context":"In &quot;Allgemein&quot;","block_context":{"text":"Allgemein","link":"https:\/\/www.klaus-janowitz.de\/wordpress\/category\/allgemein\/"},"img":{"alt_text":"","src":"https:\/\/i0.wp.com\/www.klaus-janowitz.de\/wordpress\/wp-content\/uploads\/2020\/10\/Timo_Daum_Agiler-Kap-180x300.jpg?resize=350%2C200&ssl=1","width":350,"height":200},"classes":[]},{"id":86962,"url":"https:\/\/www.klaus-janowitz.de\/wordpress\/macht-radfahren-gluecklich\/","url_meta":{"origin":67768,"position":3},"title":"Macht Radfahren gl\u00fccklich?","author":"KlausMJan","date":"30. November 2025","format":false,"excerpt":"Wenn das Gehen die urspr\u00fcnglichste Fortbewegung ist \u2013 dann bedeutet das Radfahren die ergiebigste Erweiterung des Bewegungsspielraums mit demselben Einsatz von Muskelkraft. Radfahren ist vieles: Mobilit\u00e4t, Sport und Training, aber auch Stra\u00dfenverkehr, Konsum, eine Branche, im besten Falle ein Flow im runden Tritt. Lange galt Radfahren als Nische, etwas f\u00fcr\u2026","rel":"","context":"In &quot;Allgemein&quot;","block_context":{"text":"Allgemein","link":"https:\/\/www.klaus-janowitz.de\/wordpress\/category\/allgemein\/"},"img":{"alt_text":"","src":"https:\/\/i0.wp.com\/www.klaus-janowitz.de\/wordpress\/wp-content\/uploads\/2025\/09\/inFahrt-1-224x300.jpg?resize=350%2C200&ssl=1","width":350,"height":200},"classes":[]},{"id":86373,"url":"https:\/\/www.klaus-janowitz.de\/wordpress\/hayeks-bastards-die-neoliberalen-wurzeln-der-populistischen-rechten-rez\/","url_meta":{"origin":67768,"position":4},"title":"Hayek&#8217;s Bastards &#8211; Die neoliberalen Wurzeln der populistischen Rechten &#8211; (Rez.)","author":"KlausMJan","date":"5. Mai 2025","format":false,"excerpt":"Hayek's Bastards - The Neoliberal Roots of the Populist Right von Quinn Slobodian erschien vor wenigen Wochen (15.04.)\u00a0 - und behandelt prim\u00e4r die ideologischen und intellektuellen Entwicklungen bis in die fr\u00fchen 2020er Jahre. Aktuelle\u00a0 Bez\u00fcge zu den Ereignissen seit November 2024 sind nicht zu finden. This is a revolution of\u2026","rel":"","context":"In &quot;Allgemein&quot;","block_context":{"text":"Allgemein","link":"https:\/\/www.klaus-janowitz.de\/wordpress\/category\/allgemein\/"},"img":{"alt_text":"","src":"https:\/\/i0.wp.com\/www.klaus-janowitz.de\/wordpress\/wp-content\/uploads\/2025\/03\/Hayeks-Bastarde-195x300.jpg?resize=350%2C200&ssl=1","width":350,"height":200},"classes":[]},{"id":86340,"url":"https:\/\/www.klaus-janowitz.de\/wordpress\/die-sozialisation-von-maschinen-kuenstliche-intelligenz-transformation-und-krisen-in-wirtschaft-und-gesellschaft\/","url_meta":{"origin":67768,"position":5},"title":"Die Sozialisation von Maschinen &#8211; K\u00fcnstliche Intelligenz: Transformation und Krisen in Wirtschaft und Gesellschaft","author":"KlausMJan","date":"24. April 2025","format":false,"excerpt":"Zu fragen, wie etwas funktioniert, ist der beste Zugang zur Wirklichkeit. Das gilt ebenso f\u00fcr Maschinen, die die zentrale Funktionen des Gehirns gleichwertig imitieren und in vielerlei Hinsicht dessen Leistungsf\u00e4higkeit \u00fcbertreffen (12). K\u00fcnstliche Intelligenz: Transformation und Krisen in Wirtschaft und Gesellschaft ist ein langer, sperrig-n\u00fcchterner Titel, hinter dem ein\u00a0 komplexer\u2026","rel":"","context":"In &quot;Allgemein&quot;","block_context":{"text":"Allgemein","link":"https:\/\/www.klaus-janowitz.de\/wordpress\/category\/allgemein\/"},"img":{"alt_text":"","src":"https:\/\/i0.wp.com\/www.klaus-janowitz.de\/wordpress\/wp-content\/uploads\/2025\/04\/KI_FWitt-696x1024.jpg?resize=350%2C200&ssl=1","width":350,"height":200},"classes":[]}],"_links":{"self":[{"href":"https:\/\/www.klaus-janowitz.de\/wordpress\/wp-json\/wp\/v2\/posts\/67768","targetHints":{"allow":["GET"]}}],"collection":[{"href":"https:\/\/www.klaus-janowitz.de\/wordpress\/wp-json\/wp\/v2\/posts"}],"about":[{"href":"https:\/\/www.klaus-janowitz.de\/wordpress\/wp-json\/wp\/v2\/types\/post"}],"author":[{"embeddable":true,"href":"https:\/\/www.klaus-janowitz.de\/wordpress\/wp-json\/wp\/v2\/users\/1"}],"replies":[{"embeddable":true,"href":"https:\/\/www.klaus-janowitz.de\/wordpress\/wp-json\/wp\/v2\/comments?post=67768"}],"version-history":[{"count":83,"href":"https:\/\/www.klaus-janowitz.de\/wordpress\/wp-json\/wp\/v2\/posts\/67768\/revisions"}],"predecessor-version":[{"id":87846,"href":"https:\/\/www.klaus-janowitz.de\/wordpress\/wp-json\/wp\/v2\/posts\/67768\/revisions\/87846"}],"wp:attachment":[{"href":"https:\/\/www.klaus-janowitz.de\/wordpress\/wp-json\/wp\/v2\/media?parent=67768"}],"wp:term":[{"taxonomy":"category","embeddable":true,"href":"https:\/\/www.klaus-janowitz.de\/wordpress\/wp-json\/wp\/v2\/categories?post=67768"},{"taxonomy":"post_tag","embeddable":true,"href":"https:\/\/www.klaus-janowitz.de\/wordpress\/wp-json\/wp\/v2\/tags?post=67768"}],"curies":[{"name":"wp","href":"https:\/\/api.w.org\/{rel}","templated":true}]}}