{"id":66717,"date":"2021-03-30T14:39:49","date_gmt":"2021-03-30T12:39:49","guid":{"rendered":"https:\/\/www.klaus-janowitz.de\/wordpress\/?p=66717"},"modified":"2021-03-31T12:46:32","modified_gmt":"2021-03-31T10:46:32","slug":"neue-soziale-dynamik-mit-common-meeting-ground","status":"publish","type":"post","link":"https:\/\/www.klaus-janowitz.de\/wordpress\/neue-soziale-dynamik-mit-common-meeting-ground\/","title":{"rendered":"Neue Soziale Dynamik im Common Meeting Ground"},"content":{"rendered":"<figure id=\"attachment_66731\" aria-describedby=\"caption-attachment-66731\" style=\"width: 215px\" class=\"wp-caption alignright\"><a href=\"https:\/\/i0.wp.com\/www.klaus-janowitz.de\/wordpress\/wp-content\/uploads\/2021\/03\/AchtSzenarien.jpg?ssl=1\"><img data-recalc-dims=\"1\" fetchpriority=\"high\" decoding=\"async\" class=\"size-medium wp-image-66731\" src=\"https:\/\/i0.wp.com\/www.klaus-janowitz.de\/wordpress\/wp-content\/uploads\/2021\/03\/AchtSzenarien.jpg?resize=215%2C300&#038;ssl=1\" alt=\"\" width=\"215\" height=\"300\" srcset=\"https:\/\/i0.wp.com\/www.klaus-janowitz.de\/wordpress\/wp-content\/uploads\/2021\/03\/AchtSzenarien.jpg?resize=215%2C300&amp;ssl=1 215w, https:\/\/i0.wp.com\/www.klaus-janowitz.de\/wordpress\/wp-content\/uploads\/2021\/03\/AchtSzenarien.jpg?w=645&amp;ssl=1 645w\" sizes=\"(max-width: 215px) 100vw, 215px\" \/><\/a><figcaption id=\"caption-attachment-66731\" class=\"wp-caption-text\">Die Acht Szenarien<\/figcaption><\/figure>\n<p style=\"text-align: justify;\">Noch einmal ein Einstieg mit <em><strong>Postcorona &#8211; Szenarien:<\/strong><\/em> K\u00fcrzlich\u00a0wurden die aktualisierten Ergebnisse vom\u00a0 ScMI <span style=\"font-size: small; line-height: 2px;\">(zum direkten <a href=\"https:\/\/www.scmi.de\/images\/downloads\/dateien\/scmi_post-corona-szenarien.pdf\" target=\"_blank\" rel=\"noopener\">download<\/a> auf der Seite der ScMI; vgl. auch die <a href=\"https:\/\/i2.wp.com\/www.klaus-janowitz.de\/wordpress\/wp-content\/uploads\/2020\/05\/Landkarte-der-Zukunft.jpg?ssl=1\" target=\"_blank\" rel=\"noopener\">Landkarte der Zukunft<\/a>)<\/span> vorgestellt. <span style=\"font-size: 1rem;\">Ganz aktuell ist der Stand nicht, die Ergebnisse beruhen auf den Daten von 11\/2020. Die <\/span><a style=\"font-size: 1rem;\" href=\"https:\/\/www.klaus-janowitz.de\/wordpress\/post-corona-szenarien-fuer-die-zeit-danach\/\" target=\"_blank\" rel=\"noopener\">Ergebnisse von 4\/2020<\/a><span style=\"font-size: 1rem;\"> hatte ich im letzten Fr\u00fchjahr gemeinsam mit einigen anderen Modellen und Sichtweisen (D2030, Zukunftsinstitut) in einem <\/span><a style=\"font-size: 1rem;\" href=\"https:\/\/www.klaus-janowitz.de\/wordpress\/post-corona-szenarien-fuer-die-zeit-danach\/\" target=\"_blank\" rel=\"noopener\">l\u00e4ngeren Blogbeitrag<\/a><span style=\"font-size: 1rem;\"> vorgestellt. Vor ein paar Wochen dann ein <\/span><a style=\"font-size: 1rem;\" href=\"https:\/\/www.klaus-janowitz.de\/wordpress\/post-covid-neue-horizonte-oder-goldene-zwanziger\/\" target=\"_blank\" rel=\"noopener\"><em>Beitrag zur Diskussion<\/em><\/a><span style=\"font-size: 1rem;\"> dar\u00fcber, ob die Perspektive <\/span><em style=\"font-size: 1rem;\">Neuer Horizonte<\/em><span style=\"font-size: 1rem;\"> mehr verbreiteten Wunschvorstellungen entspricht &#8211; und ob nicht eine schnelle Restauration des <em>Alten Normal<\/em> wahrscheinlicher ist. <\/span><span style=\"font-size: 1rem;\"><br \/>\n<em>Szenarien sind\u00a0 \u00bbDenkwerkzeuge\u00ab, denen keine Wahrscheinlichkeiten zugeordnet sind. Sie sollen uns ermutigen, bisher wenig genutzte Denkpfade zu beschreiten. Und zwar nicht nur unmittelbar nach der Corona-Pandemie, sondern auch in den Jahren danach. Um nicht nur das Denken, sondern auch das anschlie\u00dfende Handeln zu unterst\u00fctzen, stellen sich weitergehende Fragen: Wie viel Ver\u00e4nderung ist von heute aus gesehen \u2013 mit einem Szenario verbunden? <\/em>(52)<\/span><\/p>\n<figure id=\"attachment_66760\" aria-describedby=\"caption-attachment-66760\" style=\"width: 300px\" class=\"wp-caption alignleft\"><a href=\"https:\/\/i0.wp.com\/www.klaus-janowitz.de\/wordpress\/wp-content\/uploads\/2021\/03\/Erwartete-Zukunft_1120.jpg?ssl=1\"><img data-recalc-dims=\"1\" decoding=\"async\" class=\"wp-image-66760 size-medium\" src=\"https:\/\/i0.wp.com\/www.klaus-janowitz.de\/wordpress\/wp-content\/uploads\/2021\/03\/Erwartete-Zukunft_1120.jpg?resize=300%2C151&#038;ssl=1\" alt=\"\" width=\"300\" height=\"151\" srcset=\"https:\/\/i0.wp.com\/www.klaus-janowitz.de\/wordpress\/wp-content\/uploads\/2021\/03\/Erwartete-Zukunft_1120.jpg?resize=300%2C151&amp;ssl=1 300w, https:\/\/i0.wp.com\/www.klaus-janowitz.de\/wordpress\/wp-content\/uploads\/2021\/03\/Erwartete-Zukunft_1120.jpg?resize=768%2C386&amp;ssl=1 768w, https:\/\/i0.wp.com\/www.klaus-janowitz.de\/wordpress\/wp-content\/uploads\/2021\/03\/Erwartete-Zukunft_1120.jpg?w=986&amp;ssl=1 986w\" sizes=\"(max-width: 300px) 100vw, 300px\" \/><\/a><figcaption id=\"caption-attachment-66760\" class=\"wp-caption-text\">Erwartete Zukunft 2030 &#8211; Stand Nov. 20<\/figcaption><\/figure>\n<p style=\"text-align: justify;\">Dass ein Szenario <em>Neue globale Dynamik, <\/em>das Nachhaltigkeit und wirtschaftliche Dynamik miteinander verbindet, als w\u00fcnschenswert gilt, liegt nahe. Was macht es aber realistisch?\u00a0 Hintergrund sind Zukunftsaussagen mit hohen Erwartungswerten, etwa eine deutlich flexibler organisiertes Arbeitsleben und die weiter zunehmende Bedeutung der Themen Umwelt, Klima und Nachhaltigkeit (58,59). Im weiteren, ein Vertrauen darauf, dass sich die deutsche und europ\u00e4ische Wirtschaft in ihrer Struktur erneuern. Wer sich von dieser Perspektive \u00fcberzeugen lassen will, lese die Seiten 30\/31 &#8211; zudem ist das Szenario mit guter Laune verbunden: <em>Herausforderungen werden mit O\ufb00enheit und Neugier begegnet \u2013 Freude an Innovationen dominiert.<\/em><br \/>\nEin derart positives Szenario setzt einen\u00a0 gewachsenen Konsens voraus:\u00a0 \u00a0<em>Die 2020er-Post-Corona-Dekade wird von struktureller Ver\u00e4nderung gepr\u00e4gt sein, die wir zu einem gro\u00dfen Teil selbst beein\ufb02ussen k\u00f6nnen (74). <\/em>\u00a0Andere Szenarien der Ver\u00e4nderung sind weniger attraktiv, wie (6) <em>In Corporate Hands<\/em>, in dem globale Unternehmen immer mehr Lebensbereiche dominieren. Oder der\u00a0 (3) Abschied von Gewohntem mit\u00a0<em>De-Globalisierung und Konsumverzicht<\/em>. Zukunft ist auch das Ergebnis von gesellschaftlicher Auseinandersetzung.<\/p>\n<p style=\"text-align: justify;\">In den letzten Wochen wurde deutlich, dass gegen\u00fcber dem ersten Jahr der Pandemie das Vertrauen in die Politik der Regierung nachgelassen hat. Vor einem Jahr wurde diese Politik als alternativlos akzeptiert, Fundamentalkritik sammelte sich am rechten Rand. Kritik heute hat eine ganz andere Basis. Ein Jahr Pandemie mit intensivster Berichterstattung und Diskussionen dazu brachten einen verbreitet hohen Informationsstand mit sich. Massnahmen werden an M\u00f6glichkeiten gemessen, das gilt nicht nur f\u00fcr den Verzug beim Impfen, ebenso an einer mangelnden Nutzung digitaler M\u00f6glichkeiten, der\u00a0 Kombination von \u00d6ffnungen mit Tests und R\u00fcckverfolgungs &#8211; Apps\u00a0 (z.B. <em><a href=\"https:\/\/www.recoverapp.de\/\" target=\"_blank\" rel=\"noopener\">recover<\/a><\/em>), dazu die Reihe von Skandalen pers\u00f6nlicher Bereicherung.<br \/>\nAndere sehen Kritik als bedenklich. So spricht der Content- Strategieberater <em>Mirko Lange**<\/em> eindringlich von der Gefahr, dass alles, <em>was aktuell das Vertrauen in die Bundesregierung (weiter) untergr\u00e4bt, es nur noch schlimmer macht**<\/em>. Und es sind auffallend viele Stimmen, die Kritik einer unbestimmten Menge &#8211; den <em>Leuten<\/em>, manchmal scheint eine Art p\u00f6belnder, zivilisationsferner Masse gemeint, zuweisen. Wirtschaftsblogger <a href=\"https:\/\/www.linkedin.com\/pulse\/im-einzelfall-empirismus-die-leute-abkanzeln-gunnar-sohn\/?fbclid=IwAR1TnZAWQIJTrppK-MGnDWFdH0r5275nkh0DKAY94c1H7KkUeDS5nd72nKQ\" target=\"_blank\" rel=\"noopener\"><em>Gunnar Sohn<\/em><\/a> sieht hier die Tendenz in Wortwahl und Habitus eine vermeintlich richtige Gesinnung zum Ausdruck zu bringen.<br \/>\nWas ist schlecht daran, wenn die Zustimmung zu einer Regierung in der Gesellschaft nachl\u00e4sst? Eine ganz normale gesellschaftliche Entwicklung und die Er\u00f6ffnung eines Diskurses f\u00fcr die\u00a0 Zeit danach.<\/p>\n<p style=\"text-align: justify;\"><em>Jede (demokratische) Gesellschaft braucht einen <strong>Common Meeting Ground<\/strong> gemeinschaftlich als wichtig empfundener Themen, um dar\u00fcber verhandeln und selbst bestimmen zu k\u00f6nnen, was in ihr als relevant gilt und kollektiver Probleml\u00f6sungen bedarf<\/em> &#8211; so schrieb 2008 der 2015 verstorbene Schweizer Soziologe <strong>Kurt Imhof.<\/strong> Daf\u00fcr ist die Zeit. Und es geh\u00f6rt vieles in einen \u00fcbergreifenden gesellschaftlichen Diskurs und muss verhandelt werden. So viele sind in ihrer Existenz getroffen, so viel wird in der Krise deutlich.<\/p>\n<p style=\"text-align: justify;\">Gut 20 Jahre liegen die <em>Reformen der \u00c4ra Schr\u00f6der<\/em> zur\u00fcck. Mit reichlich\u00a0 Hintergrundmusik von\u00a0 Selbstverantwortung, Flexibilisierung\u00a0 und weniger Staat. Herausgekommen sind u.a. Hartz 4, und immerhin ein eher halbherziger Rahmen f\u00fcr Solo- Selbst\u00e4ndigkeit. Manches wurde \u00fcberdeckt durch den\u00a0 rapiden digitalen Wandel, und einen langanhaltenden Wirtschaftsboom, der immer wieder Nischen bot &#8211; und mittlerweile ganz andere M\u00f6glichkeiten gesellschaftlicher Organisation.\u00a0 Eine neue globale Dynamik braucht auch eine neue soziale Dynamik &#8211; sie f\u00e4llt nicht in den Schoss, sie braucht eine Gesellschaft, die sie anstrebt.<\/p>\n<p><span style=\"font-size: small; line-height: 2px;\"><b>\u00a0ScMi<\/b> (Scenario Management International, Paderborn)\u00a0 <a href=\"https:\/\/www.scmi.de\/images\/downloads\/dateien\/scmi_post-corona-szenarien.pdf\" target=\"_blank\" rel=\"noopener\">Download Post- Corona Szenarien<\/a>. Wirtschaft, Gesellschaft und Politik im Jahre 2030.\u00a0 <strong>Kurt Imhof:\u00a0<\/strong>Theorie der \u00d6ffentlichkeit als Theorie der Moderne. In C. Winter, A. Hepp &amp; F. Krotz, Theorien der Kommunikations- und Medienwissenschaft (2008, S. 65\u201389)\u00a0 **Mirko Lange auf Facebook:\u00a0 <strong>Gunnar Sohn:<\/strong> <a href=\"https:\/\/www.linkedin.com\/pulse\/im-einzelfall-empirismus-die-leute-abkanzeln-gunnar-sohn\/?fbclid=IwAR1TnZAWQIJTrppK-MGnDWFdH0r5275nkh0DKAY94c1H7KkUeDS5nd72nKQ\" target=\"_blank\" rel=\"noopener\">Im Einzelfall-Empirismus &#8220;die Leute&#8221;\u200b abkanzeln. LinkedIn 24.03.21 <\/a><\/span><span style=\"font-size: small; line-height: 2px;\">\u00a0 \u00a0<\/span><\/p>\n<p><!-- Matomo --><br \/>\n<script type=\"text\/javascript\">\n  var _paq = window._paq = window._paq || [];\n  \/* tracker methods like \"setCustomDimension\" should be called before \"trackPageView\" *\/\n  _paq.push(['trackPageView']);\n  _paq.push(['enableLinkTracking']);\n  (function() {\n    var u=\"\/\/www.klaus-janowitz.de\/piwik\/\";\n    _paq.push(['setTrackerUrl', u+'matomo.php']);\n    _paq.push(['setSiteId', '1']);\n    var d=document, g=d.createElement('script'), s=d.getElementsByTagName('script')[0];\n    g.type='text\/javascript'; g.async=true; g.src=u+'matomo.js'; s.parentNode.insertBefore(g,s);\n  })();\n<\/script><br \/>\n<!-- End Matomo Code --><\/p>\n","protected":false},"excerpt":{"rendered":"<p>Noch einmal ein Einstieg mit Postcorona &#8211; Szenarien: K\u00fcrzlich\u00a0wurden die aktualisierten Ergebnisse vom\u00a0 ScMI (zum direkten download auf der Seite der ScMI; vgl. auch die Landkarte der Zukunft) vorgestellt. Ganz aktuell ist der Stand nicht, die Ergebnisse beruhen auf den Daten von 11\/2020. Die Ergebnisse von 4\/2020 hatte ich im letzten Fr\u00fchjahr gemeinsam mit einigen &hellip; <\/p>\n<p class=\"link-more\"><a href=\"https:\/\/www.klaus-janowitz.de\/wordpress\/neue-soziale-dynamik-mit-common-meeting-ground\/\" class=\"more-link\"><span class=\"screen-reader-text\">\u201eNeue Soziale Dynamik im Common Meeting Ground\u201c <\/span>weiterlesen<\/a><\/p>\n","protected":false},"author":1,"featured_media":0,"comment_status":"open","ping_status":"open","sticky":false,"template":"","format":"standard","meta":{"jetpack_post_was_ever_published":false,"_jetpack_newsletter_access":"","_jetpack_dont_email_post_to_subs":false,"_jetpack_newsletter_tier_id":0,"_jetpack_memberships_contains_paywalled_content":false,"_jetpack_memberships_contains_paid_content":false,"activitypub_content_warning":"","activitypub_content_visibility":"","activitypub_max_image_attachments":4,"activitypub_interaction_policy_quote":"","activitypub_status":"","footnotes":"","jetpack_publicize_message":"","jetpack_publicize_feature_enabled":true,"jetpack_social_post_already_shared":true,"jetpack_social_options":{"image_generator_settings":{"template":"highway","default_image_id":0,"font":"","enabled":false},"version":2}},"categories":[1,145,66],"tags":[137,37,76,47],"class_list":["post-66717","post","type-post","status-publish","format-standard","hentry","category-allgemein","category-corona","category-digitaler-wandel","tag-corona","tag-digitaler-wandel","tag-soziologie","tag-vernetzter-individualismus"],"yoast_head":"<!-- This site is optimized with the Yoast SEO plugin v27.5 - https:\/\/yoast.com\/product\/yoast-seo-wordpress\/ -->\n<title>Neue Soziale Dynamik im Common Meeting Ground - Netnographie &amp; Digitaler Wandel<\/title>\n<meta name=\"robots\" content=\"index, follow, max-snippet:-1, max-image-preview:large, max-video-preview:-1\" \/>\n<link rel=\"canonical\" href=\"https:\/\/www.klaus-janowitz.de\/wordpress\/neue-soziale-dynamik-mit-common-meeting-ground\/\" \/>\n<meta property=\"og:locale\" content=\"de_DE\" \/>\n<meta property=\"og:type\" content=\"article\" \/>\n<meta property=\"og:title\" content=\"Neue Soziale Dynamik im Common Meeting Ground - Netnographie &amp; Digitaler Wandel\" \/>\n<meta property=\"og:description\" content=\"Noch einmal ein Einstieg mit Postcorona &#8211; Szenarien: K\u00fcrzlich\u00a0wurden die aktualisierten Ergebnisse vom\u00a0 ScMI (zum direkten download auf der Seite der ScMI; vgl. auch die Landkarte der Zukunft) vorgestellt. Ganz aktuell ist der Stand nicht, die Ergebnisse beruhen auf den Daten von 11\/2020. Die Ergebnisse von 4\/2020 hatte ich im letzten Fr\u00fchjahr gemeinsam mit einigen &hellip; \u201eNeue Soziale Dynamik im Common Meeting Ground\u201c weiterlesen\" \/>\n<meta property=\"og:url\" content=\"https:\/\/www.klaus-janowitz.de\/wordpress\/neue-soziale-dynamik-mit-common-meeting-ground\/\" \/>\n<meta property=\"og:site_name\" content=\"Netnographie &amp; Digitaler Wandel\" \/>\n<meta property=\"article:published_time\" content=\"2021-03-30T12:39:49+00:00\" \/>\n<meta property=\"article:modified_time\" content=\"2021-03-31T10:46:32+00:00\" \/>\n<meta property=\"og:image\" content=\"https:\/\/www.klaus-janowitz.de\/wordpress\/wp-content\/uploads\/2021\/03\/AchtSzenarien-215x300.jpg\" \/>\n<meta name=\"author\" content=\"KlausMJan\" \/>\n<meta name=\"twitter:card\" content=\"summary_large_image\" \/>\n<meta name=\"twitter:label1\" content=\"Verfasst von\" \/>\n\t<meta name=\"twitter:data1\" content=\"KlausMJan\" \/>\n\t<meta name=\"twitter:label2\" content=\"Gesch\u00e4tzte Lesezeit\" \/>\n\t<meta name=\"twitter:data2\" content=\"4\u00a0Minuten\" \/>\n<script type=\"application\/ld+json\" class=\"yoast-schema-graph\">{\"@context\":\"https:\\\/\\\/schema.org\",\"@graph\":[{\"@type\":\"Article\",\"@id\":\"https:\\\/\\\/www.klaus-janowitz.de\\\/wordpress\\\/neue-soziale-dynamik-mit-common-meeting-ground\\\/#article\",\"isPartOf\":{\"@id\":\"https:\\\/\\\/www.klaus-janowitz.de\\\/wordpress\\\/neue-soziale-dynamik-mit-common-meeting-ground\\\/\"},\"author\":{\"name\":\"KlausMJan\",\"@id\":\"https:\\\/\\\/www.klaus-janowitz.de\\\/wordpress\\\/#\\\/schema\\\/person\\\/010eda704157cb8ce4370bfd0376c858\"},\"headline\":\"Neue Soziale Dynamik im Common Meeting Ground\",\"datePublished\":\"2021-03-30T12:39:49+00:00\",\"dateModified\":\"2021-03-31T10:46:32+00:00\",\"mainEntityOfPage\":{\"@id\":\"https:\\\/\\\/www.klaus-janowitz.de\\\/wordpress\\\/neue-soziale-dynamik-mit-common-meeting-ground\\\/\"},\"wordCount\":783,\"commentCount\":0,\"image\":{\"@id\":\"https:\\\/\\\/www.klaus-janowitz.de\\\/wordpress\\\/neue-soziale-dynamik-mit-common-meeting-ground\\\/#primaryimage\"},\"thumbnailUrl\":\"https:\\\/\\\/www.klaus-janowitz.de\\\/wordpress\\\/wp-content\\\/uploads\\\/2021\\\/03\\\/AchtSzenarien-215x300.jpg\",\"keywords\":[\"Corona\",\"digitaler Wandel\",\"Soziologie\",\"vernetzter Individualismus\"],\"articleSection\":{\"1\":\"Corona\",\"2\":\"Digitaler Wandel\"},\"inLanguage\":\"de\",\"potentialAction\":[{\"@type\":\"CommentAction\",\"name\":\"Comment\",\"target\":[\"https:\\\/\\\/www.klaus-janowitz.de\\\/wordpress\\\/neue-soziale-dynamik-mit-common-meeting-ground\\\/#respond\"]}]},{\"@type\":\"WebPage\",\"@id\":\"https:\\\/\\\/www.klaus-janowitz.de\\\/wordpress\\\/neue-soziale-dynamik-mit-common-meeting-ground\\\/\",\"url\":\"https:\\\/\\\/www.klaus-janowitz.de\\\/wordpress\\\/neue-soziale-dynamik-mit-common-meeting-ground\\\/\",\"name\":\"Neue Soziale Dynamik im Common Meeting Ground - Netnographie &amp; Digitaler Wandel\",\"isPartOf\":{\"@id\":\"https:\\\/\\\/www.klaus-janowitz.de\\\/wordpress\\\/#website\"},\"primaryImageOfPage\":{\"@id\":\"https:\\\/\\\/www.klaus-janowitz.de\\\/wordpress\\\/neue-soziale-dynamik-mit-common-meeting-ground\\\/#primaryimage\"},\"image\":{\"@id\":\"https:\\\/\\\/www.klaus-janowitz.de\\\/wordpress\\\/neue-soziale-dynamik-mit-common-meeting-ground\\\/#primaryimage\"},\"thumbnailUrl\":\"https:\\\/\\\/www.klaus-janowitz.de\\\/wordpress\\\/wp-content\\\/uploads\\\/2021\\\/03\\\/AchtSzenarien-215x300.jpg\",\"datePublished\":\"2021-03-30T12:39:49+00:00\",\"dateModified\":\"2021-03-31T10:46:32+00:00\",\"author\":{\"@id\":\"https:\\\/\\\/www.klaus-janowitz.de\\\/wordpress\\\/#\\\/schema\\\/person\\\/010eda704157cb8ce4370bfd0376c858\"},\"breadcrumb\":{\"@id\":\"https:\\\/\\\/www.klaus-janowitz.de\\\/wordpress\\\/neue-soziale-dynamik-mit-common-meeting-ground\\\/#breadcrumb\"},\"inLanguage\":\"de\",\"potentialAction\":[{\"@type\":\"ReadAction\",\"target\":[\"https:\\\/\\\/www.klaus-janowitz.de\\\/wordpress\\\/neue-soziale-dynamik-mit-common-meeting-ground\\\/\"]}]},{\"@type\":\"ImageObject\",\"inLanguage\":\"de\",\"@id\":\"https:\\\/\\\/www.klaus-janowitz.de\\\/wordpress\\\/neue-soziale-dynamik-mit-common-meeting-ground\\\/#primaryimage\",\"url\":\"https:\\\/\\\/i0.wp.com\\\/www.klaus-janowitz.de\\\/wordpress\\\/wp-content\\\/uploads\\\/2021\\\/03\\\/AchtSzenarien.jpg?fit=645%2C902&ssl=1\",\"contentUrl\":\"https:\\\/\\\/i0.wp.com\\\/www.klaus-janowitz.de\\\/wordpress\\\/wp-content\\\/uploads\\\/2021\\\/03\\\/AchtSzenarien.jpg?fit=645%2C902&ssl=1\",\"width\":645,\"height\":902,\"caption\":\"Die Acht Szenarien\"},{\"@type\":\"BreadcrumbList\",\"@id\":\"https:\\\/\\\/www.klaus-janowitz.de\\\/wordpress\\\/neue-soziale-dynamik-mit-common-meeting-ground\\\/#breadcrumb\",\"itemListElement\":[{\"@type\":\"ListItem\",\"position\":1,\"name\":\"Startseite\",\"item\":\"https:\\\/\\\/www.klaus-janowitz.de\\\/wordpress\\\/\"},{\"@type\":\"ListItem\",\"position\":2,\"name\":\"Neue Soziale Dynamik im Common Meeting Ground\"}]},{\"@type\":\"WebSite\",\"@id\":\"https:\\\/\\\/www.klaus-janowitz.de\\\/wordpress\\\/#website\",\"url\":\"https:\\\/\\\/www.klaus-janowitz.de\\\/wordpress\\\/\",\"name\":\"Netnographie &amp; Digitaler Wandel\",\"description\":\"Blog rund um die Themen Netnographie, Online-Kultur und Digitalen Wandel\",\"potentialAction\":[{\"@type\":\"SearchAction\",\"target\":{\"@type\":\"EntryPoint\",\"urlTemplate\":\"https:\\\/\\\/www.klaus-janowitz.de\\\/wordpress\\\/?s={search_term_string}\"},\"query-input\":{\"@type\":\"PropertyValueSpecification\",\"valueRequired\":true,\"valueName\":\"search_term_string\"}}],\"inLanguage\":\"de\"},{\"@type\":\"Person\",\"@id\":\"https:\\\/\\\/www.klaus-janowitz.de\\\/wordpress\\\/#\\\/schema\\\/person\\\/010eda704157cb8ce4370bfd0376c858\",\"name\":\"KlausMJan\",\"image\":{\"@type\":\"ImageObject\",\"inLanguage\":\"de\",\"@id\":\"https:\\\/\\\/secure.gravatar.com\\\/avatar\\\/94d3059bf264a4da1fe44d92721e645980d64122c3365532a3b1517b78db5093?s=96&r=g\",\"url\":\"https:\\\/\\\/secure.gravatar.com\\\/avatar\\\/94d3059bf264a4da1fe44d92721e645980d64122c3365532a3b1517b78db5093?s=96&r=g\",\"contentUrl\":\"https:\\\/\\\/secure.gravatar.com\\\/avatar\\\/94d3059bf264a4da1fe44d92721e645980d64122c3365532a3b1517b78db5093?s=96&r=g\",\"caption\":\"KlausMJan\"},\"sameAs\":[\"http:\\\/\\\/www.netnographie.eu\\\/wordpress\"],\"url\":\"https:\\\/\\\/www.klaus-janowitz.de\\\/wordpress\\\/author\\\/klausmjan\\\/\"}]}<\/script>\n<!-- \/ Yoast SEO plugin. -->","yoast_head_json":{"title":"Neue Soziale Dynamik im Common Meeting Ground - Netnographie &amp; Digitaler Wandel","robots":{"index":"index","follow":"follow","max-snippet":"max-snippet:-1","max-image-preview":"max-image-preview:large","max-video-preview":"max-video-preview:-1"},"canonical":"https:\/\/www.klaus-janowitz.de\/wordpress\/neue-soziale-dynamik-mit-common-meeting-ground\/","og_locale":"de_DE","og_type":"article","og_title":"Neue Soziale Dynamik im Common Meeting Ground - Netnographie &amp; Digitaler Wandel","og_description":"Noch einmal ein Einstieg mit Postcorona &#8211; Szenarien: K\u00fcrzlich\u00a0wurden die aktualisierten Ergebnisse vom\u00a0 ScMI (zum direkten download auf der Seite der ScMI; vgl. auch die Landkarte der Zukunft) vorgestellt. Ganz aktuell ist der Stand nicht, die Ergebnisse beruhen auf den Daten von 11\/2020. Die Ergebnisse von 4\/2020 hatte ich im letzten Fr\u00fchjahr gemeinsam mit einigen &hellip; \u201eNeue Soziale Dynamik im Common Meeting Ground\u201c weiterlesen","og_url":"https:\/\/www.klaus-janowitz.de\/wordpress\/neue-soziale-dynamik-mit-common-meeting-ground\/","og_site_name":"Netnographie &amp; Digitaler Wandel","article_published_time":"2021-03-30T12:39:49+00:00","article_modified_time":"2021-03-31T10:46:32+00:00","og_image":[{"url":"https:\/\/www.klaus-janowitz.de\/wordpress\/wp-content\/uploads\/2021\/03\/AchtSzenarien-215x300.jpg","type":"","width":"","height":""}],"author":"KlausMJan","twitter_card":"summary_large_image","twitter_misc":{"Verfasst von":"KlausMJan","Gesch\u00e4tzte Lesezeit":"4\u00a0Minuten"},"schema":{"@context":"https:\/\/schema.org","@graph":[{"@type":"Article","@id":"https:\/\/www.klaus-janowitz.de\/wordpress\/neue-soziale-dynamik-mit-common-meeting-ground\/#article","isPartOf":{"@id":"https:\/\/www.klaus-janowitz.de\/wordpress\/neue-soziale-dynamik-mit-common-meeting-ground\/"},"author":{"name":"KlausMJan","@id":"https:\/\/www.klaus-janowitz.de\/wordpress\/#\/schema\/person\/010eda704157cb8ce4370bfd0376c858"},"headline":"Neue Soziale Dynamik im Common Meeting Ground","datePublished":"2021-03-30T12:39:49+00:00","dateModified":"2021-03-31T10:46:32+00:00","mainEntityOfPage":{"@id":"https:\/\/www.klaus-janowitz.de\/wordpress\/neue-soziale-dynamik-mit-common-meeting-ground\/"},"wordCount":783,"commentCount":0,"image":{"@id":"https:\/\/www.klaus-janowitz.de\/wordpress\/neue-soziale-dynamik-mit-common-meeting-ground\/#primaryimage"},"thumbnailUrl":"https:\/\/www.klaus-janowitz.de\/wordpress\/wp-content\/uploads\/2021\/03\/AchtSzenarien-215x300.jpg","keywords":["Corona","digitaler Wandel","Soziologie","vernetzter Individualismus"],"articleSection":{"1":"Corona","2":"Digitaler Wandel"},"inLanguage":"de","potentialAction":[{"@type":"CommentAction","name":"Comment","target":["https:\/\/www.klaus-janowitz.de\/wordpress\/neue-soziale-dynamik-mit-common-meeting-ground\/#respond"]}]},{"@type":"WebPage","@id":"https:\/\/www.klaus-janowitz.de\/wordpress\/neue-soziale-dynamik-mit-common-meeting-ground\/","url":"https:\/\/www.klaus-janowitz.de\/wordpress\/neue-soziale-dynamik-mit-common-meeting-ground\/","name":"Neue Soziale Dynamik im Common Meeting Ground - Netnographie &amp; Digitaler Wandel","isPartOf":{"@id":"https:\/\/www.klaus-janowitz.de\/wordpress\/#website"},"primaryImageOfPage":{"@id":"https:\/\/www.klaus-janowitz.de\/wordpress\/neue-soziale-dynamik-mit-common-meeting-ground\/#primaryimage"},"image":{"@id":"https:\/\/www.klaus-janowitz.de\/wordpress\/neue-soziale-dynamik-mit-common-meeting-ground\/#primaryimage"},"thumbnailUrl":"https:\/\/www.klaus-janowitz.de\/wordpress\/wp-content\/uploads\/2021\/03\/AchtSzenarien-215x300.jpg","datePublished":"2021-03-30T12:39:49+00:00","dateModified":"2021-03-31T10:46:32+00:00","author":{"@id":"https:\/\/www.klaus-janowitz.de\/wordpress\/#\/schema\/person\/010eda704157cb8ce4370bfd0376c858"},"breadcrumb":{"@id":"https:\/\/www.klaus-janowitz.de\/wordpress\/neue-soziale-dynamik-mit-common-meeting-ground\/#breadcrumb"},"inLanguage":"de","potentialAction":[{"@type":"ReadAction","target":["https:\/\/www.klaus-janowitz.de\/wordpress\/neue-soziale-dynamik-mit-common-meeting-ground\/"]}]},{"@type":"ImageObject","inLanguage":"de","@id":"https:\/\/www.klaus-janowitz.de\/wordpress\/neue-soziale-dynamik-mit-common-meeting-ground\/#primaryimage","url":"https:\/\/i0.wp.com\/www.klaus-janowitz.de\/wordpress\/wp-content\/uploads\/2021\/03\/AchtSzenarien.jpg?fit=645%2C902&ssl=1","contentUrl":"https:\/\/i0.wp.com\/www.klaus-janowitz.de\/wordpress\/wp-content\/uploads\/2021\/03\/AchtSzenarien.jpg?fit=645%2C902&ssl=1","width":645,"height":902,"caption":"Die Acht Szenarien"},{"@type":"BreadcrumbList","@id":"https:\/\/www.klaus-janowitz.de\/wordpress\/neue-soziale-dynamik-mit-common-meeting-ground\/#breadcrumb","itemListElement":[{"@type":"ListItem","position":1,"name":"Startseite","item":"https:\/\/www.klaus-janowitz.de\/wordpress\/"},{"@type":"ListItem","position":2,"name":"Neue Soziale Dynamik im Common Meeting Ground"}]},{"@type":"WebSite","@id":"https:\/\/www.klaus-janowitz.de\/wordpress\/#website","url":"https:\/\/www.klaus-janowitz.de\/wordpress\/","name":"Netnographie &amp; Digitaler Wandel","description":"Blog rund um die Themen Netnographie, Online-Kultur und Digitalen Wandel","potentialAction":[{"@type":"SearchAction","target":{"@type":"EntryPoint","urlTemplate":"https:\/\/www.klaus-janowitz.de\/wordpress\/?s={search_term_string}"},"query-input":{"@type":"PropertyValueSpecification","valueRequired":true,"valueName":"search_term_string"}}],"inLanguage":"de"},{"@type":"Person","@id":"https:\/\/www.klaus-janowitz.de\/wordpress\/#\/schema\/person\/010eda704157cb8ce4370bfd0376c858","name":"KlausMJan","image":{"@type":"ImageObject","inLanguage":"de","@id":"https:\/\/secure.gravatar.com\/avatar\/94d3059bf264a4da1fe44d92721e645980d64122c3365532a3b1517b78db5093?s=96&r=g","url":"https:\/\/secure.gravatar.com\/avatar\/94d3059bf264a4da1fe44d92721e645980d64122c3365532a3b1517b78db5093?s=96&r=g","contentUrl":"https:\/\/secure.gravatar.com\/avatar\/94d3059bf264a4da1fe44d92721e645980d64122c3365532a3b1517b78db5093?s=96&r=g","caption":"KlausMJan"},"sameAs":["http:\/\/www.netnographie.eu\/wordpress"],"url":"https:\/\/www.klaus-janowitz.de\/wordpress\/author\/klausmjan\/"}]}},"jetpack_publicize_connections":[],"jetpack_featured_media_url":"","jetpack_sharing_enabled":true,"jetpack_shortlink":"https:\/\/wp.me\/p15Wn2-hm5","jetpack_likes_enabled":true,"jetpack-related-posts":[{"id":16930,"url":"https:\/\/www.klaus-janowitz.de\/wordpress\/post-corona-szenarien-fuer-die-zeit-danach\/","url_meta":{"origin":66717,"position":0},"title":"Post- Corona &#8211; Szenarien f\u00fcr die Zeit danach","author":"KlausMJan","date":"2. Juni 2020","format":false,"excerpt":"Corona, ein Ausl\u00f6ser gesellschaftlichen Wandels?\u00a0 - oder sogar eine Zeitenwende? Parallel zur Bew\u00e4ltigung der Covid19-Pandemie, sind die Debatten zur Welt nach Corona im auslaufenden Lockdown er\u00f6ffnet. Die m\u00f6glichen Zuk\u00fcnfte werden oft anhand von Szenarien diskutiert - dabei treten bestimmte\u00a0 Modelle immer wieder hervor. Kurzfristig geht es um das gesellschaftliche Leben\u2026","rel":"","context":"In &quot;Allgemein&quot;","block_context":{"text":"Allgemein","link":"https:\/\/www.klaus-janowitz.de\/wordpress\/category\/allgemein\/"},"img":{"alt_text":"","src":"https:\/\/i0.wp.com\/www.klaus-janowitz.de\/wordpress\/wp-content\/uploads\/2020\/05\/Covid-19_Krise-193x300.jpeg?resize=350%2C200&ssl=1","width":350,"height":200},"classes":[]},{"id":66351,"url":"https:\/\/www.klaus-janowitz.de\/wordpress\/post-covid-neue-horizonte-oder-goldene-zwanziger\/","url_meta":{"origin":66717,"position":1},"title":"Post Covid &#8211; Neue Horizonte oder Goldene Zwanziger?","author":"KlausMJan","date":"5. M\u00e4rz 2021","format":false,"excerpt":"Ein Jahr Corona- Krise, das heisst auch ein Jahr Zukunftsdiskussion mit (unbestimmter) Terminierung: Das Thema Post Covid spielt immer im Hintergrund und mischt sich mit den schon l\u00e4nger gef\u00fchrten Zukunftsdiskussionen. Im Laufe der\u00a0 Corona- Krise wurde Zukunft zum Buzzword. Ganz sicher bedeutet die Pandemie einen Einschnitt, der die Zeit in\u2026","rel":"","context":"In &quot;Allgemein&quot;","block_context":{"text":"Allgemein","link":"https:\/\/www.klaus-janowitz.de\/wordpress\/category\/allgemein\/"},"img":{"alt_text":"","src":"https:\/\/i0.wp.com\/www.klaus-janowitz.de\/wordpress\/wp-content\/uploads\/2020\/05\/Landkarte-der-Zukunft-300x272.jpg?resize=350%2C200&ssl=1","width":350,"height":200},"classes":[]},{"id":42207,"url":"https:\/\/www.klaus-janowitz.de\/wordpress\/buzzword-zukunft\/","url_meta":{"origin":66717,"position":2},"title":"Buzzword Zukunft?","author":"KlausMJan","date":"27. Dezember 2020","format":false,"excerpt":"Soviel wie gerade jetzt wurde selten von der Zukunft gesprochen - die Corona- Krise hat das Thema nach oben gedr\u00fcckt. Es ist weniger eine Debatte, in der Standpunkte gegen\u00fcberstehen, als eine Vielzahl von Bestandsaufnahmen, die Unsicherheit von Einsch\u00e4tzungen, die Suche nach einer Haltung -\u00a0 und steht ein Begriff erst einmal\u2026","rel":"","context":"In &quot;Allgemein&quot;","block_context":{"text":"Allgemein","link":"https:\/\/www.klaus-janowitz.de\/wordpress\/category\/allgemein\/"},"img":{"alt_text":"","src":"https:\/\/i0.wp.com\/www.klaus-janowitz.de\/wordpress\/wp-content\/uploads\/2020\/12\/Future_now-200x300.jpg?resize=350%2C200&ssl=1","width":350,"height":200},"classes":[]},{"id":9172,"url":"https:\/\/www.klaus-janowitz.de\/wordpress\/world-cafe-transformation-der-systeme\/","url_meta":{"origin":66717,"position":3},"title":"World Caf\u00e9 &#8211; Transformation der Systeme","author":"KlausMJan","date":"22. September 2016","format":false,"excerpt":"Jedes Jahr \u00a0im Herbst, in der letzten Oktoberwoche, startet die Internetwoche K\u00f6ln. Mittlerweile bei Nummer 7 angelangt und diesmal mit dem Untertitel \"Das Festival f\u00fcr die digitale Wirtschaft und Gesellschaft\". Beteiligt sind\u00a0Akteure der digitalen Szene K\u00f6ln: StartUps und andere Unternehmen, Hochschulen, \u00f6ffentliche Einrichtungen, Verb\u00e4nde, Anwaltskanzleien (!) und unabh\u00e4ngige Veranstalter. Insgesamt\u2026","rel":"","context":"In &quot;Digitaler Wandel&quot;","block_context":{"text":"Digitaler Wandel","link":"https:\/\/www.klaus-janowitz.de\/wordpress\/category\/digitaler-wandel\/"},"img":{"alt_text":"Hashtag","src":"https:\/\/i0.wp.com\/www.klaus-janowitz.de\/wordpress\/wp-content\/uploads\/2016\/03\/Hashtag-300x248.jpg?resize=350%2C200","width":350,"height":200},"classes":[]},{"id":10167,"url":"https:\/\/www.klaus-janowitz.de\/wordpress\/d2030-szenarios-der-transformation\/","url_meta":{"origin":66717,"position":4},"title":"D2030 &#8211; Szenarios der Transformation","author":"KlausMJan","date":"6. Juli 2017","format":false,"excerpt":"Wenn es um Digitalen Wandel bzw.\u00a0Digitale Transformation\u00a0geht es immer auch um Aussagen zur Zukunft. Wohin treibt der Wandel? Wie transformieren sich Systeme?\u00a0Digitale Innovationen haben in den vergangenen Jahrzehnten eine Branche nach der anderen umgekrempelt, die \u00f6ffentliche Kommunikation neu definiert, weiterhin treibt Digitalisierung Ver\u00e4nderungen in Wirtschaft und Gesellschaft an. Immer deutlicher\u2026","rel":"","context":"In &quot;Digitaler Wandel&quot;","block_context":{"text":"Digitaler Wandel","link":"https:\/\/www.klaus-janowitz.de\/wordpress\/category\/digitaler-wandel\/"},"img":{"alt_text":"","src":"https:\/\/i0.wp.com\/www.klaus-janowitz.de\/wordpress\/wp-content\/uploads\/2017\/07\/Zukunftslandkarte-277x300.jpg?resize=350%2C200","width":350,"height":200},"classes":[]},{"id":9738,"url":"https:\/\/www.klaus-janowitz.de\/wordpress\/rueckblick-transformation-der-systeme\/","url_meta":{"origin":66717,"position":5},"title":"R\u00fcckblick &#8220;Transformation der Systeme&#8221;","author":"KlausMJan","date":"17. Januar 2017","format":false,"excerpt":"Zwar liegt die 7. Internetwoche K\u00f6ln (24. - 28.10. 16) schon eine Zeit zur\u00fcck. An zweien der Veranstaltungen war ich massgeblich beteiligt\u00a0- und es lohnt sich auf die Ergebnisse zur\u00fcckzublicken. Zun\u00e4chst die Diskussionsveranstaltung Education 2.0\u00a0im Startplatz am 24.10., am Folgetag dann mit thematischer und personeller \u00dcberschneidung der Workshop Transformation der\u2026","rel":"","context":"In &quot;Allgemein&quot;","block_context":{"text":"Allgemein","link":"https:\/\/www.klaus-janowitz.de\/wordpress\/category\/allgemein\/"},"img":{"alt_text":"","src":"https:\/\/i0.wp.com\/www.klaus-janowitz.de\/wordpress\/wp-content\/uploads\/2016\/12\/Handel-300x225.jpg?resize=350%2C200","width":350,"height":200},"classes":[]}],"_links":{"self":[{"href":"https:\/\/www.klaus-janowitz.de\/wordpress\/wp-json\/wp\/v2\/posts\/66717","targetHints":{"allow":["GET"]}}],"collection":[{"href":"https:\/\/www.klaus-janowitz.de\/wordpress\/wp-json\/wp\/v2\/posts"}],"about":[{"href":"https:\/\/www.klaus-janowitz.de\/wordpress\/wp-json\/wp\/v2\/types\/post"}],"author":[{"embeddable":true,"href":"https:\/\/www.klaus-janowitz.de\/wordpress\/wp-json\/wp\/v2\/users\/1"}],"replies":[{"embeddable":true,"href":"https:\/\/www.klaus-janowitz.de\/wordpress\/wp-json\/wp\/v2\/comments?post=66717"}],"version-history":[{"count":47,"href":"https:\/\/www.klaus-janowitz.de\/wordpress\/wp-json\/wp\/v2\/posts\/66717\/revisions"}],"predecessor-version":[{"id":66817,"href":"https:\/\/www.klaus-janowitz.de\/wordpress\/wp-json\/wp\/v2\/posts\/66717\/revisions\/66817"}],"wp:attachment":[{"href":"https:\/\/www.klaus-janowitz.de\/wordpress\/wp-json\/wp\/v2\/media?parent=66717"}],"wp:term":[{"taxonomy":"category","embeddable":true,"href":"https:\/\/www.klaus-janowitz.de\/wordpress\/wp-json\/wp\/v2\/categories?post=66717"},{"taxonomy":"post_tag","embeddable":true,"href":"https:\/\/www.klaus-janowitz.de\/wordpress\/wp-json\/wp\/v2\/tags?post=66717"}],"curies":[{"name":"wp","href":"https:\/\/api.w.org\/{rel}","templated":true}]}}