{"id":48599,"date":"2021-02-07T16:01:36","date_gmt":"2021-02-07T15:01:36","guid":{"rendered":"https:\/\/www.klaus-janowitz.de\/wordpress\/?p=48599"},"modified":"2021-03-06T11:14:30","modified_gmt":"2021-03-06T10:14:30","slug":"neue-medienoeffentlichkeiten","status":"publish","type":"post","link":"https:\/\/www.klaus-janowitz.de\/wordpress\/neue-medienoeffentlichkeiten\/","title":{"rendered":"Neue Medien\u00f6ffentlichkeiten?"},"content":{"rendered":"<figure id=\"attachment_59964\" aria-describedby=\"caption-attachment-59964\" style=\"width: 267px\" class=\"wp-caption alignright\"><a href=\"https:\/\/i0.wp.com\/www.klaus-janowitz.de\/wordpress\/wp-content\/uploads\/2021\/01\/IMG_7698.jpg?ssl=1\"><img data-recalc-dims=\"1\" fetchpriority=\"high\" decoding=\"async\" class=\" wp-image-59964\" src=\"https:\/\/i0.wp.com\/www.klaus-janowitz.de\/wordpress\/wp-content\/uploads\/2021\/01\/IMG_7698.jpg?resize=267%2C267&#038;ssl=1\" alt=\"\" width=\"267\" height=\"267\" srcset=\"https:\/\/i0.wp.com\/www.klaus-janowitz.de\/wordpress\/wp-content\/uploads\/2021\/01\/IMG_7698.jpg?resize=300%2C300&amp;ssl=1 300w, https:\/\/i0.wp.com\/www.klaus-janowitz.de\/wordpress\/wp-content\/uploads\/2021\/01\/IMG_7698.jpg?resize=1024%2C1024&amp;ssl=1 1024w, https:\/\/i0.wp.com\/www.klaus-janowitz.de\/wordpress\/wp-content\/uploads\/2021\/01\/IMG_7698.jpg?resize=150%2C150&amp;ssl=1 150w, https:\/\/i0.wp.com\/www.klaus-janowitz.de\/wordpress\/wp-content\/uploads\/2021\/01\/IMG_7698.jpg?resize=768%2C768&amp;ssl=1 768w, https:\/\/i0.wp.com\/www.klaus-janowitz.de\/wordpress\/wp-content\/uploads\/2021\/01\/IMG_7698.jpg?resize=100%2C100&amp;ssl=1 100w, https:\/\/i0.wp.com\/www.klaus-janowitz.de\/wordpress\/wp-content\/uploads\/2021\/01\/IMG_7698.jpg?w=1440&amp;ssl=1 1440w\" sizes=\"(max-width: 267px) 100vw, 267px\" \/><\/a><figcaption id=\"caption-attachment-59964\" class=\"wp-caption-text\">\u00d6ffentliche Orte der Begegnung<\/figcaption><\/figure>\n<p style=\"text-align: justify;\">Was bleibt von \u00d6ffentlichkeit in einer Zeit, in der der \u00f6ffentliche Raum zeitweise stillgelegt ist? Gibt es ein Exil im Netz bzw. einen Schub in der Entwicklung von Formaten? Welche\u00a0 Impulse gehen davon aus? \u00d6ffentlichkeit soll als der Ort verstanden werden, an dem gesellschaftlicher Austausch, Konsens, eine <a href=\"https:\/\/www.klaus-janowitz.de\/wordpress\/oeffentliche-meinung-in-der-digitalen-welt-zur-diskussion\/\"><em>\u00f6ffentliche Meinung<\/em><\/a> heranw\u00e4chst bzw. ausgehandelt wird. <em>Medien- \u00f6ffentlichkeit<\/em> kann ein Raum der Begegnung sein, der zwischen Lebenswelten und Erfahrungszusammenh\u00e4ngen synchronisiert*. Einige \u00dcberlegungen und Beobachtungen\u00a0 zusammengetragen &#8230;.<\/p>\n<p style=\"text-align: justify;\">\u00d6ffentliche Orte halten\u00a0 Gesellschaften\u00a0 zusammen. Zun\u00e4chst die physischen Orte der \u00d6ffentlichkeit: Pl\u00e4tze, M\u00e4rkte, Boulevards, Messen, Bibliotheken, Theater und andere Spielst\u00e4tten, Clubs, Bars, Caf\u00e9s u.s.f.\u00a0 Es sind Orte der Begegnung und der Vermischung. Auf M\u00e4rkten und Messen werden Waren und Gesch\u00e4fte ausgehandelt; auch dort, wo nicht gehandelt wird, wird ausgehandelt &#8211; zwar nicht materiell, aber das, was sagbar, vertretbar und vorzeigbar ist, Ansichten und Haltungen, Stil und Geschmack.<br \/>\nMedien erweitern \u00d6ffentlichkeit \u00fcber das physisch erreichbare hinaus. Sp\u00e4testens mit den Zeitschriften der Aufkl\u00e4rung im 18. Jh. konstituierte sich eine nicht ortsgebundene \u00d6ffentlichkeit und es begann sich eine <a style=\"font-size: 1rem;\" href=\"https:\/\/www.klaus-janowitz.de\/wordpress\/oeffentliche-meinung-in-der-digitalen-welt\/\">\u00f6ffentliche Meinung<\/a><span style=\"font-size: 1rem;\"> herauszubilden.<\/span><\/p>\n<figure id=\"attachment_62346\" aria-describedby=\"caption-attachment-62346\" style=\"width: 250px\" class=\"wp-caption alignright\"><a href=\"https:\/\/i0.wp.com\/www.klaus-janowitz.de\/wordpress\/wp-content\/uploads\/2021\/02\/Tagesschau_MikePhil.jpg?ssl=1\"><img data-recalc-dims=\"1\" decoding=\"async\" class=\" wp-image-62346\" src=\"https:\/\/i0.wp.com\/www.klaus-janowitz.de\/wordpress\/wp-content\/uploads\/2021\/02\/Tagesschau_MikePhil.jpg?resize=250%2C212&#038;ssl=1\" alt=\"\" width=\"250\" height=\"212\" srcset=\"https:\/\/i0.wp.com\/www.klaus-janowitz.de\/wordpress\/wp-content\/uploads\/2021\/02\/Tagesschau_MikePhil.jpg?resize=300%2C254&amp;ssl=1 300w, https:\/\/i0.wp.com\/www.klaus-janowitz.de\/wordpress\/wp-content\/uploads\/2021\/02\/Tagesschau_MikePhil.jpg?resize=1024%2C867&amp;ssl=1 1024w, https:\/\/i0.wp.com\/www.klaus-janowitz.de\/wordpress\/wp-content\/uploads\/2021\/02\/Tagesschau_MikePhil.jpg?resize=768%2C651&amp;ssl=1 768w, https:\/\/i0.wp.com\/www.klaus-janowitz.de\/wordpress\/wp-content\/uploads\/2021\/02\/Tagesschau_MikePhil.jpg?resize=1536%2C1301&amp;ssl=1 1536w, https:\/\/i0.wp.com\/www.klaus-janowitz.de\/wordpress\/wp-content\/uploads\/2021\/02\/Tagesschau_MikePhil.jpg?w=1661&amp;ssl=1 1661w\" sizes=\"(max-width: 250px) 100vw, 250px\" \/><\/a><figcaption id=\"caption-attachment-62346\" class=\"wp-caption-text\">Massenmedien sichern eine synchronisierte Vorstellung der Realit\u00e4t. Bild: Mike Philippe. unsplash.com<\/figcaption><\/figure>\n<p style=\"text-align: justify;\">Medien\u00f6ffentlichkeit bedeutete lange Zeit die \u00d6ffentlichkeit der Massenmedien: Presse, TV, Radio; Online- Medien werden nur bedingt dazugez\u00e4hlt. Hervorzuheben ist die <em>Zentralit\u00e4t <\/em>von <em>Massenmedien<\/em>, professionalisierte Macher von Medien (Sender) stehen einem medienkonsumierenden Publikum (Empf\u00e4nger) gegen\u00fcber. Das Berufsbild des Journalismus hat sich daran herausgebildet. Wesentlicher Effekt ist eine <em>synchronisierte\u00a0 Realit\u00e4tsannahme<\/em> &#8211; Massenmedien sorgen daf\u00fcr, dass die Vorstellungen von der Realit\u00e4t nicht allzu stark voneinander abweichen, ein grunds\u00e4tzliches Vertrauen in sie vorausgesetzt. Es sind die Quellen, die herangezogen werden, um eine unsichere Nachricht zu pr\u00fcfen. Was in <em>den Medien<\/em> gemeldet wurde, entsprach auch weitgehend der <em>\u00f6ffentlichen Meinung<\/em>.<br \/>\nZugang und mehr noch Kontrolle der Sender wurde zu einer zentralen Machtbasis. In demokratisch kontrollierten Gesellschaften nannten sich Massenmedien gern die <em>Vierte Gewalt<\/em>, auch wenn sie oft prim\u00e4r wirtschaftlichen Interessen folgten.<br \/>\nDigitale Medien\u00f6ffentlichkeiten haben das <em>System Massenmedien<\/em> aufgebrochen. Zwar hat es immer alternative Medien\u00f6ffentlichkeiten <span style=\"font-size: small; line-height: 2px;\">(der Begriff wurde erst in den letzten Jahren einschl\u00e4gig gekapert und umgedeutet)<\/span><span style=\"font-size: 1rem;\"> gegeben, sie verstanden sich meist sub- bzw. gegenkulturell &#8211; Einfluss auf die Gesamtgesellschaft nahmen sie erst in einem langfristigen Wandel.<\/span><\/p>\n<p style=\"text-align: justify;\">Die fr\u00fche Netz\u00f6ffentlichkeit\u00a0 der Jahrtausendwende und einiger Jahre danach, sp\u00e4ter Web 2.0 genannt, verstand sich oft als Bewegung, als eine <em>Netzkultur.\u00a0<\/em> Noch Mitte der 10er Jahre sprach man von einer Netzgemeinschaft <span style=\"font-size: small; line-height: 2px;\">(s. <a href=\"https:\/\/www.klaus-janowitz.de\/wordpress\/new-media-culture-mediale-phaenomene-der-netzkultur-rez\/\" target=\"_blank\" rel=\"noopener\"><em>New Media Culture<\/em><\/a>, 2015)<\/span>. Damit verbunden waren Erwartungen einer partizipatorischen Kultur und ein gewisses Mass an gesellschaftlicher Utopie, das Energien freisetzt. Heute kann man kaum mehr von einer speziellen Netzkultur bzw. -\u00f6ffentlichkeit sprechen, h\u00f6chstens von einer Szene neben anderen.<br \/>\nSeit Jahren wird das Netz von <em>Informationsintermedi\u00e4ren <\/em>dominiert, v.a. den <em>GAFAM**<\/em>-Konzernen, Zutr\u00e4gern personalisierter\u00a0 Informationen und Meinungen, Inhalte und Angebote. Eine Entwicklung, die schon genauso lange kritisiert wird, bis hin zum <a href=\"https:\/\/www.klaus-janowitz.de\/wordpress\/das-zeitalter-des-ueberwachungskapitalismus-rez\/\" target=\"_blank\" rel=\"noopener\"><em>\u00dcberwachungskapitalismus<\/em><\/a>. In diesen <em>algorithmisch figurierten, personalisierten Medien\u00f6ffentlichkeiten<\/em> konkurrieren private Kommunikation, redaktionelle Medien, Angebote der Unterhaltungswirtschaft und Werbung um Aufmerksamkeit.<\/p>\n<figure id=\"attachment_54212\" aria-describedby=\"caption-attachment-54212\" style=\"width: 260px\" class=\"wp-caption alignright\"><a href=\"https:\/\/i0.wp.com\/www.klaus-janowitz.de\/wordpress\/wp-content\/uploads\/2021\/01\/Zoom-scaled.jpg?ssl=1\"><img data-recalc-dims=\"1\" decoding=\"async\" class=\"wp-image-54212\" src=\"https:\/\/i0.wp.com\/www.klaus-janowitz.de\/wordpress\/wp-content\/uploads\/2021\/01\/Zoom.jpg?resize=260%2C195&#038;ssl=1\" alt=\"\" width=\"260\" height=\"195\" srcset=\"https:\/\/i0.wp.com\/www.klaus-janowitz.de\/wordpress\/wp-content\/uploads\/2021\/01\/Zoom-scaled.jpg?resize=300%2C225&amp;ssl=1 300w, https:\/\/i0.wp.com\/www.klaus-janowitz.de\/wordpress\/wp-content\/uploads\/2021\/01\/Zoom-scaled.jpg?resize=1024%2C768&amp;ssl=1 1024w, https:\/\/i0.wp.com\/www.klaus-janowitz.de\/wordpress\/wp-content\/uploads\/2021\/01\/Zoom-scaled.jpg?resize=768%2C576&amp;ssl=1 768w, https:\/\/i0.wp.com\/www.klaus-janowitz.de\/wordpress\/wp-content\/uploads\/2021\/01\/Zoom-scaled.jpg?resize=1536%2C1152&amp;ssl=1 1536w, https:\/\/i0.wp.com\/www.klaus-janowitz.de\/wordpress\/wp-content\/uploads\/2021\/01\/Zoom-scaled.jpg?resize=2048%2C1536&amp;ssl=1 2048w\" sizes=\"(max-width: 260px) 100vw, 260px\" \/><\/a><figcaption id=\"caption-attachment-54212\" class=\"wp-caption-text\">Zoom: Grundversorgung im Lockdown; Bild: Chris Montgomery, unsplash.com<\/figcaption><\/figure>\n<p style=\"text-align: justify;\">Kann man die Corona- Krise, zumal in der nun l\u00e4nger dauernden Phase, als ein grosses Experiment verstehen, in dem \u00d6ffentlichkeit neu erlebt wird? Ohne die Substitution von Funktionen w\u00e4re ein Lockdown, der die weitgehende Schliessung der physischen \u00d6ffentlichkeit bedeutet, gar nicht m\u00f6glich gewesen, geschweige denn zu ertragen.<br \/>\nWo gelingt die Substitution physischer \u00d6ffentlichkeit &#8211; und wo f\u00fchlt sie sich an als <em>Ersatz? <\/em>Was bleibt davon?\u00a0 Zwar gibt es manchmal \u00dcberdruss <span style=\"font-size: small; line-height: 2px;\">(Zoom fatigue),\u00a0<\/span> doch sind Videocall, Online-Konferenzen und -Diskussionen <em>Neues Normal. <\/em>Tats\u00e4chlich erreichen viele Vortrags- und Diskussionsveranstaltungen mehr Publikum als offline. Die Formate werden bleiben, die letztlich weniger\u00a0 Aufwand ben\u00f6tigen, als im substituierten Original f\u00fcr Mehrnutzen eingesetzt werden muss. Meist ist es der Wegeaufwand, der eingespart werden kann. Mit vielen Formaten wird experimentiert, die Umsetzungen reichen von sinnvoller Erg\u00e4nzung zu Notl\u00f6sung. Messen z.B. scheinen kaum sinnvoll ersetzt werden zu k\u00f6nnen.<br \/>\nHome Office klingt immer noch nach Notl\u00f6sung, dabei erm\u00f6glicht bereits die g\u00e4ngige technische Ausstattung in vieler Hinsicht ortsunabh\u00e4ngige Arbeit &#8211; <em>remote work <\/em>mit all\u00a0 seinen\u00a0 M\u00f6glichkeiten.<\/p>\n<p style=\"text-align: justify;\"><a href=\"https:\/\/i0.wp.com\/www.klaus-janowitz.de\/wordpress\/wp-content\/uploads\/2021\/01\/Clubhouse.jpg?ssl=1\"><img data-recalc-dims=\"1\" loading=\"lazy\" decoding=\"async\" class=\"alignleft wp-image-59381\" src=\"https:\/\/i0.wp.com\/www.klaus-janowitz.de\/wordpress\/wp-content\/uploads\/2021\/01\/Clubhouse.jpg?resize=162%2C162&#038;ssl=1\" alt=\"\" width=\"162\" height=\"162\" srcset=\"https:\/\/i0.wp.com\/www.klaus-janowitz.de\/wordpress\/wp-content\/uploads\/2021\/01\/Clubhouse.jpg?resize=300%2C300&amp;ssl=1 300w, https:\/\/i0.wp.com\/www.klaus-janowitz.de\/wordpress\/wp-content\/uploads\/2021\/01\/Clubhouse.jpg?resize=150%2C150&amp;ssl=1 150w, https:\/\/i0.wp.com\/www.klaus-janowitz.de\/wordpress\/wp-content\/uploads\/2021\/01\/Clubhouse.jpg?resize=100%2C100&amp;ssl=1 100w, https:\/\/i0.wp.com\/www.klaus-janowitz.de\/wordpress\/wp-content\/uploads\/2021\/01\/Clubhouse.jpg?w=729&amp;ssl=1 729w\" sizes=\"(max-width: 162px) 100vw, 162px\" \/><\/a>Einen Hype wie den Start von <strong><em>Clubhouse<\/em><\/strong> gab es im Social Web schon lange nicht mehr. <em>Clubhouse<\/em> kommt gef\u00fchlt einer physischen \u00d6ffentlichkeit n\u00e4her als alle bisherigen Social Media Formate. Es wird verglichen mit Barcamps, der re:publica, mit Thementischen und Caf\u00e9s, wo man sich an den Tisch dazu setzen kann, mit Late- Night Talks und Partygespr\u00e4chen. Gesprochene Sprache ist die selbstverst\u00e4ndlichste Form menschlicher Kommunikation, sie ist definitiv <strong>O-Ton <\/strong>und verb\u00fcrgt Authentizit\u00e4t. Nichts weiter lenkt davon ab, dazu Klarnamen und ein minimalistisches Interface. Themen\/Sessions in den <em>Rooms<\/em> werden angek\u00fcndigt und nach linearem Programmschema meist zu voller Stunde belegt. Gelegentlich wird aufgezeichnet (etwa f\u00fcr einen Podcast), ansonsten Netzkommunikation ohne Konservierungsmittel.<br \/>\nDer Zeitpunkt h\u00e4tte nicht passender sein k\u00f6nnen:\u00a0 Mitten im Lockdown, im grauesten Januar ohne abendliche Ablenkungen, \u00f6ffnet sich direkt aus dem Wohnzimmer ein Fenster in eine \u00d6ffentlichkeit, die vermisst wird. Mit der Corona- Krise und v.a. ihrer pers\u00f6nlichen Bew\u00e4ltigung gibt es ein \u00fcbergreifendes Thema, das jeden trifft. Potentiell und oft auch tats\u00e4chlich ein Ort des Austauschs und der Meinungsfindung.<br \/>\nSicher sind im <em>Clubhouse<\/em> verst\u00e4rkt diejenigen vertreten, die sowieso &#8220;<em>was mit Medien<\/em>&#8221; machen bzw. in \u00f6ffentlicher Kommunikation aktiv sind: Journalisten, Politiker, Comedians, Social Media Aktivisten und all jene, die mit Unternehmenskommunikation ihr Geld verdienen. Ganz sicher verfolgen etliche Teilnehmer eine Agenda, jede Plattform wird auf ihre Potentiale f\u00fcr Marketing und Unternehmenskommunikation abgeklopft. Die l\u00e4ngerfristige Entwicklung h\u00e4ngt wohl von Monetarisierungsmodellen ab.<\/p>\n<p style=\"text-align: justify;\">Wenn es um die Frage gesellschaftlichen Zusammenhalts geht, wird h\u00e4ufig die <em>Fragmentierungsthese<\/em> herangezogen. Kurz zusammengefasst besagt sie, dass mit der zunehmenden Zersplitterung der Medienangebote und des Nutzerverhaltens\u00a0 <em>Synchronisierung<\/em> von Information und einer \u00f6ffentlichen Meinung verloren geht. Schlimmstenfalls existieren kaum verbundene Medien\u00f6ffentlichkeiten nebeneinander her. Politische Lager bzw. kulturelle Milieus, &#8220;<em>Parallelgesellschaften<\/em>&#8221;\u00a0 k\u00f6nnen sich dadurch entfremden.<br \/>\n\u201e<strong>Common Meeting Ground<\/strong>\u201c meint den Raum, den ein (demokratisch funktionierendes) Gemeinwesen braucht, um zu erkennen, welche Themen, welche L\u00f6sungsans\u00e4tze, welche Anspr\u00fcche etc. wichtig sind, in einen \u00fcbergreifenden Diskurs geh\u00f6ren und verhandelt werden m\u00fcssen.\u00a0 Bleibt man beim Begriff der Synchronisation verschiebt sich deren Ort von einer zentralen Instanz, wie den institutionalisierten Massenmedien in den noch n\u00e4her zu definierenden <em>Meeting Ground<\/em>.<br \/>\nVerwendet man den Begriff der <em>\u00d6ffentlichen Meinung<\/em> mit seiner langen Geschichte, gab es immer wieder <em>Medien\u00f6ffentlichkeiten<\/em>, in denen sich eine solche herausbildete &#8211; begonnen mit dem Beispiel des gebildeten B\u00fcrgertums der Aufkl\u00e4rung, das eine <em>\u00d6ffentliche Meinung<\/em> gegen\u00fcber einem monarchischen Staat und v.a. einer \u00fcberm\u00e4chtigen Religion ins Spiel brachte. Auch sp\u00e4ter, bis hin zu Gremien wie Ethikr\u00e4ten etc. war es immer wieder eine Bildungselite, die eine \u00d6ffentliche Meinung definierte.<\/p>\n<p style=\"text-align: justify;\">Derzeit &#8211; mit den Erfahrungen von Lockdown, Corona- Krise und deren sehr unterschiedlich zu tragenden Auswirkungen &#8211; gibt es einen kaum zu untersch\u00e4tzenden Bedarf an <em>Common Meeting Ground<\/em>, an gesellschaftlicher Abstimmung \u00fcber das, <em>was als relevant gilt und kollektiver Probleml\u00f6sungen bedarf<\/em> (Imhof, 2008), verbunden mit weiteren <a href=\"https:\/\/www.klaus-janowitz.de\/wordpress\/buzzword-zukunft\/\" target=\"_blank\" rel=\"noopener\">Debatten zur Zukunftsgestaltung<\/a>: \u201c<em>Ohne positives Narrativ und die Vorstellung einer w\u00fcnschenswerten Zukunft gibt es keinen gesellschaftlichen Konsens, der diese herbeif\u00fchren k\u00f6nnte\u201d<\/em>. Und: \u201cDer gr\u00f6\u00dfte integrative Faktor einer Demokratie ist eine gemeinsame Zukunftsvorstellung.\u201d\u00a0 (Harald Welzer, s.u.)<\/p>\n<p>Ganz nebenher f\u00e4llt auf, dass die plurizentrische \u00d6ffentlichkeit besser mit dem Modell der <a href=\"https:\/\/www.klaus-janowitz.de\/wordpress\/digitale-figurationen\/\" target=\"_blank\" rel=\"noopener\">Figurationen<\/a>\u00a0 zu verstehen ist &#8211; die \u00d6ffentlichkeit der zentrierten Massenmedien besser mit den Begriffen der Systemtheorie.<\/p>\n<p>&nbsp;<\/p>\n<p><span style=\"font-size: small; line-height: 2px;\">* vgl.:\u00a0<b><\/b><\/span><span style=\"font-size: small; line-height: 2px;\"><b>Christian Schwarzenegger:<\/b> Medien\u00f6ffentlichkeit als Raum der Begegnung, Heinrich B\u00f6ll Stiftung, Juni 2019, 25 S.; <\/span><span style=\"font-size: small; line-height: 2px;\">\u00a0 <strong>Felix Stalder <\/strong><a href=\"https:\/\/www.klaus-janowitz.de\/wordpress\/kultur-der-digitlitaet-rez\/\" target=\"_blank\" rel=\"noopener\">Kultur der Digitalit\u00e4t<\/a>. 2016 ,\u00a0 <strong>Stefan Gei\u00df \/ Melanie Magin \/ Birgit Stark \/ Pascal J\u00fcrgens:<\/strong> \u201e<a href=\"https:\/\/doi.org\/10.5771\/1615-634X-2018-4-502\" target=\"_blank\" rel=\"noopener\">Common Meeting Ground\u201d in Gefahr<\/a>? Selektionslogiken politischer Informationsquellen und ihr Einfluss auf die Fragmentierung individueller Themenhorizonte (2018); <strong>Kurt Imhof: <\/strong>Theorie der \u00d6ffentlichkeit als Theorie der Moderne. In C. Winter, A. Hepp &amp; F. Krotz, Theorien der Kommunikations- und Medienwissenschaft (2008, S. 65\u201389).: V<\/span><span style=\"font-size: small; line-height: 2px;\">ideocalls mit<b> Gunnar Sohn<\/b> (<a href=\"https:\/\/ichsagmal.com\/\" target=\"_blank\" rel=\"noopener\">ichsagmal.com<\/a>)<b>,\u00a0 Thomas Riedel <\/b>(<a href=\"https:\/\/www.futurefuture.de\/\">Future Future <\/a>) und<b> Johannes Meier <\/b>(<a href=\"https:\/\/www.youtube.com\/channel\/UC_k5c8wmnJUpk0-O3oAXeCQ\" target=\"_blank\" rel=\"noopener\">journalistic pioneers<\/a>); <strong>Harald Welzer<\/strong>: \u201c<a href=\"https:\/\/www.youtube.com\/watch?v=6fqusD-L6R0&amp;feature=emb_logo&amp;fbclid=IwAR2ioMMHze_Yu5E7qsyL8XOf0vklfp1TXb2AvrW_pFAds4ZdsENYQDIgbFQ\" target=\"_blank\" rel=\"noopener\">Wie sieht eine nachhaltige, moderne Gesellschaft aus?<\/a>\u201d (ab 27. Min.) ZUKUNFTSFRAGEN \u2013 Konferenz zur Nachhaltigkeit| 24.11.2020.**GAFAM= Google-Apple-Facebook-Amazon-Microsoft<\/span><\/p>\n<p><!-- Matomo --><br \/>\n<script type=\"text\/javascript\">\n  var _paq = window._paq = window._paq || [];\n  \/* tracker methods like \"setCustomDimension\" should be called before \"trackPageView\" *\/\n  _paq.push(['trackPageView']);\n  _paq.push(['enableLinkTracking']);\n  (function() {\n    var u=\"\/\/www.klaus-janowitz.de\/piwik\/\";\n    _paq.push(['setTrackerUrl', u+'matomo.php']);\n    _paq.push(['setSiteId', '1']);\n    var d=document, g=d.createElement('script'), s=d.getElementsByTagName('script')[0];\n    g.type='text\/javascript'; g.async=true; g.src=u+'matomo.js'; s.parentNode.insertBefore(g,s);\n  })();\n<\/script><br \/>\n<!-- End Matomo Code --><\/p>\n","protected":false},"excerpt":{"rendered":"<p>Was bleibt von \u00d6ffentlichkeit in einer Zeit, in der der \u00f6ffentliche Raum zeitweise stillgelegt ist? Gibt es ein Exil im Netz bzw. einen Schub in der Entwicklung von Formaten? Welche\u00a0 Impulse gehen davon aus? \u00d6ffentlichkeit soll als der Ort verstanden werden, an dem gesellschaftlicher Austausch, Konsens, eine \u00f6ffentliche Meinung heranw\u00e4chst bzw. ausgehandelt wird. Medien- \u00f6ffentlichkeit &hellip; <\/p>\n<p class=\"link-more\"><a href=\"https:\/\/www.klaus-janowitz.de\/wordpress\/neue-medienoeffentlichkeiten\/\" class=\"more-link\"><span class=\"screen-reader-text\">\u201eNeue Medien\u00f6ffentlichkeiten?\u201c <\/span>weiterlesen<\/a><\/p>\n","protected":false},"author":1,"featured_media":0,"comment_status":"open","ping_status":"open","sticky":false,"template":"","format":"standard","meta":{"jetpack_post_was_ever_published":false,"_jetpack_newsletter_access":"","_jetpack_dont_email_post_to_subs":false,"_jetpack_newsletter_tier_id":0,"_jetpack_memberships_contains_paywalled_content":false,"_jetpack_memberships_contains_paid_content":false,"activitypub_content_warning":"","activitypub_content_visibility":"","activitypub_max_image_attachments":4,"activitypub_interaction_policy_quote":"","activitypub_status":"","footnotes":"","jetpack_publicize_message":"","jetpack_publicize_feature_enabled":true,"jetpack_social_post_already_shared":true,"jetpack_social_options":{"image_generator_settings":{"template":"highway","default_image_id":0,"font":"","enabled":false},"version":2}},"categories":[1,66,15],"tags":[98,125],"class_list":["post-48599","post","type-post","status-publish","format-standard","hentry","category-allgemein","category-digitaler-wandel","category-feuilleton","tag-medienoeffentlichkeit","tag-oeffentliche-meinung"],"yoast_head":"<!-- This site is optimized with the Yoast SEO plugin v27.5 - https:\/\/yoast.com\/product\/yoast-seo-wordpress\/ -->\n<title>Neue Medien\u00f6ffentlichkeiten? - Netnographie &amp; Digitaler Wandel<\/title>\n<meta name=\"robots\" content=\"index, follow, max-snippet:-1, max-image-preview:large, max-video-preview:-1\" \/>\n<link rel=\"canonical\" href=\"https:\/\/www.klaus-janowitz.de\/wordpress\/neue-medienoeffentlichkeiten\/\" \/>\n<meta property=\"og:locale\" content=\"de_DE\" \/>\n<meta property=\"og:type\" content=\"article\" \/>\n<meta property=\"og:title\" content=\"Neue Medien\u00f6ffentlichkeiten? - Netnographie &amp; Digitaler Wandel\" \/>\n<meta property=\"og:description\" content=\"Was bleibt von \u00d6ffentlichkeit in einer Zeit, in der der \u00f6ffentliche Raum zeitweise stillgelegt ist? Gibt es ein Exil im Netz bzw. einen Schub in der Entwicklung von Formaten? Welche\u00a0 Impulse gehen davon aus? \u00d6ffentlichkeit soll als der Ort verstanden werden, an dem gesellschaftlicher Austausch, Konsens, eine \u00f6ffentliche Meinung heranw\u00e4chst bzw. ausgehandelt wird. Medien- \u00f6ffentlichkeit &hellip; \u201eNeue Medien\u00f6ffentlichkeiten?\u201c weiterlesen\" \/>\n<meta property=\"og:url\" content=\"https:\/\/www.klaus-janowitz.de\/wordpress\/neue-medienoeffentlichkeiten\/\" \/>\n<meta property=\"og:site_name\" content=\"Netnographie &amp; Digitaler Wandel\" \/>\n<meta property=\"article:published_time\" content=\"2021-02-07T15:01:36+00:00\" \/>\n<meta property=\"article:modified_time\" content=\"2021-03-06T10:14:30+00:00\" \/>\n<meta property=\"og:image\" content=\"https:\/\/www.klaus-janowitz.de\/wordpress\/wp-content\/uploads\/2021\/01\/IMG_7698-300x300.jpg\" \/>\n<meta name=\"author\" content=\"KlausMJan\" \/>\n<meta name=\"twitter:card\" content=\"summary_large_image\" \/>\n<meta name=\"twitter:label1\" content=\"Verfasst von\" \/>\n\t<meta name=\"twitter:data1\" content=\"KlausMJan\" \/>\n\t<meta name=\"twitter:label2\" content=\"Gesch\u00e4tzte Lesezeit\" \/>\n\t<meta name=\"twitter:data2\" content=\"7\u00a0Minuten\" \/>\n<script type=\"application\/ld+json\" class=\"yoast-schema-graph\">{\"@context\":\"https:\\\/\\\/schema.org\",\"@graph\":[{\"@type\":\"Article\",\"@id\":\"https:\\\/\\\/www.klaus-janowitz.de\\\/wordpress\\\/neue-medienoeffentlichkeiten\\\/#article\",\"isPartOf\":{\"@id\":\"https:\\\/\\\/www.klaus-janowitz.de\\\/wordpress\\\/neue-medienoeffentlichkeiten\\\/\"},\"author\":{\"name\":\"KlausMJan\",\"@id\":\"https:\\\/\\\/www.klaus-janowitz.de\\\/wordpress\\\/#\\\/schema\\\/person\\\/010eda704157cb8ce4370bfd0376c858\"},\"headline\":\"Neue Medien\u00f6ffentlichkeiten?\",\"datePublished\":\"2021-02-07T15:01:36+00:00\",\"dateModified\":\"2021-03-06T10:14:30+00:00\",\"mainEntityOfPage\":{\"@id\":\"https:\\\/\\\/www.klaus-janowitz.de\\\/wordpress\\\/neue-medienoeffentlichkeiten\\\/\"},\"wordCount\":1389,\"commentCount\":0,\"image\":{\"@id\":\"https:\\\/\\\/www.klaus-janowitz.de\\\/wordpress\\\/neue-medienoeffentlichkeiten\\\/#primaryimage\"},\"thumbnailUrl\":\"https:\\\/\\\/www.klaus-janowitz.de\\\/wordpress\\\/wp-content\\\/uploads\\\/2021\\\/01\\\/IMG_7698-300x300.jpg\",\"keywords\":[\"Medien\u00f6ffentlichkeit\",\"\u00d6ffentliche Meinung\"],\"articleSection\":{\"1\":\"Digitaler Wandel\",\"2\":\"Feuilleton\"},\"inLanguage\":\"de\",\"potentialAction\":[{\"@type\":\"CommentAction\",\"name\":\"Comment\",\"target\":[\"https:\\\/\\\/www.klaus-janowitz.de\\\/wordpress\\\/neue-medienoeffentlichkeiten\\\/#respond\"]}]},{\"@type\":\"WebPage\",\"@id\":\"https:\\\/\\\/www.klaus-janowitz.de\\\/wordpress\\\/neue-medienoeffentlichkeiten\\\/\",\"url\":\"https:\\\/\\\/www.klaus-janowitz.de\\\/wordpress\\\/neue-medienoeffentlichkeiten\\\/\",\"name\":\"Neue Medien\u00f6ffentlichkeiten? - Netnographie &amp; Digitaler Wandel\",\"isPartOf\":{\"@id\":\"https:\\\/\\\/www.klaus-janowitz.de\\\/wordpress\\\/#website\"},\"primaryImageOfPage\":{\"@id\":\"https:\\\/\\\/www.klaus-janowitz.de\\\/wordpress\\\/neue-medienoeffentlichkeiten\\\/#primaryimage\"},\"image\":{\"@id\":\"https:\\\/\\\/www.klaus-janowitz.de\\\/wordpress\\\/neue-medienoeffentlichkeiten\\\/#primaryimage\"},\"thumbnailUrl\":\"https:\\\/\\\/www.klaus-janowitz.de\\\/wordpress\\\/wp-content\\\/uploads\\\/2021\\\/01\\\/IMG_7698-300x300.jpg\",\"datePublished\":\"2021-02-07T15:01:36+00:00\",\"dateModified\":\"2021-03-06T10:14:30+00:00\",\"author\":{\"@id\":\"https:\\\/\\\/www.klaus-janowitz.de\\\/wordpress\\\/#\\\/schema\\\/person\\\/010eda704157cb8ce4370bfd0376c858\"},\"breadcrumb\":{\"@id\":\"https:\\\/\\\/www.klaus-janowitz.de\\\/wordpress\\\/neue-medienoeffentlichkeiten\\\/#breadcrumb\"},\"inLanguage\":\"de\",\"potentialAction\":[{\"@type\":\"ReadAction\",\"target\":[\"https:\\\/\\\/www.klaus-janowitz.de\\\/wordpress\\\/neue-medienoeffentlichkeiten\\\/\"]}]},{\"@type\":\"ImageObject\",\"inLanguage\":\"de\",\"@id\":\"https:\\\/\\\/www.klaus-janowitz.de\\\/wordpress\\\/neue-medienoeffentlichkeiten\\\/#primaryimage\",\"url\":\"https:\\\/\\\/i0.wp.com\\\/www.klaus-janowitz.de\\\/wordpress\\\/wp-content\\\/uploads\\\/2021\\\/01\\\/IMG_7698.jpg?fit=1440%2C1440&ssl=1\",\"contentUrl\":\"https:\\\/\\\/i0.wp.com\\\/www.klaus-janowitz.de\\\/wordpress\\\/wp-content\\\/uploads\\\/2021\\\/01\\\/IMG_7698.jpg?fit=1440%2C1440&ssl=1\",\"width\":1440,\"height\":1440,\"caption\":\"\u00d6ffentlcihe Orte der Begegnung\"},{\"@type\":\"BreadcrumbList\",\"@id\":\"https:\\\/\\\/www.klaus-janowitz.de\\\/wordpress\\\/neue-medienoeffentlichkeiten\\\/#breadcrumb\",\"itemListElement\":[{\"@type\":\"ListItem\",\"position\":1,\"name\":\"Startseite\",\"item\":\"https:\\\/\\\/www.klaus-janowitz.de\\\/wordpress\\\/\"},{\"@type\":\"ListItem\",\"position\":2,\"name\":\"Neue Medien\u00f6ffentlichkeiten?\"}]},{\"@type\":\"WebSite\",\"@id\":\"https:\\\/\\\/www.klaus-janowitz.de\\\/wordpress\\\/#website\",\"url\":\"https:\\\/\\\/www.klaus-janowitz.de\\\/wordpress\\\/\",\"name\":\"Netnographie &amp; Digitaler Wandel\",\"description\":\"Blog rund um die Themen Netnographie, Online-Kultur und Digitalen Wandel\",\"potentialAction\":[{\"@type\":\"SearchAction\",\"target\":{\"@type\":\"EntryPoint\",\"urlTemplate\":\"https:\\\/\\\/www.klaus-janowitz.de\\\/wordpress\\\/?s={search_term_string}\"},\"query-input\":{\"@type\":\"PropertyValueSpecification\",\"valueRequired\":true,\"valueName\":\"search_term_string\"}}],\"inLanguage\":\"de\"},{\"@type\":\"Person\",\"@id\":\"https:\\\/\\\/www.klaus-janowitz.de\\\/wordpress\\\/#\\\/schema\\\/person\\\/010eda704157cb8ce4370bfd0376c858\",\"name\":\"KlausMJan\",\"image\":{\"@type\":\"ImageObject\",\"inLanguage\":\"de\",\"@id\":\"https:\\\/\\\/secure.gravatar.com\\\/avatar\\\/94d3059bf264a4da1fe44d92721e645980d64122c3365532a3b1517b78db5093?s=96&r=g\",\"url\":\"https:\\\/\\\/secure.gravatar.com\\\/avatar\\\/94d3059bf264a4da1fe44d92721e645980d64122c3365532a3b1517b78db5093?s=96&r=g\",\"contentUrl\":\"https:\\\/\\\/secure.gravatar.com\\\/avatar\\\/94d3059bf264a4da1fe44d92721e645980d64122c3365532a3b1517b78db5093?s=96&r=g\",\"caption\":\"KlausMJan\"},\"sameAs\":[\"http:\\\/\\\/www.netnographie.eu\\\/wordpress\"],\"url\":\"https:\\\/\\\/www.klaus-janowitz.de\\\/wordpress\\\/author\\\/klausmjan\\\/\"}]}<\/script>\n<!-- \/ Yoast SEO plugin. -->","yoast_head_json":{"title":"Neue Medien\u00f6ffentlichkeiten? - Netnographie &amp; Digitaler Wandel","robots":{"index":"index","follow":"follow","max-snippet":"max-snippet:-1","max-image-preview":"max-image-preview:large","max-video-preview":"max-video-preview:-1"},"canonical":"https:\/\/www.klaus-janowitz.de\/wordpress\/neue-medienoeffentlichkeiten\/","og_locale":"de_DE","og_type":"article","og_title":"Neue Medien\u00f6ffentlichkeiten? - Netnographie &amp; Digitaler Wandel","og_description":"Was bleibt von \u00d6ffentlichkeit in einer Zeit, in der der \u00f6ffentliche Raum zeitweise stillgelegt ist? Gibt es ein Exil im Netz bzw. einen Schub in der Entwicklung von Formaten? Welche\u00a0 Impulse gehen davon aus? \u00d6ffentlichkeit soll als der Ort verstanden werden, an dem gesellschaftlicher Austausch, Konsens, eine \u00f6ffentliche Meinung heranw\u00e4chst bzw. ausgehandelt wird. Medien- \u00f6ffentlichkeit &hellip; \u201eNeue Medien\u00f6ffentlichkeiten?\u201c weiterlesen","og_url":"https:\/\/www.klaus-janowitz.de\/wordpress\/neue-medienoeffentlichkeiten\/","og_site_name":"Netnographie &amp; Digitaler Wandel","article_published_time":"2021-02-07T15:01:36+00:00","article_modified_time":"2021-03-06T10:14:30+00:00","og_image":[{"url":"https:\/\/www.klaus-janowitz.de\/wordpress\/wp-content\/uploads\/2021\/01\/IMG_7698-300x300.jpg","type":"","width":"","height":""}],"author":"KlausMJan","twitter_card":"summary_large_image","twitter_misc":{"Verfasst von":"KlausMJan","Gesch\u00e4tzte Lesezeit":"7\u00a0Minuten"},"schema":{"@context":"https:\/\/schema.org","@graph":[{"@type":"Article","@id":"https:\/\/www.klaus-janowitz.de\/wordpress\/neue-medienoeffentlichkeiten\/#article","isPartOf":{"@id":"https:\/\/www.klaus-janowitz.de\/wordpress\/neue-medienoeffentlichkeiten\/"},"author":{"name":"KlausMJan","@id":"https:\/\/www.klaus-janowitz.de\/wordpress\/#\/schema\/person\/010eda704157cb8ce4370bfd0376c858"},"headline":"Neue Medien\u00f6ffentlichkeiten?","datePublished":"2021-02-07T15:01:36+00:00","dateModified":"2021-03-06T10:14:30+00:00","mainEntityOfPage":{"@id":"https:\/\/www.klaus-janowitz.de\/wordpress\/neue-medienoeffentlichkeiten\/"},"wordCount":1389,"commentCount":0,"image":{"@id":"https:\/\/www.klaus-janowitz.de\/wordpress\/neue-medienoeffentlichkeiten\/#primaryimage"},"thumbnailUrl":"https:\/\/www.klaus-janowitz.de\/wordpress\/wp-content\/uploads\/2021\/01\/IMG_7698-300x300.jpg","keywords":["Medien\u00f6ffentlichkeit","\u00d6ffentliche Meinung"],"articleSection":{"1":"Digitaler Wandel","2":"Feuilleton"},"inLanguage":"de","potentialAction":[{"@type":"CommentAction","name":"Comment","target":["https:\/\/www.klaus-janowitz.de\/wordpress\/neue-medienoeffentlichkeiten\/#respond"]}]},{"@type":"WebPage","@id":"https:\/\/www.klaus-janowitz.de\/wordpress\/neue-medienoeffentlichkeiten\/","url":"https:\/\/www.klaus-janowitz.de\/wordpress\/neue-medienoeffentlichkeiten\/","name":"Neue Medien\u00f6ffentlichkeiten? - Netnographie &amp; Digitaler Wandel","isPartOf":{"@id":"https:\/\/www.klaus-janowitz.de\/wordpress\/#website"},"primaryImageOfPage":{"@id":"https:\/\/www.klaus-janowitz.de\/wordpress\/neue-medienoeffentlichkeiten\/#primaryimage"},"image":{"@id":"https:\/\/www.klaus-janowitz.de\/wordpress\/neue-medienoeffentlichkeiten\/#primaryimage"},"thumbnailUrl":"https:\/\/www.klaus-janowitz.de\/wordpress\/wp-content\/uploads\/2021\/01\/IMG_7698-300x300.jpg","datePublished":"2021-02-07T15:01:36+00:00","dateModified":"2021-03-06T10:14:30+00:00","author":{"@id":"https:\/\/www.klaus-janowitz.de\/wordpress\/#\/schema\/person\/010eda704157cb8ce4370bfd0376c858"},"breadcrumb":{"@id":"https:\/\/www.klaus-janowitz.de\/wordpress\/neue-medienoeffentlichkeiten\/#breadcrumb"},"inLanguage":"de","potentialAction":[{"@type":"ReadAction","target":["https:\/\/www.klaus-janowitz.de\/wordpress\/neue-medienoeffentlichkeiten\/"]}]},{"@type":"ImageObject","inLanguage":"de","@id":"https:\/\/www.klaus-janowitz.de\/wordpress\/neue-medienoeffentlichkeiten\/#primaryimage","url":"https:\/\/i0.wp.com\/www.klaus-janowitz.de\/wordpress\/wp-content\/uploads\/2021\/01\/IMG_7698.jpg?fit=1440%2C1440&ssl=1","contentUrl":"https:\/\/i0.wp.com\/www.klaus-janowitz.de\/wordpress\/wp-content\/uploads\/2021\/01\/IMG_7698.jpg?fit=1440%2C1440&ssl=1","width":1440,"height":1440,"caption":"\u00d6ffentlcihe Orte der Begegnung"},{"@type":"BreadcrumbList","@id":"https:\/\/www.klaus-janowitz.de\/wordpress\/neue-medienoeffentlichkeiten\/#breadcrumb","itemListElement":[{"@type":"ListItem","position":1,"name":"Startseite","item":"https:\/\/www.klaus-janowitz.de\/wordpress\/"},{"@type":"ListItem","position":2,"name":"Neue Medien\u00f6ffentlichkeiten?"}]},{"@type":"WebSite","@id":"https:\/\/www.klaus-janowitz.de\/wordpress\/#website","url":"https:\/\/www.klaus-janowitz.de\/wordpress\/","name":"Netnographie &amp; Digitaler Wandel","description":"Blog rund um die Themen Netnographie, Online-Kultur und Digitalen Wandel","potentialAction":[{"@type":"SearchAction","target":{"@type":"EntryPoint","urlTemplate":"https:\/\/www.klaus-janowitz.de\/wordpress\/?s={search_term_string}"},"query-input":{"@type":"PropertyValueSpecification","valueRequired":true,"valueName":"search_term_string"}}],"inLanguage":"de"},{"@type":"Person","@id":"https:\/\/www.klaus-janowitz.de\/wordpress\/#\/schema\/person\/010eda704157cb8ce4370bfd0376c858","name":"KlausMJan","image":{"@type":"ImageObject","inLanguage":"de","@id":"https:\/\/secure.gravatar.com\/avatar\/94d3059bf264a4da1fe44d92721e645980d64122c3365532a3b1517b78db5093?s=96&r=g","url":"https:\/\/secure.gravatar.com\/avatar\/94d3059bf264a4da1fe44d92721e645980d64122c3365532a3b1517b78db5093?s=96&r=g","contentUrl":"https:\/\/secure.gravatar.com\/avatar\/94d3059bf264a4da1fe44d92721e645980d64122c3365532a3b1517b78db5093?s=96&r=g","caption":"KlausMJan"},"sameAs":["http:\/\/www.netnographie.eu\/wordpress"],"url":"https:\/\/www.klaus-janowitz.de\/wordpress\/author\/klausmjan\/"}]}},"jetpack_publicize_connections":[],"jetpack_featured_media_url":"","jetpack_sharing_enabled":true,"jetpack_shortlink":"https:\/\/wp.me\/p15Wn2-cDR","jetpack_likes_enabled":true,"jetpack-related-posts":[{"id":12273,"url":"https:\/\/www.klaus-janowitz.de\/wordpress\/oeffentliche-meinung-in-der-digitalen-welt-zur-diskussion\/","url_meta":{"origin":48599,"position":0},"title":"\u00d6ffentliche Meinung in der Digitalen Welt &#8211; Zur Diskussion","author":"KlausMJan","date":"23. Dezember 2018","format":false,"excerpt":"Die Vorstellung von \u00d6ffentlichkeit ist oft von Bildern begleitet - von der Agora und der res publica, vom Caf\u00e9haus, dem Salon, dem Boulevard und der Piazza. Orte einer gleichzeitig visuellen\u00a0 wie diskursiven Kultur. Blickkontakt, das Sehen und Gesehenwerden, fordern Stil und Habitus, im Diskurs entwickelt sich eine - \u00f6ffentliche -\u2026","rel":"","context":"In &quot;Allgemein&quot;","block_context":{"text":"Allgemein","link":"https:\/\/www.klaus-janowitz.de\/wordpress\/category\/allgemein\/"},"img":{"alt_text":"","src":"https:\/\/i0.wp.com\/www.klaus-janowitz.de\/wordpress\/wp-content\/uploads\/2018\/12\/Forum-300x200.jpg?resize=350%2C200&ssl=1","width":350,"height":200},"classes":[]},{"id":12330,"url":"https:\/\/www.klaus-janowitz.de\/wordpress\/oeffentlichkeit-als-geteilte-aufmerksamkeit-zur-diskussion\/","url_meta":{"origin":48599,"position":1},"title":"\u00d6ffentlichkeit als geteilte Aufmerksamkeit \u2013 (zur Diskussion)","author":"KlausMJan","date":"11. Januar 2019","format":false,"excerpt":"Welche Faktoren bestimmen heute das Zustandekommen von \u00f6ffentlicher Meinung? Sind es immer noch die klassischen Massenmedien - oder welchen Anteil haben die personalisierten Teil- \u00d6ffentlichkeiten der sozialen Medien?\u00a0Unter dem Titel \"\u00d6ffentlichkeit als geteilte Aufmerksamkeit \u2013 wie sich \u00f6ffentliche Meinung(en) in der digitalen Welt neu konstruieren\" haben wir (das sind\u00a0Live- Streaming\u2026","rel":"","context":"In &quot;Allgemein&quot;","block_context":{"text":"Allgemein","link":"https:\/\/www.klaus-janowitz.de\/wordpress\/category\/allgemein\/"},"img":{"alt_text":"","src":"","width":0,"height":0},"classes":[]},{"id":85295,"url":"https:\/\/www.klaus-janowitz.de\/wordpress\/demokratie-braucht-begegnung\/","url_meta":{"origin":48599,"position":2},"title":"Demokratie braucht Begegnung","author":"KlausMJan","date":"18. Oktober 2024","format":false,"excerpt":"Demokratie braucht Begegnung\u00a0um zu funktionieren (19) - Begegnung, \u00d6ffentlichkeit und Demokratie sind untrennbar miteinander verbunden: Begegnungen erm\u00f6glichen Austausch, \u00d6ffentlichkeit bietet den Raum daf\u00fcr, und Demokratie ist das politische System, das von diesem Austausch lebt. Liberale Demokratie beruht auf zwei Prinzipien: das Volk ist der Souver\u00e4n, der \u00fcber sein eigenes Schicksal\u2026","rel":"","context":"In &quot;Allgemein&quot;","block_context":{"text":"Allgemein","link":"https:\/\/www.klaus-janowitz.de\/wordpress\/category\/allgemein\/"},"img":{"alt_text":"","src":"https:\/\/i0.wp.com\/www.klaus-janowitz.de\/wordpress\/wp-content\/uploads\/2024\/08\/DEmokratie_Begegnung-180x300.jpg?resize=350%2C200&ssl=1","width":350,"height":200},"classes":[]},{"id":85679,"url":"https:\/\/www.klaus-janowitz.de\/wordpress\/bloggen-im-netz-der-plattformen\/","url_meta":{"origin":48599,"position":3},"title":"Bloggen im Netz der Plattformen","author":"KlausMJan","date":"12. Dezember 2024","format":false,"excerpt":"K\u00fcrzlich (29.11.) war ich bei der Bloggerkonferenz, einem Mini-Online-Barcamp, das dann\u00a0 so mini gar nicht war:\u00a0 >60 TeilnehmerInnen hatten sich eingeloggt - die meisten davon aktive Blogger, darunter eine ganze Reihe bekannter Gesichter. Trotz aller Wendungen eine markant resiliente Szene. Im Netz der Plattformen bilden Blogs eine winzige Nische, die\u2026","rel":"","context":"In &quot;Allgemein&quot;","block_context":{"text":"Allgemein","link":"https:\/\/www.klaus-janowitz.de\/wordpress\/category\/allgemein\/"},"img":{"alt_text":"","src":"https:\/\/i0.wp.com\/www.klaus-janowitz.de\/wordpress\/wp-content\/uploads\/2024\/12\/online-blogger-conference-300x171.jpg?resize=350%2C200&ssl=1","width":350,"height":200},"classes":[]},{"id":69783,"url":"https:\/\/www.klaus-janowitz.de\/wordpress\/common-meeting-ground-und-fragmentierungsthese\/","url_meta":{"origin":48599,"position":4},"title":"Common Meeting Ground (und Fragmentierungsthese)","author":"KlausMJan","date":"27. April 2022","format":false,"excerpt":"In den Sozialwissenschaften werden immer wieder Begriffe gepr\u00e4gt, mit denen sich ver\u00e4ndernde bzw. sich neu gewichtende oder bis dahin wenig beschriebene Zusammenh\u00e4nge bezeichnet werden. Manche davon haben eine geringe Halbwertszeit, andere setzen sich in einem gewissen Rahmen durch. Einige davon propagiere ich, so etwa Consozialit\u00e4t\/Consociality oder Technogenese, das eine parallele\u2026","rel":"","context":"In &quot;Allgemein&quot;","block_context":{"text":"Allgemein","link":"https:\/\/www.klaus-janowitz.de\/wordpress\/category\/allgemein\/"},"img":{"alt_text":"","src":"https:\/\/i0.wp.com\/www.klaus-janowitz.de\/wordpress\/wp-content\/uploads\/2022\/04\/DSC01190-300x225.jpg?resize=350%2C200&ssl=1","width":350,"height":200},"classes":[]},{"id":16081,"url":"https:\/\/www.klaus-janowitz.de\/wordpress\/corona-physicaldistancing-und-die-digitale-oeffentlichkeit\/","url_meta":{"origin":48599,"position":5},"title":"Corona, PhysicalDistancing und die Digitale \u00d6ffentlichkeit","author":"KlausMJan","date":"31. M\u00e4rz 2020","format":false,"excerpt":"Fast noch mehr als das Virus selber hat #Corona als Medienthema innerhalb weniger Wochen\u00a0 die \u00d6ffentlichkeit \u00fcberrollt. Zuerst die Bilder aus dem fernen China, dann aus dem nahen Italien. Bilder von der Abriegelung ganzer Regionen, dann die von \u00fcberlasteter\u00a0 medizinischer Versorgung. Schliesslich wurde #Corona\/ #Covid-19\u00a0zu dem Thema, neben dem alles\u2026","rel":"","context":"In &quot;Allgemein&quot;","block_context":{"text":"Allgemein","link":"https:\/\/www.klaus-janowitz.de\/wordpress\/category\/allgemein\/"},"img":{"alt_text":"","src":"https:\/\/i0.wp.com\/www.klaus-janowitz.de\/wordpress\/wp-content\/uploads\/2020\/03\/Corona_unsplash-300x272.jpg?resize=350%2C200&ssl=1","width":350,"height":200},"classes":[]}],"_links":{"self":[{"href":"https:\/\/www.klaus-janowitz.de\/wordpress\/wp-json\/wp\/v2\/posts\/48599","targetHints":{"allow":["GET"]}}],"collection":[{"href":"https:\/\/www.klaus-janowitz.de\/wordpress\/wp-json\/wp\/v2\/posts"}],"about":[{"href":"https:\/\/www.klaus-janowitz.de\/wordpress\/wp-json\/wp\/v2\/types\/post"}],"author":[{"embeddable":true,"href":"https:\/\/www.klaus-janowitz.de\/wordpress\/wp-json\/wp\/v2\/users\/1"}],"replies":[{"embeddable":true,"href":"https:\/\/www.klaus-janowitz.de\/wordpress\/wp-json\/wp\/v2\/comments?post=48599"}],"version-history":[{"count":84,"href":"https:\/\/www.klaus-janowitz.de\/wordpress\/wp-json\/wp\/v2\/posts\/48599\/revisions"}],"predecessor-version":[{"id":65259,"href":"https:\/\/www.klaus-janowitz.de\/wordpress\/wp-json\/wp\/v2\/posts\/48599\/revisions\/65259"}],"wp:attachment":[{"href":"https:\/\/www.klaus-janowitz.de\/wordpress\/wp-json\/wp\/v2\/media?parent=48599"}],"wp:term":[{"taxonomy":"category","embeddable":true,"href":"https:\/\/www.klaus-janowitz.de\/wordpress\/wp-json\/wp\/v2\/categories?post=48599"},{"taxonomy":"post_tag","embeddable":true,"href":"https:\/\/www.klaus-janowitz.de\/wordpress\/wp-json\/wp\/v2\/tags?post=48599"}],"curies":[{"name":"wp","href":"https:\/\/api.w.org\/{rel}","templated":true}]}}