{"id":37796,"date":"2020-10-16T15:43:57","date_gmt":"2020-10-16T13:43:57","guid":{"rendered":"https:\/\/www.klaus-janowitz.de\/wordpress\/?p=37796"},"modified":"2020-10-16T15:51:48","modified_gmt":"2020-10-16T13:51:48","slug":"wirtschaftswunder-2-0","status":"publish","type":"post","link":"https:\/\/www.klaus-janowitz.de\/wordpress\/wirtschaftswunder-2-0\/","title":{"rendered":"Neues Wirtschaftswunder 2.0?"},"content":{"rendered":"<figure id=\"attachment_12417\" aria-describedby=\"caption-attachment-12417\" style=\"width: 200px\" class=\"wp-caption alignright\"><a href=\"https:\/\/i0.wp.com\/www.klaus-janowitz.de\/wordpress\/wp-content\/uploads\/2019\/01\/Programmschalter.jpg?ssl=1\"><img data-recalc-dims=\"1\" fetchpriority=\"high\" decoding=\"async\" class=\"wp-image-12417 size-medium\" src=\"https:\/\/i0.wp.com\/www.klaus-janowitz.de\/wordpress\/wp-content\/uploads\/2019\/01\/Programmschalter.jpg?resize=200%2C300&#038;ssl=1\" alt=\"\" width=\"200\" height=\"300\" srcset=\"https:\/\/i0.wp.com\/www.klaus-janowitz.de\/wordpress\/wp-content\/uploads\/2019\/01\/Programmschalter.jpg?resize=200%2C300&amp;ssl=1 200w, https:\/\/i0.wp.com\/www.klaus-janowitz.de\/wordpress\/wp-content\/uploads\/2019\/01\/Programmschalter.jpg?w=533&amp;ssl=1 533w\" sizes=\"(max-width: 200px) 100vw, 200px\" \/><\/a><figcaption id=\"caption-attachment-12417\" class=\"wp-caption-text\">Remember the Wirtschaftswunder, Bild: HerrSpecht \/ photocase.de<\/figcaption><\/figure>\n<p style=\"text-align: justify;\">Das <em>Wirtschaftswunder<\/em> der 50er Jahre ist wohl immer noch der Gr\u00fcndungsmythos der Bundesrepublik. So scheint es ganz selbstverst\u00e4ndlich, dass in der Coronakrise an diese Erz\u00e4hlung angekn\u00fcpft wird &#8211; gleich mehrfach.<br \/>\nAusgangspunkt zahlreicher Initiativen war der Hackathon <a href=\"https:\/\/wirvsvirus.org\/finale\/\" target=\"_blank\" rel=\"noopener noreferrer\"><em>#WirVsVirus<\/em><\/a> im M\u00e4rz (20.-22.). Insgesamt sind <span style=\"font-size: small; line-height: 1px;\">(nach Angaben des Bundespresseamtes)<\/span> 147 Projekte daraus hervorgegangen, die in den letzten sechs Monaten L\u00f6sungen f\u00fcr Probleme im Zuge der Pandemie entwickelt und getestet haben. Darunter das Antirassismus-Projekt <em>Ichbinkeinvirus.org<\/em> und die Urspr\u00fcnge der <em>Contact-Tracing <\/em>App.<\/p>\n<figure id=\"attachment_38131\" aria-describedby=\"caption-attachment-38131\" style=\"width: 200px\" class=\"wp-caption alignleft\"><a href=\"https:\/\/i0.wp.com\/www.klaus-janowitz.de\/wordpress\/wp-content\/uploads\/2020\/10\/download.jpg?ssl=1\"><img data-recalc-dims=\"1\" decoding=\"async\" class=\"wp-image-38131 size-full\" src=\"https:\/\/i0.wp.com\/www.klaus-janowitz.de\/wordpress\/wp-content\/uploads\/2020\/10\/download.jpg?resize=200%2C181&#038;ssl=1\" alt=\"\" width=\"200\" height=\"181\" \/><\/a><figcaption id=\"caption-attachment-38131\" class=\"wp-caption-text\">Neues Wirtschaftswunder f\u00fcr eine sozial- \u00f6kologische Transformation<\/figcaption><\/figure>\n<p style=\"text-align: justify;\">Ebenso die Initiative <em><strong>Neues Wirtschaftswunder<\/strong>&#8211; f\u00fcr eine <\/em><strong>sozial-\u00f6kologische Transformation<\/strong><em>. <\/em>Ausgangslage ist der tiefgreifende Einschnitt, den Covid-19 f\u00fcr fast alle Lebensbereiche bedeutet &#8211; und die folgenden Entscheidungen zu umfangreichen Konjunkturpaketen. Hier geht es um die konsequente Ausrichtung dieser Konjunkturpakete an sozial-\u00f6kologischen Leitlinien.\u00a0 Investitionsvorschl\u00e4ge f\u00fcr ein <em>sozial- \u00f6kologisches Wirtschaftswunder<\/em> werden im Ma\u00dfnahmenkatalog <a href=\"https:\/\/neues-wirtschaftswunder.de\/wp-content\/uploads\/2020\/06\/Neues-Wirtschaftswunder-Ma%C3%9Fnahmenkatalog-Nachhaltiges-Konjunkturpaket-Jetzt-2020.pdf\" target=\"_blank\" rel=\"noopener noreferrer\"><em>F\u00fcr ein nachhaltiges Konjunkturpaket, JETZT!<\/em><\/a> vorgelegt. Der Einschnitt durch Corona bietet die historische Gelegenheit, Wirtschaft und Gesellschaft sozial <em>und<\/em> \u00f6kologisch zu transformieren \u2013 vor allem, wenn gesamtgesellschaftlich aus einem Konsens gehandelt wird : <em>Ein neues Wirtschaftswunder ist m\u00f6glich, wenn wir bewusst und entschlossen neue Wege gehen. Schritt f\u00fcr Schritt. Nichts weniger als die Zukunftsf\u00e4higkeit unseres Landes steht auf dem Spiel!.<\/em>\u00a0<span style=\"font-size: 1rem;\"><br \/>\n<\/span>Erstunterzeichner sind v.a. Unternehmen und Organisationen aus dem sozial\u00f6kologischen Umfeld, darunter die GLS Bank, u.a. auch die Zukunftsinitiative <a href=\"https:\/\/testbed.d2030.de\/\" target=\"_blank\" rel=\"noopener noreferrer\">D2030<\/a>. <span style=\"font-size: 1rem;\">Inwieweit von D2030 entwickelte Szenarios, wie <em>Neue Horizonte, Entwicklung zu mehr Nachhaltigkeit und Gemeinwohl\u00a0<\/em> dabei als Leitbild dienen <span style=\"font-size: small; line-height: 1px;\">(vgl. <a href=\"https:\/\/www.klaus-janowitz.de\/wordpress\/post-corona-szenarien-fuer-die-zeit-danach\/\" target=\"_blank\" rel=\"noopener noreferrer\">Post- Corona \u2013 Szenarien f\u00fcr die Zeit danach<\/a>) <\/span>wird nicht explizit genannt.\u00a0 \u00a0<\/span><\/p>\n<p style=\"text-align: justify;\">In einem <a href=\"https:\/\/thomas-sattelberger.de\/sites\/default\/files\/20200525_Thomas%20Sattelberger.pdf\" target=\"_blank\" rel=\"noopener noreferrer\">Gastkommentar im Handelsblatt<\/a> (25.05.) schrieb <em><strong>Thomas Sattelberger<\/strong><\/em> <a href=\"https:\/\/www.klaus-janowitz.de\/wordpress\/neuausrichtung-der-gesellschaft\/\" target=\"_blank\" rel=\"noopener noreferrer\"><span style=\"font-size: small; line-height: 1px;\">(vgl. Neuausrichtung der\u00a0Gesellschaft nach Corona?<\/span><\/a>) von einer Zukunft f\u00fcr <em>Unternehmer, Macher und Gr\u00fcnder<\/em>, f\u00fcr eine <em>Deep-Tech-Republik,<\/em> die einen Narrativ \u00e0 la Wirtschaftswunder 2.0. braucht. Man mag dabei an Tat- und Machtmenschen, an eine MINT- Elite denken &#8211; der Beitrag enth\u00e4lt aber auch die Forderung von Bildung im Sinne von<em> Emanzipation und lebenslanger Berufsbef\u00e4higung<\/em>, sowie den Satz \u201e<em>Das ist weit mehr als Homeoffice und die damit verbundene individuelle Souver\u00e4nit\u00e4t f\u00fcr abh\u00e4ngig Besch\u00e4ftigte. Es bedeutet balancierte Freiheits- und Schutzrechte f\u00fcr Freelancer und die wachsende Crowdwork. Und es hat mit Agilit\u00e4t und moderner Sozialpartnerschaft zu tun. Sowie mit (im)materieller Mitarbeiterbeteiligung<\/em>.\u201c<\/p>\n<figure id=\"attachment_38133\" aria-describedby=\"caption-attachment-38133\" style=\"width: 250px\" class=\"wp-caption alignright\"><a href=\"https:\/\/i0.wp.com\/www.klaus-janowitz.de\/wordpress\/wp-content\/uploads\/2020\/10\/WiwuKaefer.jpg?ssl=1\"><img data-recalc-dims=\"1\" decoding=\"async\" class=\"size-medium wp-image-38133\" src=\"https:\/\/i0.wp.com\/www.klaus-janowitz.de\/wordpress\/wp-content\/uploads\/2020\/10\/WiwuKaefer.jpg?resize=250%2C300&#038;ssl=1\" alt=\"\" width=\"250\" height=\"300\" srcset=\"https:\/\/i0.wp.com\/www.klaus-janowitz.de\/wordpress\/wp-content\/uploads\/2020\/10\/WiwuKaefer.jpg?resize=250%2C300&amp;ssl=1 250w, https:\/\/i0.wp.com\/www.klaus-janowitz.de\/wordpress\/wp-content\/uploads\/2020\/10\/WiwuKaefer.jpg?w=588&amp;ssl=1 588w\" sizes=\"(max-width: 250px) 100vw, 250px\" \/><\/a><figcaption id=\"caption-attachment-38133\" class=\"wp-caption-text\">Wirtschaftswundertour Sommer 2020<\/figcaption><\/figure>\n<p style=\"text-align: justify;\"><a href=\"https:\/\/www.rheintoechter.com\/\" target=\"_blank\" rel=\"noopener noreferrer\"><em><strong>Birgit Eschbach<\/strong><\/em><\/a>, Event- Managerin, derzeit ohne Events,\u00a0 liess sich dadurch inspirieren. Zun\u00e4chst zu einer\u00a0 <em>Wirtschaftswundertour<\/em> durch die Provinz, zu wirtschaftlich bl\u00fchenden und zu darniederliegenden Landstrichen. Weiter zu regionalen Projekten, verbreitet \u00fcber den (<em>hashtag<\/em>) <em><strong>#Wirtschaftswunder20.\u00a0<\/strong><\/em> Aber es\u00a0sind nicht nur wirtschaftliche Fragen, genauso die, wie wir in Zukunft leben wollen, und wo? &#8211; Co- Working, Co- Living.\u00a0 <em>Unternehmen brauchen neues Know-how, um sich f\u00fcr die neuen Herausforderungen zukunftsf\u00e4hig aufzustellen.<\/em> Es geht um die Werkzeuge und Bedingungen des mobilen Arbeitens, angefangen mit der n\u00f6tigen und m\u00f6glichen Hard- und Software, zu den kulturellen Voraussetzungen, wie Diversit\u00e4t\u00a0 &#8211; und schliesslich um Inspiration und Mut zur Umsetzung. Die Entwicklung von Potentialen der Kreativwirtschaft h\u00e4ngt davon ab. Kommunale\u00a0 Wirtschaftsf\u00f6rderungen sieht sie als Partner bzw. Plattformen in einer Schl\u00fcsselrolle. Infrastrukturen, die mobile bzw. <em>remote<\/em> Arbeit erm\u00f6glichen, sollen geschaffen bzw. gef\u00f6rdert werden. Die Vernetzung regionaler Akteure, wie Wirtschaftsf\u00f6rderer, B\u00fcrgermeister, Unternehmen und anderer Engagierter ist dabei ein wesentlicher Schritt.<\/p>\n<figure id=\"attachment_37780\" aria-describedby=\"caption-attachment-37780\" style=\"width: 225px\" class=\"wp-caption alignleft\"><a href=\"https:\/\/i0.wp.com\/www.klaus-janowitz.de\/wordpress\/wp-content\/uploads\/2020\/10\/F35B1CA8-25AA-44E5-8513-8005F2F06B78-scaled.jpeg?ssl=1\"><img data-recalc-dims=\"1\" loading=\"lazy\" decoding=\"async\" class=\"size-medium wp-image-37780\" src=\"https:\/\/i0.wp.com\/www.klaus-janowitz.de\/wordpress\/wp-content\/uploads\/2020\/10\/F35B1CA8-25AA-44E5-8513-8005F2F06B78.jpeg?resize=225%2C300&#038;ssl=1\" alt=\"\" width=\"225\" height=\"300\" srcset=\"https:\/\/i0.wp.com\/www.klaus-janowitz.de\/wordpress\/wp-content\/uploads\/2020\/10\/F35B1CA8-25AA-44E5-8513-8005F2F06B78-scaled.jpeg?resize=225%2C300&amp;ssl=1 225w, https:\/\/i0.wp.com\/www.klaus-janowitz.de\/wordpress\/wp-content\/uploads\/2020\/10\/F35B1CA8-25AA-44E5-8513-8005F2F06B78-scaled.jpeg?resize=768%2C1024&amp;ssl=1 768w, https:\/\/i0.wp.com\/www.klaus-janowitz.de\/wordpress\/wp-content\/uploads\/2020\/10\/F35B1CA8-25AA-44E5-8513-8005F2F06B78-scaled.jpeg?resize=1152%2C1536&amp;ssl=1 1152w, https:\/\/i0.wp.com\/www.klaus-janowitz.de\/wordpress\/wp-content\/uploads\/2020\/10\/F35B1CA8-25AA-44E5-8513-8005F2F06B78-scaled.jpeg?resize=1536%2C2048&amp;ssl=1 1536w, https:\/\/i0.wp.com\/www.klaus-janowitz.de\/wordpress\/wp-content\/uploads\/2020\/10\/F35B1CA8-25AA-44E5-8513-8005F2F06B78-scaled.jpeg?w=1920&amp;ssl=1 1920w, https:\/\/i0.wp.com\/www.klaus-janowitz.de\/wordpress\/wp-content\/uploads\/2020\/10\/F35B1CA8-25AA-44E5-8513-8005F2F06B78-scaled.jpeg?w=1050&amp;ssl=1 1050w\" sizes=\"(max-width: 225px) 100vw, 225px\" \/><\/a><figcaption id=\"caption-attachment-37780\" class=\"wp-caption-text\">Nicht \u00fcberall war Wirtschaftswunder: Obermoschel (Nordpfalz)<\/figcaption><\/figure>\n<p style=\"text-align: justify;\">Als wegweisendes Projekt fand bereits 2019 in Wittenberge (Elbe) der &#8220;<a href=\"https:\/\/www.wittenberge-pioneers.de\/\" target=\"_blank\" rel=\"noopener noreferrer\"><em>Summer of Pioneers<\/em><\/a>&#8221; statt. Digitalarbeiterinnen und Kreative konnten f\u00fcr ein halbes Jahr Leben und Arbeiten abseits der Metropolen ausprobieren. Im Gegenzug brachten sie einen Ideentransfer von digitaler Expertise, ortsunabh\u00e4ngigem Arbeiten und urbaner Kultur mit. E<span style=\"font-size: 1rem;\">in Modell, das mittlerweile von anderen Kommunen aufgegriffen wurde, so <a href=\"https:\/\/www.altena-pioneers.de\/\" target=\"_blank\" rel=\"noopener noreferrer\">Altena<\/a> im Sauerland und <a href=\"https:\/\/homberg-pioneers.de\/\" target=\"_blank\" rel=\"noopener noreferrer\">Homberg<\/a>, Nordhessen.<br \/>\nRegionale Entwicklung verl\u00e4uft oft sehr unterschiedlich. Manche Regionen, wie Teile W\u00fcrttembergs oder Ostwestfalen, prosperieren mit Hidden Champions, andere sind vom Wegfall des produzierenden Gewerbes gekennzeichnet. Junge Menschen wandern ab, Leerst\u00e4nde und Industriebrachen folgen.\u00a0 Mancherorts beschr\u00e4nkt sich die Infrastruktur auf Superm\u00e4rkte an Kreuzungen von \u00dcberlandstrassen. Die Pendlergesellschaft sammelt sich in den Ballungsr\u00e4umen und zersiedelten Speckg\u00fcrteln.\u00a0 \u00a0\u00a0<\/span><\/p>\n<p style=\"text-align: justify;\">Zentral bleibt das Thema <em>Remote Work<\/em>, derzeit wird der Gesetzentwurf zu\u00a0 einem Rechtsanspruch darauf verhandelt.\u00a0 <strong><em>Gunnar Sohn<\/em><\/strong> hat in einem <a href=\"https:\/\/ichsagmal.com\/2020\/10\/08\/plaedoyer-fuer-das-mobile-arbeit-gesetz-newworkpolicies-zpspaetschicht-hrweek-guidozander\/\">sehr engagierten Beitrag<\/a> bereits so detailliert dazu Stellung genommen, dass ich dem kaum etwas hinzuf\u00fcgen kann: <em>Bessere Vereinbarkeit, weniger Wege, mehr Selbstbestimmung \u2013 Arbeit, die zum Leben passt. Und Arbeit mehr zum Menschen bringen.\u00a0<\/em> Wahrscheinlich ist die fast fl\u00e4chendeckende Verbreitung des <em>home office<\/em> eine der folgenreichsten Erfahrungen des Jahres.<\/p>\n<p style=\"text-align: justify;\"><strong>Neues Wirtschaftswunder 2.0?<\/strong> Die abrupte, erzwungene Unterbrechung von Routinen birgt Chancen neuer Orientierung. Daran schliesst eine Frage\u00a0 an, die bereits in den <a href=\"https:\/\/www.klaus-janowitz.de\/wordpress\/post-corona-szenarien-fuer-die-zeit-danach\/\" target=\"_blank\" rel=\"noopener noreferrer\">Szenarien zur Gesellschaft nach Corona<\/a> gestellt wird: <em>Wie scha\ufb00en wir die \u00dcberwindung des lediglich auf die alte Normalit\u00e4t zielenden Krisenmodus und erreichen eine Entwicklung in Richtung breiterer Innovation und signi\ufb01kantem Strukturwandel?<br \/>\n<\/em>Zukunft ist nicht mehr ohne weiteres die Fortsetzung der Gegenwart. Ein breit getragener Konsens ist\u00a0 Voraussetzung f\u00fcr langfristige Entwicklungen. Zwar sind die Formulierungen <em>neuer Wirtschaftswunder<\/em> unterschiedlicher Herkunft &#8211; aber sie sind vereinbar. Es geht um die Verbindung von Digitalisierung und nachhaltiger Orientierung. Im Detail um Raum f\u00fcr lokale und regionale Projekte und Entwicklungen. Viele Menschen haben die Geschichte der Bundesrepublik als eine stabile liberale Erfolgsgeschichte erlebt, andere als eine mit einigen Br\u00fcchen.<br \/>\nAls Bezugspunkt taucht <strong>New Work<\/strong> zwar immer wieder auf, ist\u00a0 als Begriff aber wohl zwischen ganz unterschiedlichen Bedeutungsebenen zerschlissen. Von der Lebensreform nach Frithjof Bergmann bis zu Verbesserungen f\u00fcr ohnehin Privilegierte.\u00a0 Allerdings hat die Diskussion dar\u00fcber\u00a0 Perspektiven ge\u00f6ffnet. Lebens- und Arbeitsmodelle, die nicht in vorhandene Muster passten, fielen noch lange in die Kategorie untypischer Berufsbiographien bzw. atypischer Arbeitsverh\u00e4ltnisse. Letztlich geht es darum, menschliches Potential sinnvoller einzusetzen, \u00fcbrigens auch eine Form von Effizienz, wie Winfried Felser anmerkte.<\/p>\n<p><span style=\"font-size: small; line-height: 1px;\">vgl:<strong>\u00a0 Birgit Eschbach: <\/strong>wie gelingt uns mit analogen und digitalen Konzepten <a href=\"https:\/\/www.linkedin.com\/pulse\/das-n%C3%A4chste-wirtschaftswunder-birgit-eschbach\/\" target=\"_blank\" rel=\"noopener noreferrer\">das n\u00e4chste Wirtschaftswunder nach der Corona Krise<\/a>? <\/span><span style=\"font-size: small; line-height: 2px;\">Gespr\u00e4ch am 9.09.20; <strong>Gunnar Sohn <\/strong><a href=\"https:\/\/ichsagmal.com\/2020\/10\/08\/plaedoyer-fuer-das-mobile-arbeit-gesetz-newworkpolicies-zpspaetschicht-hrweek-guidozander\/\" target=\"_blank\" rel=\"noopener noreferrer\">Pl\u00e4doyer f\u00fcr das Mobile-Arbeit-Gesetz.<\/a> 8.10.20\u00a0 <strong>Presse- und Informationsamt der Bundesregierung<\/strong>: #WirVsVirus Umsetzungsprogramm beendet &#8211; Pressemitteilung 348\/20 vom 30. 09. 2020 <\/span><span style=\"font-size: small; line-height: 2px;\"><strong><a href=\"https:\/\/neues-wirtschaftswunder.de\/\">Neues-Wirtschaftswunder.de<\/a><\/strong> <a href=\"\/wp-content\/uploads\/2020\/06\/Neues-Wirtschaftswunder-Ma\u00dfnahmenkatalog-Nachhaltiges-Konjunkturpaket-Jetzt-2020.pdf\" target=\"_blank\" rel=\"noopener noreferrer\">F\u00fcr ein nachhaltiges Konjunkturpaket, JETZT! <\/a>Investitions-vorschl\u00e4ge f\u00fcr ein sozial-\u00f6kologisches Wirtschaftswunder. Juni 2020. <a href=\"https:\/\/neues-wirtschaftswunder.de\/wp-content\/uploads\/2020\/09\/Verantwortung-im-globalen-Lieferkettenmanagement-Gastbeitrag-Horst-Lautenschlaeger.pdf\" target=\"_blank\" rel=\"noopener noreferrer\">Verantwortung im globalen Lieferkettenmanagement<\/a>. 17.09.20. <strong>Summer of Pioneers<\/strong>. <a href=\"https:\/\/www.wittenberge-pioneers.de\/\" target=\"_blank\" rel=\"noopener noreferrer\">Wittenberge<\/a>. <a href=\"https:\/\/www.altena-pioneers.de\/\" target=\"_blank\" rel=\"noopener noreferrer\">Altena<\/a>. <a href=\"https:\/\/homberg-pioneers.de\/\" target=\"_blank\" rel=\"noopener noreferrer\">Homberg<\/a>.\u00a0<\/span><\/p>\n<p>&nbsp;<\/p>\n<p><span style=\"font-size: small; line-height: 2px;\">:\u00a0<\/span><\/p>\n<p><!-- Matomo --><br \/>\n<script type=\"text\/javascript\">\n  var _paq = window._paq = window._paq || [];\n  \/* tracker methods like \"setCustomDimension\" should be called before \"trackPageView\" *\/\n  _paq.push(['trackPageView']);\n  _paq.push(['enableLinkTracking']);\n  (function() {\n    var u=\"\/\/www.klaus-janowitz.de\/piwik\/\";\n    _paq.push(['setTrackerUrl', u+'matomo.php']);\n    _paq.push(['setSiteId', '1']);\n    var d=document, g=d.createElement('script'), s=d.getElementsByTagName('script')[0];\n    g.type='text\/javascript'; g.async=true; g.src=u+'matomo.js'; s.parentNode.insertBefore(g,s);\n  })();\n<\/script><br \/>\n<!-- End Matomo Code --><\/p>\n","protected":false},"excerpt":{"rendered":"<p>Das Wirtschaftswunder der 50er Jahre ist wohl immer noch der Gr\u00fcndungsmythos der Bundesrepublik. So scheint es ganz selbstverst\u00e4ndlich, dass in der Coronakrise an diese Erz\u00e4hlung angekn\u00fcpft wird &#8211; gleich mehrfach. Ausgangspunkt zahlreicher Initiativen war der Hackathon #WirVsVirus im M\u00e4rz (20.-22.). Insgesamt sind (nach Angaben des Bundespresseamtes) 147 Projekte daraus hervorgegangen, die in den letzten sechs &hellip; <\/p>\n<p class=\"link-more\"><a href=\"https:\/\/www.klaus-janowitz.de\/wordpress\/wirtschaftswunder-2-0\/\" class=\"more-link\"><span class=\"screen-reader-text\">\u201eNeues Wirtschaftswunder 2.0?\u201c <\/span>weiterlesen<\/a><\/p>\n","protected":false},"author":1,"featured_media":0,"comment_status":"open","ping_status":"open","sticky":false,"template":"","format":"standard","meta":{"jetpack_post_was_ever_published":false,"_jetpack_newsletter_access":"","_jetpack_dont_email_post_to_subs":false,"_jetpack_newsletter_tier_id":0,"_jetpack_memberships_contains_paywalled_content":false,"_jetpack_memberships_contains_paid_content":false,"activitypub_content_warning":"","activitypub_content_visibility":"","activitypub_max_image_attachments":4,"activitypub_interaction_policy_quote":"","activitypub_status":"","footnotes":"","jetpack_publicize_message":"","jetpack_publicize_feature_enabled":true,"jetpack_social_post_already_shared":true,"jetpack_social_options":{"image_generator_settings":{"template":"highway","default_image_id":0,"font":"","enabled":false},"version":2}},"categories":[1],"tags":[140,87,73,47],"class_list":["post-37796","post","type-post","status-publish","format-standard","hentry","category-allgemein","tag-wirtschaftswunder20","tag-arbeit","tag-digitale-transformation","tag-vernetzter-individualismus"],"yoast_head":"<!-- This site is optimized with the Yoast SEO plugin v27.5 - https:\/\/yoast.com\/product\/yoast-seo-wordpress\/ -->\n<title>Neues Wirtschaftswunder 2.0? - Netnographie &amp; Digitaler Wandel<\/title>\n<meta name=\"robots\" content=\"index, follow, max-snippet:-1, max-image-preview:large, max-video-preview:-1\" \/>\n<link rel=\"canonical\" href=\"https:\/\/www.klaus-janowitz.de\/wordpress\/wirtschaftswunder-2-0\/\" \/>\n<meta property=\"og:locale\" content=\"de_DE\" \/>\n<meta property=\"og:type\" content=\"article\" \/>\n<meta property=\"og:title\" content=\"Neues Wirtschaftswunder 2.0? - Netnographie &amp; Digitaler Wandel\" \/>\n<meta property=\"og:description\" content=\"Das Wirtschaftswunder der 50er Jahre ist wohl immer noch der Gr\u00fcndungsmythos der Bundesrepublik. So scheint es ganz selbstverst\u00e4ndlich, dass in der Coronakrise an diese Erz\u00e4hlung angekn\u00fcpft wird &#8211; gleich mehrfach. Ausgangspunkt zahlreicher Initiativen war der Hackathon #WirVsVirus im M\u00e4rz (20.-22.). Insgesamt sind (nach Angaben des Bundespresseamtes) 147 Projekte daraus hervorgegangen, die in den letzten sechs &hellip; \u201eNeues Wirtschaftswunder 2.0?\u201c weiterlesen\" \/>\n<meta property=\"og:url\" content=\"https:\/\/www.klaus-janowitz.de\/wordpress\/wirtschaftswunder-2-0\/\" \/>\n<meta property=\"og:site_name\" content=\"Netnographie &amp; Digitaler Wandel\" \/>\n<meta property=\"article:published_time\" content=\"2020-10-16T13:43:57+00:00\" \/>\n<meta property=\"article:modified_time\" content=\"2020-10-16T13:51:48+00:00\" \/>\n<meta property=\"og:image\" content=\"https:\/\/www.klaus-janowitz.de\/wordpress\/wp-content\/uploads\/2019\/01\/Programmschalter-200x300.jpg\" \/>\n<meta name=\"author\" content=\"KlausMJan\" \/>\n<meta name=\"twitter:card\" content=\"summary_large_image\" \/>\n<meta name=\"twitter:label1\" content=\"Verfasst von\" \/>\n\t<meta name=\"twitter:data1\" content=\"KlausMJan\" \/>\n\t<meta name=\"twitter:label2\" content=\"Gesch\u00e4tzte Lesezeit\" \/>\n\t<meta name=\"twitter:data2\" content=\"5\u00a0Minuten\" \/>\n<script type=\"application\/ld+json\" class=\"yoast-schema-graph\">{\"@context\":\"https:\\\/\\\/schema.org\",\"@graph\":[{\"@type\":\"Article\",\"@id\":\"https:\\\/\\\/www.klaus-janowitz.de\\\/wordpress\\\/wirtschaftswunder-2-0\\\/#article\",\"isPartOf\":{\"@id\":\"https:\\\/\\\/www.klaus-janowitz.de\\\/wordpress\\\/wirtschaftswunder-2-0\\\/\"},\"author\":{\"name\":\"KlausMJan\",\"@id\":\"https:\\\/\\\/www.klaus-janowitz.de\\\/wordpress\\\/#\\\/schema\\\/person\\\/010eda704157cb8ce4370bfd0376c858\"},\"headline\":\"Neues Wirtschaftswunder 2.0?\",\"datePublished\":\"2020-10-16T13:43:57+00:00\",\"dateModified\":\"2020-10-16T13:51:48+00:00\",\"mainEntityOfPage\":{\"@id\":\"https:\\\/\\\/www.klaus-janowitz.de\\\/wordpress\\\/wirtschaftswunder-2-0\\\/\"},\"wordCount\":1062,\"commentCount\":0,\"image\":{\"@id\":\"https:\\\/\\\/www.klaus-janowitz.de\\\/wordpress\\\/wirtschaftswunder-2-0\\\/#primaryimage\"},\"thumbnailUrl\":\"https:\\\/\\\/www.klaus-janowitz.de\\\/wordpress\\\/wp-content\\\/uploads\\\/2019\\\/01\\\/Programmschalter-200x300.jpg\",\"keywords\":[\"#Wirtschaftswunder20\",\"Arbeit\",\"Digitale Transformation\",\"vernetzter Individualismus\"],\"inLanguage\":\"de\",\"potentialAction\":[{\"@type\":\"CommentAction\",\"name\":\"Comment\",\"target\":[\"https:\\\/\\\/www.klaus-janowitz.de\\\/wordpress\\\/wirtschaftswunder-2-0\\\/#respond\"]}]},{\"@type\":\"WebPage\",\"@id\":\"https:\\\/\\\/www.klaus-janowitz.de\\\/wordpress\\\/wirtschaftswunder-2-0\\\/\",\"url\":\"https:\\\/\\\/www.klaus-janowitz.de\\\/wordpress\\\/wirtschaftswunder-2-0\\\/\",\"name\":\"Neues Wirtschaftswunder 2.0? - Netnographie &amp; Digitaler Wandel\",\"isPartOf\":{\"@id\":\"https:\\\/\\\/www.klaus-janowitz.de\\\/wordpress\\\/#website\"},\"primaryImageOfPage\":{\"@id\":\"https:\\\/\\\/www.klaus-janowitz.de\\\/wordpress\\\/wirtschaftswunder-2-0\\\/#primaryimage\"},\"image\":{\"@id\":\"https:\\\/\\\/www.klaus-janowitz.de\\\/wordpress\\\/wirtschaftswunder-2-0\\\/#primaryimage\"},\"thumbnailUrl\":\"https:\\\/\\\/www.klaus-janowitz.de\\\/wordpress\\\/wp-content\\\/uploads\\\/2019\\\/01\\\/Programmschalter-200x300.jpg\",\"datePublished\":\"2020-10-16T13:43:57+00:00\",\"dateModified\":\"2020-10-16T13:51:48+00:00\",\"author\":{\"@id\":\"https:\\\/\\\/www.klaus-janowitz.de\\\/wordpress\\\/#\\\/schema\\\/person\\\/010eda704157cb8ce4370bfd0376c858\"},\"breadcrumb\":{\"@id\":\"https:\\\/\\\/www.klaus-janowitz.de\\\/wordpress\\\/wirtschaftswunder-2-0\\\/#breadcrumb\"},\"inLanguage\":\"de\",\"potentialAction\":[{\"@type\":\"ReadAction\",\"target\":[\"https:\\\/\\\/www.klaus-janowitz.de\\\/wordpress\\\/wirtschaftswunder-2-0\\\/\"]}]},{\"@type\":\"ImageObject\",\"inLanguage\":\"de\",\"@id\":\"https:\\\/\\\/www.klaus-janowitz.de\\\/wordpress\\\/wirtschaftswunder-2-0\\\/#primaryimage\",\"url\":\"https:\\\/\\\/i0.wp.com\\\/www.klaus-janowitz.de\\\/wordpress\\\/wp-content\\\/uploads\\\/2019\\\/01\\\/Programmschalter.jpg?fit=533%2C800&ssl=1\",\"contentUrl\":\"https:\\\/\\\/i0.wp.com\\\/www.klaus-janowitz.de\\\/wordpress\\\/wp-content\\\/uploads\\\/2019\\\/01\\\/Programmschalter.jpg?fit=533%2C800&ssl=1\",\"width\":533,\"height\":800},{\"@type\":\"BreadcrumbList\",\"@id\":\"https:\\\/\\\/www.klaus-janowitz.de\\\/wordpress\\\/wirtschaftswunder-2-0\\\/#breadcrumb\",\"itemListElement\":[{\"@type\":\"ListItem\",\"position\":1,\"name\":\"Startseite\",\"item\":\"https:\\\/\\\/www.klaus-janowitz.de\\\/wordpress\\\/\"},{\"@type\":\"ListItem\",\"position\":2,\"name\":\"Neues Wirtschaftswunder 2.0?\"}]},{\"@type\":\"WebSite\",\"@id\":\"https:\\\/\\\/www.klaus-janowitz.de\\\/wordpress\\\/#website\",\"url\":\"https:\\\/\\\/www.klaus-janowitz.de\\\/wordpress\\\/\",\"name\":\"Netnographie &amp; Digitaler Wandel\",\"description\":\"Blog rund um die Themen Netnographie, Online-Kultur und Digitalen Wandel\",\"potentialAction\":[{\"@type\":\"SearchAction\",\"target\":{\"@type\":\"EntryPoint\",\"urlTemplate\":\"https:\\\/\\\/www.klaus-janowitz.de\\\/wordpress\\\/?s={search_term_string}\"},\"query-input\":{\"@type\":\"PropertyValueSpecification\",\"valueRequired\":true,\"valueName\":\"search_term_string\"}}],\"inLanguage\":\"de\"},{\"@type\":\"Person\",\"@id\":\"https:\\\/\\\/www.klaus-janowitz.de\\\/wordpress\\\/#\\\/schema\\\/person\\\/010eda704157cb8ce4370bfd0376c858\",\"name\":\"KlausMJan\",\"image\":{\"@type\":\"ImageObject\",\"inLanguage\":\"de\",\"@id\":\"https:\\\/\\\/secure.gravatar.com\\\/avatar\\\/94d3059bf264a4da1fe44d92721e645980d64122c3365532a3b1517b78db5093?s=96&r=g\",\"url\":\"https:\\\/\\\/secure.gravatar.com\\\/avatar\\\/94d3059bf264a4da1fe44d92721e645980d64122c3365532a3b1517b78db5093?s=96&r=g\",\"contentUrl\":\"https:\\\/\\\/secure.gravatar.com\\\/avatar\\\/94d3059bf264a4da1fe44d92721e645980d64122c3365532a3b1517b78db5093?s=96&r=g\",\"caption\":\"KlausMJan\"},\"sameAs\":[\"http:\\\/\\\/www.netnographie.eu\\\/wordpress\"],\"url\":\"https:\\\/\\\/www.klaus-janowitz.de\\\/wordpress\\\/author\\\/klausmjan\\\/\"}]}<\/script>\n<!-- \/ Yoast SEO plugin. -->","yoast_head_json":{"title":"Neues Wirtschaftswunder 2.0? - Netnographie &amp; Digitaler Wandel","robots":{"index":"index","follow":"follow","max-snippet":"max-snippet:-1","max-image-preview":"max-image-preview:large","max-video-preview":"max-video-preview:-1"},"canonical":"https:\/\/www.klaus-janowitz.de\/wordpress\/wirtschaftswunder-2-0\/","og_locale":"de_DE","og_type":"article","og_title":"Neues Wirtschaftswunder 2.0? - Netnographie &amp; Digitaler Wandel","og_description":"Das Wirtschaftswunder der 50er Jahre ist wohl immer noch der Gr\u00fcndungsmythos der Bundesrepublik. So scheint es ganz selbstverst\u00e4ndlich, dass in der Coronakrise an diese Erz\u00e4hlung angekn\u00fcpft wird &#8211; gleich mehrfach. Ausgangspunkt zahlreicher Initiativen war der Hackathon #WirVsVirus im M\u00e4rz (20.-22.). Insgesamt sind (nach Angaben des Bundespresseamtes) 147 Projekte daraus hervorgegangen, die in den letzten sechs &hellip; \u201eNeues Wirtschaftswunder 2.0?\u201c weiterlesen","og_url":"https:\/\/www.klaus-janowitz.de\/wordpress\/wirtschaftswunder-2-0\/","og_site_name":"Netnographie &amp; Digitaler Wandel","article_published_time":"2020-10-16T13:43:57+00:00","article_modified_time":"2020-10-16T13:51:48+00:00","og_image":[{"url":"https:\/\/www.klaus-janowitz.de\/wordpress\/wp-content\/uploads\/2019\/01\/Programmschalter-200x300.jpg","type":"","width":"","height":""}],"author":"KlausMJan","twitter_card":"summary_large_image","twitter_misc":{"Verfasst von":"KlausMJan","Gesch\u00e4tzte Lesezeit":"5\u00a0Minuten"},"schema":{"@context":"https:\/\/schema.org","@graph":[{"@type":"Article","@id":"https:\/\/www.klaus-janowitz.de\/wordpress\/wirtschaftswunder-2-0\/#article","isPartOf":{"@id":"https:\/\/www.klaus-janowitz.de\/wordpress\/wirtschaftswunder-2-0\/"},"author":{"name":"KlausMJan","@id":"https:\/\/www.klaus-janowitz.de\/wordpress\/#\/schema\/person\/010eda704157cb8ce4370bfd0376c858"},"headline":"Neues Wirtschaftswunder 2.0?","datePublished":"2020-10-16T13:43:57+00:00","dateModified":"2020-10-16T13:51:48+00:00","mainEntityOfPage":{"@id":"https:\/\/www.klaus-janowitz.de\/wordpress\/wirtschaftswunder-2-0\/"},"wordCount":1062,"commentCount":0,"image":{"@id":"https:\/\/www.klaus-janowitz.de\/wordpress\/wirtschaftswunder-2-0\/#primaryimage"},"thumbnailUrl":"https:\/\/www.klaus-janowitz.de\/wordpress\/wp-content\/uploads\/2019\/01\/Programmschalter-200x300.jpg","keywords":["#Wirtschaftswunder20","Arbeit","Digitale Transformation","vernetzter Individualismus"],"inLanguage":"de","potentialAction":[{"@type":"CommentAction","name":"Comment","target":["https:\/\/www.klaus-janowitz.de\/wordpress\/wirtschaftswunder-2-0\/#respond"]}]},{"@type":"WebPage","@id":"https:\/\/www.klaus-janowitz.de\/wordpress\/wirtschaftswunder-2-0\/","url":"https:\/\/www.klaus-janowitz.de\/wordpress\/wirtschaftswunder-2-0\/","name":"Neues Wirtschaftswunder 2.0? - Netnographie &amp; Digitaler Wandel","isPartOf":{"@id":"https:\/\/www.klaus-janowitz.de\/wordpress\/#website"},"primaryImageOfPage":{"@id":"https:\/\/www.klaus-janowitz.de\/wordpress\/wirtschaftswunder-2-0\/#primaryimage"},"image":{"@id":"https:\/\/www.klaus-janowitz.de\/wordpress\/wirtschaftswunder-2-0\/#primaryimage"},"thumbnailUrl":"https:\/\/www.klaus-janowitz.de\/wordpress\/wp-content\/uploads\/2019\/01\/Programmschalter-200x300.jpg","datePublished":"2020-10-16T13:43:57+00:00","dateModified":"2020-10-16T13:51:48+00:00","author":{"@id":"https:\/\/www.klaus-janowitz.de\/wordpress\/#\/schema\/person\/010eda704157cb8ce4370bfd0376c858"},"breadcrumb":{"@id":"https:\/\/www.klaus-janowitz.de\/wordpress\/wirtschaftswunder-2-0\/#breadcrumb"},"inLanguage":"de","potentialAction":[{"@type":"ReadAction","target":["https:\/\/www.klaus-janowitz.de\/wordpress\/wirtschaftswunder-2-0\/"]}]},{"@type":"ImageObject","inLanguage":"de","@id":"https:\/\/www.klaus-janowitz.de\/wordpress\/wirtschaftswunder-2-0\/#primaryimage","url":"https:\/\/i0.wp.com\/www.klaus-janowitz.de\/wordpress\/wp-content\/uploads\/2019\/01\/Programmschalter.jpg?fit=533%2C800&ssl=1","contentUrl":"https:\/\/i0.wp.com\/www.klaus-janowitz.de\/wordpress\/wp-content\/uploads\/2019\/01\/Programmschalter.jpg?fit=533%2C800&ssl=1","width":533,"height":800},{"@type":"BreadcrumbList","@id":"https:\/\/www.klaus-janowitz.de\/wordpress\/wirtschaftswunder-2-0\/#breadcrumb","itemListElement":[{"@type":"ListItem","position":1,"name":"Startseite","item":"https:\/\/www.klaus-janowitz.de\/wordpress\/"},{"@type":"ListItem","position":2,"name":"Neues Wirtschaftswunder 2.0?"}]},{"@type":"WebSite","@id":"https:\/\/www.klaus-janowitz.de\/wordpress\/#website","url":"https:\/\/www.klaus-janowitz.de\/wordpress\/","name":"Netnographie &amp; Digitaler Wandel","description":"Blog rund um die Themen Netnographie, Online-Kultur und Digitalen Wandel","potentialAction":[{"@type":"SearchAction","target":{"@type":"EntryPoint","urlTemplate":"https:\/\/www.klaus-janowitz.de\/wordpress\/?s={search_term_string}"},"query-input":{"@type":"PropertyValueSpecification","valueRequired":true,"valueName":"search_term_string"}}],"inLanguage":"de"},{"@type":"Person","@id":"https:\/\/www.klaus-janowitz.de\/wordpress\/#\/schema\/person\/010eda704157cb8ce4370bfd0376c858","name":"KlausMJan","image":{"@type":"ImageObject","inLanguage":"de","@id":"https:\/\/secure.gravatar.com\/avatar\/94d3059bf264a4da1fe44d92721e645980d64122c3365532a3b1517b78db5093?s=96&r=g","url":"https:\/\/secure.gravatar.com\/avatar\/94d3059bf264a4da1fe44d92721e645980d64122c3365532a3b1517b78db5093?s=96&r=g","contentUrl":"https:\/\/secure.gravatar.com\/avatar\/94d3059bf264a4da1fe44d92721e645980d64122c3365532a3b1517b78db5093?s=96&r=g","caption":"KlausMJan"},"sameAs":["http:\/\/www.netnographie.eu\/wordpress"],"url":"https:\/\/www.klaus-janowitz.de\/wordpress\/author\/klausmjan\/"}]}},"jetpack_publicize_connections":[],"jetpack_featured_media_url":"","jetpack_sharing_enabled":true,"jetpack_shortlink":"https:\/\/wp.me\/p15Wn2-9PC","jetpack_likes_enabled":true,"jetpack-related-posts":[{"id":32469,"url":"https:\/\/www.klaus-janowitz.de\/wordpress\/neuausrichtung-der-gesellschaft\/","url_meta":{"origin":37796,"position":0},"title":"Neuausrichtung der Gesellschaft nach Corona?","author":"KlausMJan","date":"30. August 2020","format":false,"excerpt":"Bei einer (nicht- repr\u00e4sentativen) adhoc- Umfrage der FES* meinten 2\/3 der Teilnehmer, dass die Corona-Krise langfristig positive Auswirkungen auf das gesellschaftliche Zusammenleben haben wird. Soll man das \u00fcberraschend finden? - Oder einfach als Hinweis darauf, dass die Ver\u00e4nderungsdynamik im Laufe der Corona- Krise Gestaltungsm\u00f6glichkeiten\u00a0 anst\u00f6sst und verbreitert? Braucht es Krisen,\u2026","rel":"","context":"In &quot;Allgemein&quot;","block_context":{"text":"Allgemein","link":"https:\/\/www.klaus-janowitz.de\/wordpress\/category\/allgemein\/"},"img":{"alt_text":"","src":"https:\/\/i0.wp.com\/www.klaus-janowitz.de\/wordpress\/wp-content\/uploads\/2016\/09\/Inside-out-300x300.jpg?resize=350%2C200&ssl=1","width":350,"height":200},"classes":[]},{"id":42207,"url":"https:\/\/www.klaus-janowitz.de\/wordpress\/buzzword-zukunft\/","url_meta":{"origin":37796,"position":1},"title":"Buzzword Zukunft?","author":"KlausMJan","date":"27. Dezember 2020","format":false,"excerpt":"Soviel wie gerade jetzt wurde selten von der Zukunft gesprochen - die Corona- Krise hat das Thema nach oben gedr\u00fcckt. Es ist weniger eine Debatte, in der Standpunkte gegen\u00fcberstehen, als eine Vielzahl von Bestandsaufnahmen, die Unsicherheit von Einsch\u00e4tzungen, die Suche nach einer Haltung -\u00a0 und steht ein Begriff erst einmal\u2026","rel":"","context":"In &quot;Allgemein&quot;","block_context":{"text":"Allgemein","link":"https:\/\/www.klaus-janowitz.de\/wordpress\/category\/allgemein\/"},"img":{"alt_text":"","src":"https:\/\/i0.wp.com\/www.klaus-janowitz.de\/wordpress\/wp-content\/uploads\/2020\/12\/Future_now-200x300.jpg?resize=350%2C200&ssl=1","width":350,"height":200},"classes":[]},{"id":84698,"url":"https:\/\/www.klaus-janowitz.de\/wordpress\/gruenes-wachstum-ein-neues-sozio-oekonomisches-regime\/","url_meta":{"origin":37796,"position":2},"title":"Gr\u00fcnes Wachstum &#8211; ein neues sozio- \u00f6konomisches Regime?","author":"KlausMJan","date":"14. Mai 2024","format":false,"excerpt":"Verkaufte Zukunft von Jens Beckert hat einige Diskussionen aufgeworfen\u00a0 - das Buch selber, in kleinem Kreise auch meine Rezension. Fasst man Verkaufte Zukunft kurz zusammen, geht\u00a0 es um einen pessimistischen Realismus, der mit dem Glauben daran\u00a0 aufr\u00e4umt, dass die Eind\u00e4mmung der Klimakrise entlang der auf Konferenzen beschlossenen Klimaziele verl\u00e4uft. Die\u2026","rel":"","context":"In &quot;Allgemein&quot;","block_context":{"text":"Allgemein","link":"https:\/\/www.klaus-janowitz.de\/wordpress\/category\/allgemein\/"},"img":{"alt_text":"","src":"https:\/\/i0.wp.com\/www.klaus-janowitz.de\/wordpress\/wp-content\/uploads\/2024\/05\/Gruenes-Wachstum-300x300.jpg?resize=350%2C200&ssl=1","width":350,"height":200},"classes":[]},{"id":7318,"url":"https:\/\/www.klaus-janowitz.de\/wordpress\/machtbalance-figuration-und-digitaler-wandel\/","url_meta":{"origin":37796,"position":3},"title":"Machtbalance, Figuration und digitaler Wandel","author":"KlausMJan","date":"28. Dezember 2015","format":false,"excerpt":"In einem der letzten Beitr\u00e4ge hatte ich den digitalen Wandel in die Perspektive der Zivilisationstheorie\u00a0von Norbert Elias gestellt. Digitaler Wandel l\u00e4sst sich so als ein langfristiger Prozess verstehen, in dem technologische und gesellschaftliche Entwicklungen miteinander verkn\u00fcpft sind. Digitaler Wandel bedeutet nicht, dass bestehende Strukturen in ein neues Format \u00fcbersetzt werden,\u2026","rel":"","context":"In &quot;Allgemein&quot;","block_context":{"text":"Allgemein","link":"https:\/\/www.klaus-janowitz.de\/wordpress\/category\/allgemein\/"},"img":{"alt_text":"","src":"https:\/\/i0.wp.com\/www.klaus-janowitz.de\/wordpress\/wp-content\/uploads\/2011\/01\/elias.jpg?resize=350%2C200&ssl=1","width":350,"height":200},"classes":[]},{"id":9738,"url":"https:\/\/www.klaus-janowitz.de\/wordpress\/rueckblick-transformation-der-systeme\/","url_meta":{"origin":37796,"position":4},"title":"R\u00fcckblick &#8220;Transformation der Systeme&#8221;","author":"KlausMJan","date":"17. Januar 2017","format":false,"excerpt":"Zwar liegt die 7. Internetwoche K\u00f6ln (24. - 28.10. 16) schon eine Zeit zur\u00fcck. An zweien der Veranstaltungen war ich massgeblich beteiligt\u00a0- und es lohnt sich auf die Ergebnisse zur\u00fcckzublicken. Zun\u00e4chst die Diskussionsveranstaltung Education 2.0\u00a0im Startplatz am 24.10., am Folgetag dann mit thematischer und personeller \u00dcberschneidung der Workshop Transformation der\u2026","rel":"","context":"In &quot;Allgemein&quot;","block_context":{"text":"Allgemein","link":"https:\/\/www.klaus-janowitz.de\/wordpress\/category\/allgemein\/"},"img":{"alt_text":"","src":"https:\/\/i0.wp.com\/www.klaus-janowitz.de\/wordpress\/wp-content\/uploads\/2016\/12\/Handel-300x225.jpg?resize=350%2C200","width":350,"height":200},"classes":[]},{"id":68270,"url":"https:\/\/www.klaus-janowitz.de\/wordpress\/krisen-und-der-zukunftsdiskurs-corona-klima\/","url_meta":{"origin":37796,"position":5},"title":"Krisen und der Zukunftsdiskurs &#8211; #Corona #Klima","author":"KlausMJan","date":"28. Oktober 2021","format":false,"excerpt":"Ob Corona im Herbst 2021\u00a0 ausgestanden ist, l\u00e4sst sich noch nicht abschliessend sagen. Manches spricht daf\u00fcr und mit der Impfkampagne\u00a0 sind die sp\u00fcrbarsten Einschr\u00e4nkungen aus dem Alltag verschwunden. Gesellschaftliche Folgen bzw. Auswirkungen lassen sich aber resumieren, zumindest\u00a0 einsch\u00e4tzen - nach gut anderthalb Jahren ist die Zeit dazu, Schl\u00fcsse zu ziehen.\u2026","rel":"","context":"In &quot;Allgemein&quot;","block_context":{"text":"Allgemein","link":"https:\/\/www.klaus-janowitz.de\/wordpress\/category\/allgemein\/"},"img":{"alt_text":"","src":"https:\/\/i0.wp.com\/www.klaus-janowitz.de\/wordpress\/wp-content\/uploads\/2021\/10\/masken_corona-300x200.jpg?resize=350%2C200&ssl=1","width":350,"height":200},"classes":[]}],"_links":{"self":[{"href":"https:\/\/www.klaus-janowitz.de\/wordpress\/wp-json\/wp\/v2\/posts\/37796","targetHints":{"allow":["GET"]}}],"collection":[{"href":"https:\/\/www.klaus-janowitz.de\/wordpress\/wp-json\/wp\/v2\/posts"}],"about":[{"href":"https:\/\/www.klaus-janowitz.de\/wordpress\/wp-json\/wp\/v2\/types\/post"}],"author":[{"embeddable":true,"href":"https:\/\/www.klaus-janowitz.de\/wordpress\/wp-json\/wp\/v2\/users\/1"}],"replies":[{"embeddable":true,"href":"https:\/\/www.klaus-janowitz.de\/wordpress\/wp-json\/wp\/v2\/comments?post=37796"}],"version-history":[{"count":65,"href":"https:\/\/www.klaus-janowitz.de\/wordpress\/wp-json\/wp\/v2\/posts\/37796\/revisions"}],"predecessor-version":[{"id":38432,"href":"https:\/\/www.klaus-janowitz.de\/wordpress\/wp-json\/wp\/v2\/posts\/37796\/revisions\/38432"}],"wp:attachment":[{"href":"https:\/\/www.klaus-janowitz.de\/wordpress\/wp-json\/wp\/v2\/media?parent=37796"}],"wp:term":[{"taxonomy":"category","embeddable":true,"href":"https:\/\/www.klaus-janowitz.de\/wordpress\/wp-json\/wp\/v2\/categories?post=37796"},{"taxonomy":"post_tag","embeddable":true,"href":"https:\/\/www.klaus-janowitz.de\/wordpress\/wp-json\/wp\/v2\/tags?post=37796"}],"curies":[{"name":"wp","href":"https:\/\/api.w.org\/{rel}","templated":true}]}}