{"id":10647,"date":"2017-11-22T19:03:06","date_gmt":"2017-11-22T18:03:06","guid":{"rendered":"http:\/\/www.klaus-janowitz.de\/wordpress\/?p=10647"},"modified":"2021-11-24T20:24:58","modified_gmt":"2021-11-24T19:24:58","slug":"die-gesellschaft-der-singularitaeten-rez","status":"publish","type":"post","link":"https:\/\/www.klaus-janowitz.de\/wordpress\/die-gesellschaft-der-singularitaeten-rez\/","title":{"rendered":"Die Gesellschaft der Singularit\u00e4ten (Rez.)"},"content":{"rendered":"<p style=\"text-align: justify;\"><a href=\"https:\/\/i0.wp.com\/www.klaus-janowitz.de\/wordpress\/wp-content\/uploads\/2017\/10\/Gesellschaft_der_Singularitaeten.jpg\"><img data-recalc-dims=\"1\" fetchpriority=\"high\" decoding=\"async\" class=\"alignleft wp-image-10385\" src=\"https:\/\/i0.wp.com\/www.klaus-janowitz.de\/wordpress\/wp-content\/uploads\/2017\/10\/Gesellschaft_der_Singularitaeten-181x300.jpg?resize=250%2C415\" alt=\"\" width=\"250\" height=\"415\" srcset=\"https:\/\/i0.wp.com\/www.klaus-janowitz.de\/wordpress\/wp-content\/uploads\/2017\/10\/Gesellschaft_der_Singularitaeten.jpg?resize=181%2C300&amp;ssl=1 181w, https:\/\/i0.wp.com\/www.klaus-janowitz.de\/wordpress\/wp-content\/uploads\/2017\/10\/Gesellschaft_der_Singularitaeten.jpg?w=301&amp;ssl=1 301w\" sizes=\"(max-width: 250px) 100vw, 250px\" \/><\/a>Soziologische Monographien der letzten Jahrzehnte\u00a0 erschienen bezeichnenderweise immer wieder unter Titeln, die von\u00a0einem einzelnen Begriff aus das Gef\u00fcge sp\u00e4tmoderner Gesellschaften aufrollen:\u00a0<em>Risiko-,\u00a0<\/em><em>Erlebnis-, Multioptions-, Abstiegs- <\/em>gesellschaft,\u00a0<a href=\"http:\/\/www.klaus-janowitz.de\/wordpress\/resonanz-eine-soziologie-der-weltbeziehung-rez\/\" target=\"_blank\" rel=\"noopener\"><em>Resonanz<\/em><\/a> als Weltbeziehung etc. &#8211; bei Andreas Reckwitz geht es nun um <em>Singularit\u00e4ten<\/em> als solche. Mit einigen Abstrichen befassen sich alle diese Titel mit Erscheinungen des \u00dcbergangs von der klassischen\u00a0 Industriegesellschaft zur <em>Sp\u00e4tmoderne, <\/em>bei<em> Ulrich Beck <\/em>(Risikogesellschaft)<em>\u00a0<\/em>z. B.<em> Erste <\/em>und<em> Zweite Moderne <\/em>genannt<em>.\u00a0<strong>Reckwitz&#8217;\u00a0<\/strong>\u00a0<\/em>Thema ist die <em>kulturelle Transformation<\/em> von der industriellen Moderne zur Sp\u00e4tmoderne.\u00a0Vorausgegangen war \u201e<em>Die Erfindung der Kreativit\u00e4t. Zum Prozess gesellschaftlicher \u00c4sthetisierung<\/em>\u201c (2013).<\/p>\n<p style=\"text-align: justify;\">Kernthese des jetzt (10\/2017) erschienenen Buches ist ein Bedeutungsverlust <em>des Allgemeinen (<\/em>d.h. auch des<em> Konformen <\/em>und<em> Konventionellen)<\/em>\u00a0gegen\u00fcber <em>dem Besonderen<\/em>. An die Stelle\u00a0<em>normbildender Gleichheit, <\/em>die sich vielf\u00e4ltig niedergeschlagen hatte, so &#8220;<em>in Volksparteien, im keynesianischen Steuerungs- und Wohlfahrtsstaat, in Massenmedien und Fernsehkultur<\/em>&#8221; <span style=\"font-size: small; line-height: 2px;\">(Die Zeit, 4.10.17)<\/span>, ist das Ideal des <em>sich selbst entfaltenden Individuums<\/em>, ein expressives Selbst, das nicht nur einfach den Konventionen folgt, getreten. Tr\u00e4ger ist die mit der Bildungsexpansion gewachsene akademisch gebildete\u00a0<em>Neue Mittelschicht <\/em>mit dem Anspruch an ein\u00a0<strong><em>gutes Leben.<\/em><\/strong>\u00a0Kennzeichnend sind die Suche nach <em>authentischen<\/em> Erfahrungen in Beruf, Privatleben und Freizeit und einem \u00e4sthetischen und ethischen Anspruch an das eigene Leben.<\/p>\n<figure id=\"attachment_7785\" aria-describedby=\"caption-attachment-7785\" style=\"width: 280px\" class=\"wp-caption alignright\"><a href=\"https:\/\/i0.wp.com\/www.klaus-janowitz.de\/wordpress\/wp-content\/uploads\/2016\/03\/IMG_3688.jpg\"><img data-recalc-dims=\"1\" decoding=\"async\" class=\"wp-image-7785\" src=\"https:\/\/i0.wp.com\/www.klaus-janowitz.de\/wordpress\/wp-content\/uploads\/2016\/03\/IMG_3688-300x300.jpg?resize=280%2C280\" alt=\"\" width=\"280\" height=\"280\" srcset=\"https:\/\/i0.wp.com\/www.klaus-janowitz.de\/wordpress\/wp-content\/uploads\/2016\/03\/IMG_3688.jpg?resize=300%2C300&amp;ssl=1 300w, https:\/\/i0.wp.com\/www.klaus-janowitz.de\/wordpress\/wp-content\/uploads\/2016\/03\/IMG_3688.jpg?resize=150%2C150&amp;ssl=1 150w, https:\/\/i0.wp.com\/www.klaus-janowitz.de\/wordpress\/wp-content\/uploads\/2016\/03\/IMG_3688.jpg?resize=768%2C768&amp;ssl=1 768w, https:\/\/i0.wp.com\/www.klaus-janowitz.de\/wordpress\/wp-content\/uploads\/2016\/03\/IMG_3688.jpg?resize=1024%2C1024&amp;ssl=1 1024w, https:\/\/i0.wp.com\/www.klaus-janowitz.de\/wordpress\/wp-content\/uploads\/2016\/03\/IMG_3688.jpg?w=1280&amp;ssl=1 1280w\" sizes=\"(max-width: 280px) 100vw, 280px\" \/><\/a><figcaption id=\"caption-attachment-7785\" class=\"wp-caption-text\">Singularit\u00e4tsmarkt CraftBeer<\/figcaption><\/figure>\n<p style=\"text-align: justify;\"><em>Singularisierung<\/em>\u00a0ist mit<em>\u00a0Kulturalisierung <\/em>verbunden, d.h. G\u00fcter und Dienstleistungen werden mit Wert bedacht &#8211; <em>valorisiert<\/em>, erhalten eine narrativ- hermeneutische Dimension. Am augenf\u00e4lligsten sind <em>Singularisierungen<\/em> in Lebensstil und Konsum. So beim <em>Essen &#8211;\u00a0<\/em>ein <em>Connaisseur<\/em>tum wird nicht nur beim Wein gepflegt. Genu\u00df- und andere Lebensmittel wie\u00a0<em>Craft<\/em>Bier, Kaffee, <a href=\"http:\/\/www.klaus-janowitz.de\/wordpress\/kleine-netnographie-der-schokolade\/\" target=\"_blank\" rel=\"noopener\">Schokolade<\/a>,\u00a0<em>Beef, Ethnic Food\u00a0<\/em>etc. bieten Gelegenheit dazu. Bausteine eines singularistischen Lebensstils finden sich in den meisten Lebensbereichen: Wohnen, Reisen, Mode, in allen Sparten von Kultur und Sport, im gesellschaftlichen Engagement &#8211; und im Verh\u00e4ltnis zum eigenen K\u00f6rper. Der Kulturbegriff ist l\u00e4ngst so weitgefasst, dass er alle Formen von Hoch- und Popularkultur genauso umfasst, wie Alltags<em>kulturen<\/em>\u00a0jeglicher Herkunft aus Gegenwart und Vergangenheit. Der Bogen reicht von <em>Pal\u00e4o- Di\u00e4t<\/em>\u00a0 zu Industriekultur, Fu\u00dfball- und Games- bis etwa zur\u00a0<em>Sneakerkultur,<\/em>\u00a0entscheidend ist der Anschlu\u00df an Narrationen.\u00a0<a href=\"http:\/\/www.klaus-janowitz.de\/wordpress\/handwerkliches-essen\/\" target=\"_blank\" rel=\"noopener\">Handwerkliche Herstellung,<\/a>\u00a0Manufakturwaren erleben ein Revival. Im\u00a0<em>Kulturkapitalismus<\/em>\u00a0wird die Singularit\u00e4t eines Gutes zu dessen Kapital (172).<\/p>\n<figure id=\"attachment_2919\" aria-describedby=\"caption-attachment-2919\" style=\"width: 226px\" class=\"wp-caption alignright\"><a href=\"https:\/\/i0.wp.com\/www.klaus-janowitz.de\/wordpress\/wp-content\/uploads\/2012\/10\/Schattendiskussion.jpg\"><img data-recalc-dims=\"1\" decoding=\"async\" class=\"wp-image-2919\" src=\"https:\/\/i0.wp.com\/www.klaus-janowitz.de\/wordpress\/wp-content\/uploads\/2012\/10\/Schattendiskussion-300x238.jpg?resize=226%2C180\" alt=\"\" width=\"226\" height=\"180\" srcset=\"https:\/\/i0.wp.com\/www.klaus-janowitz.de\/wordpress\/wp-content\/uploads\/2012\/10\/Schattendiskussion.jpg?resize=300%2C238&amp;ssl=1 300w, https:\/\/i0.wp.com\/www.klaus-janowitz.de\/wordpress\/wp-content\/uploads\/2012\/10\/Schattendiskussion.jpg?w=800&amp;ssl=1 800w\" sizes=\"(max-width: 226px) 100vw, 226px\" \/><\/a><figcaption id=\"caption-attachment-2919\" class=\"wp-caption-text\">Singularisierte Arbeit im Projektteam Bild: time. \/ photocase.de<\/figcaption><\/figure>\n<p style=\"text-align: justify;\">In der postindustriellen (<em>= sp\u00e4tmodernen<\/em>) Gesellschaft transformiert sich die Arbeitswelt. In <em>innovationsgetriebenen<\/em> Branchen (<em>Wissens- u. Kultur\u00f6konomie, <\/em><em>Digitales<\/em>)\u00a0treten\u00a0Projektstrukturen und Netzwerke an die Stelle der hierarchisch- arbeitsteiligen Matrix. Dieser Arbeitsmarkt fordert ein m\u00f6glichst einzigartiges Profil von <em>Kompetenzen<\/em> und <em>Potentialen <\/em>(182)<i>\u00a0&#8211; <\/i>und deren Umsetzung in einer angemessenen\u00a0<i>Performance. <em>Intrinsische Motivation<\/em> <\/i>wird erwartet.\u00a0Der Mitarbeiter\/Selbstunternehmer hat best\u00e4ndig an seiner Arbeitsmarktf\u00e4higkeit\/<em>Employability<\/em>\u00a0zu arbeiten.\u00a0Markterfolg ist abh\u00e4ngig von seiner Performance mit einer in sich stimmigen Besonderheit &#8211; erstrebenswert ist eine gelungene\u00a0<em>Balance zwischen Konzentration und L\u00e4ssigkeit <\/em>im Auftritt<em>.\u00a0<\/em><strong><em>HR Management<\/em><\/strong>\u00a0kommt die Identifizierung und F\u00f6rderung von Besonderheiten zu. Nebendem bestehen routinisierte und zunehmend automatisierte &#8211; profane &#8211; \u00a0Arbeiten weiter: \u00a0&#8220;<em>Die Arbeit ist profan, wenn der Arbeitnehmer austauschbar ist (und sich selbst auch so wahrnimmt), und sie ist singul\u00e4r, wenn das nicht der Fall ist<\/em>&#8221; (185).\u00a0<em>Lovely Jobs<\/em> und <em>Lousy Jobs<\/em>\u00a0liegen oft nahe beieinander.<\/p>\n<figure id=\"attachment_10598\" aria-describedby=\"caption-attachment-10598\" style=\"width: 300px\" class=\"wp-caption alignleft\"><a href=\"https:\/\/i0.wp.com\/www.klaus-janowitz.de\/wordpress\/wp-content\/uploads\/2017\/11\/IMG_2579.jpg\"><img data-recalc-dims=\"1\" loading=\"lazy\" decoding=\"async\" class=\"wp-image-10598\" src=\"https:\/\/i0.wp.com\/www.klaus-janowitz.de\/wordpress\/wp-content\/uploads\/2017\/11\/IMG_2579-300x225.jpg?resize=300%2C225\" alt=\"\" width=\"300\" height=\"225\" srcset=\"https:\/\/i0.wp.com\/www.klaus-janowitz.de\/wordpress\/wp-content\/uploads\/2017\/11\/IMG_2579.jpg?resize=300%2C225&amp;ssl=1 300w, https:\/\/i0.wp.com\/www.klaus-janowitz.de\/wordpress\/wp-content\/uploads\/2017\/11\/IMG_2579.jpg?resize=768%2C576&amp;ssl=1 768w, https:\/\/i0.wp.com\/www.klaus-janowitz.de\/wordpress\/wp-content\/uploads\/2017\/11\/IMG_2579.jpg?resize=1024%2C768&amp;ssl=1 1024w, https:\/\/i0.wp.com\/www.klaus-janowitz.de\/wordpress\/wp-content\/uploads\/2017\/11\/IMG_2579.jpg?resize=1200%2C900&amp;ssl=1 1200w, https:\/\/i0.wp.com\/www.klaus-janowitz.de\/wordpress\/wp-content\/uploads\/2017\/11\/IMG_2579.jpg?w=1575&amp;ssl=1 1575w\" sizes=\"(max-width: 300px) 100vw, 300px\" \/><\/a><figcaption id=\"caption-attachment-10598\" class=\"wp-caption-text\">Von der industriellen Moderne zur Kreativ- und Wissens\u00f6konomie in der Sp\u00e4tmoderne<\/figcaption><\/figure>\n<p style=\"text-align: justify;\">Inwieweit wird &#8220;<strong><em>Die Gesellschaft der Singularit\u00e4ten<\/em><\/strong>&#8221; dem Anspruch als <strong><em>Zeitdiagnose\u00a0<\/em><\/strong>gerecht?\u00a0Die Erosion der industriellen Logik, Individualisierung, der Abschied von einer Gesellschaft der Normarbeitsverh\u00e4ltnisse mit arbeitsrechtlichen und sozialstaatlichen Absicherungen, Konvergenzen von Neoliberalismus und Gegenkultur,\u00a0die \u201e<em>Creative Economy<\/em>\u201c sind seit einigen Dekaden Thema.<br \/>\nReckwitz bezieht sich immer wieder auf letztere,<strong><em>\u00a0<\/em><\/strong>erweitert als\u00a0<em><strong>experience economy,<\/strong><\/em>\u00a0als der treibenden Kraft der postindustriellen Wirtschaft. Neben der Kreativ- und Wissens\u00f6konomie (incl. der Digitalwirtschaft) im engeren Sinne fallen Sport, Tourismus, Entertainment, Gastronomie etc., auch Teile von Landwirtschaft und Lebensmittelproduktion, Gesundheitswirtschaft, das Umfeld von Beratern, Start-Ups, Influencern, Solopreneuren aller Art, darunter &#8211; soweit sie der Logik der kulturellen Singularit\u00e4tsg\u00fcter entsprechen: Authenzit\u00e4tsanspruch, Erlebnisqualit\u00e4t, ma\u00dfgeschneiderte Produkte und Probleml\u00f6sungen. <i>Kulturkapitalismus<\/i>\u00a0bzw. <em>Kultur\u00f6konomisierung <\/em>hat hier seinen Ursprung. Akteure und Unternehmen entstammen oft lokalen oder subkulturellen\u00a0 <em>Inkubations<\/em>zentren.<\/p>\n<p style=\"text-align: justify;\">Im Konzept der <strong><em>Singularit\u00e4ten<\/em><\/strong> f\u00fcgen sich ganz unterschiedliche Ph\u00e4nomene der Sp\u00e4tmoderne zusammen: in Lebensstil und Konsum, auf den M\u00e4rkten und dem Arbeitsmarkt, in der Erziehung und im Wettbewerb. Auf der individuellen Ebene z.B., wenn die eigene Arbeit und die eigene Performance best\u00e4ndig valorisiert und abgeglichen werden. Konzepte wie <em><strong>New Work<\/strong><\/em> oder <strong><em>Storytelling<\/em><\/strong> erscheinen neu beleuchtet. Ein sch\u00f6ner Satz: <em>Im Modus der Singularit\u00e4t wird das Leben nicht einfach gelebt, sondern kuratiert<\/em>(9). Gesellschaftliche Prozesse, die seit einigen Jahrzehnten stattfinden, \u00a0verst\u00e4rken und beschleunigen sich sich mit der Digitalisierung (vgl.\u00a0<a href=\"http:\/\/www.klaus-janowitz.de\/wordpress\/kultur-der-digitalitaet-rez\/\" target=\"_blank\" rel=\"noopener\"><em>Kultur der Digitalit\u00e4t<\/em><\/a> von F. Stalder).<br \/>\nRecknitz stellt die einzelnen Felder \u00e4u\u00dferst detailreich dar, manchmal erscheinen seine Ausf\u00fchrungen etwas \u00fcberakzentuiert.\u00a0 Ein Buch das Zeit braucht, immerhin knapp 500 Seiten.<\/p>\n<p style=\"text-align: justify;\">Weniger folgen kann ich ihm dort, wo er von einer <em>Neuen Klassengesellschaft<\/em> spricht <span style=\"font-size: small; line-height: 2px;\">(FAZaS, 22.10.17),<\/span>\u00a0zumindest in der Form, in der die\u00a0<em>Neue Mittelklasse<\/em>\u00a0einer <em>Alten Mittelklasse<\/em> und einer <em>Neuen Unterschicht<\/em> gegen\u00fcbersteht &#8211; und er dazu die (kleine) verm\u00f6gende <em>Oberschicht<\/em> der <em>Neuen Mittelklasse<\/em> zuschl\u00e4gt. Recknitz stuft den Anteil der\u00a0<em>Neuen Mittelklasse\u00a0<\/em>auf ca. 1\/3 der Bev\u00f6lkerung\u00a0 ein &#8211;\u00a0 in Anlehnung an vier der\u00a0<a href=\"http:\/\/www.klaus-janowitz.de\/wordpress\/digitale-milieus\/\" target=\"_blank\" rel=\"noopener\">Sinus- Milieus<\/a>. K<em>ulturelle<\/em> Bruchlinien sind wohl zu erkennen, doch sind Gemeinsamkeiten zun\u00e4chst<i>\u00a0<\/i>begrenzt: kulturelles Kapital, ein Ideal der Selbstverwirklichung, Zugang zu den \u00f6ffentlichen Diskursen, eine mehr oder minder expressive Performance. Das Risiko der <a href=\"http:\/\/www.klaus-janowitz.de\/pdf\/Prekarisierung.pdf\">Prekarit\u00e4t<\/a>, des <em>Sich-Durchwurschtelns<\/em> (<em>Muddling through<\/em>) trifft nicht nur eine Unterklasse.\u00a0<em>New Work\u00a0<\/em>schafft Macht in Unternehmen und Organisation nicht ab. Auch die Creative Economy ist zumindest <a href=\"https:\/\/www.theguardian.com\/books\/2017\/sep\/26\/richard-florida-new-urban-crisis-review-flawed-elitist-ideas\" target=\"_blank\" rel=\"noopener\">entzaubert<\/a>. Reale Machtunterschiede treten immer wieder hervor, so etwa auf dem Immobilienmarkt.<br \/>\nGelegentlich wird von einem Auseinanderfallen, gar einer Atomisierung der Gesellschaft gesprochen. F\u00fcr die gro\u00dfen normsetzenden Organisationen und Milieus mag das gelten &#8211; und Reckwitz spricht beinahe nostalgisch vom Verschwinden der <em>sozial angepassten Pers\u00f6nlichkeit<\/em> (9), des klassischen <em>Kleinen Mannes<\/em>. Was sich ver\u00e4ndert hat, ist die <strong>Figuration<\/strong> von <a href=\"http:\/\/www.klaus-janowitz.de\/wordpress\/gemeinschaft-und-gesellschaft-im-digitalen-wandel\/\" target=\"_blank\" rel=\"noopener\">Vergemeinschaftung<\/a> und Vergesellschaftung. Charakteristisch sind z.B. interessenbestimmte Neogemeinschaften und sich immer wieder neu nach jeweils <em>singul\u00e4ren<\/em> Merkmalen zusammenf\u00fcgende Teil\u00f6ffentlichkeiten. Und wer danach fragt: Es wird auch weiterhin Raum f\u00fcr ein <i>sozial\u00a0angepasstes Leben <\/i>geben.<br \/>\nEs hat den Anschein, dass die Forderungen der sog. <em>K\u00fcnstlerkritik,<\/em> die sich gegen <em>Entfremdung <\/em>im<em>\u00a0<\/em>fordistischen Kapitalismus richtete &#8211; Freiheit, Autonomie, Sinn, Authentizit\u00e4t und auch Spa\u00df einforderte &#8211; zumindest partiell zu einem Leitbild wurden.\u00a0Kein <em>entfremdeter<\/em> Konsum und keine <em>entfremdete<\/em> Arbeit, sondern <em>kuratierter<\/em> Konsum und <em>kuratierte<\/em> Arbeit. Demgegen\u00fcber steht die\u00a0<em>Sozialkritik<\/em>, die Solidarit\u00e4t, Sicherheit und Gleichheit einfordert.<br \/>\nMerken sollte man sich einige Begriffe und Konzepte: die <strong><em>Valorisierung<\/em><\/strong> kultureller Praxis im weitesten Sinne. <em><strong>Valorisierung<\/strong><\/em> bedeutet zun\u00e4chst eine Wertzumessung \u00e4sthetischer, ethischer oder k\u00f6rperlich erfahrbarer Art (Einbindung in eine Narration\/<em>Storytelling<\/em> z\u00e4hlt dazu), schlie\u00dft eine kommerzielle Verwertung aber nicht aus. Man kennt es aus der Markenbildung, von Stadtmarketing, Eventgastronomie etc.<br \/>\nEbenso\u00a0<em><strong>Serielle Singularit\u00e4ten<\/strong><\/em>\u00a0(135) &#8211; dieser Begriff kommt bei Reckwitz zwar nur am Rande vor, trifft aber die algorithmisch geschaffenen Singularit\u00e4ten. Im Plural werden Singularit\u00e4ten nicht zu Masseng\u00fctern &#8211; sondern zu personalisierten <em><strong>seriellen Singularit\u00e4te<\/strong><\/em>n.<\/p>\n<p>Politische Planungs- und Steuerungsphantasien, wie sie noch die industrielle Moderne pr\u00e4gten, prallen an der Gesellschaft der Singularit\u00e4ten ab (442), Politik wird immer \u00f6fter zur Moderation.<\/p>\n<p style=\"text-align: justify;\"><span style=\"font-size: small; line-height: 2px;\"><strong>Andreas Reckwitz<\/strong>: Die Gesellschaft der Singularit\u00e4ten. Zum Strukturwandel der Moderne. Berlin, Oktober 2017, 480 S. ISBN: 978-3-<em>518-58706-5<\/em>. Interviews in: Die Zeit, 4.10. 2017 u. FAZ am Sonntag, 22.10.2017\u00a0\u00a0<strong>\u00a0\u00a0<\/strong><\/span><\/p>\n<p><!-- Piwik --><br \/>\n<script type=\"text\/javascript\">\n  var _paq = _paq || [];\n  \/* tracker methods like \"setCustomDimension\" should be called before \"trackPageView\" *\/\n  _paq.push(['trackPageView']);\n  _paq.push(['enableLinkTracking']);\n  (function() {\n    var u=\"\/\/www.klaus-janowitz.de\/piwik\/\";\n    _paq.push(['setTrackerUrl', u+'piwik.php']);\n    _paq.push(['setSiteId', '1']);\n    var d=document, g=d.createElement('script'), s=d.getElementsByTagName('script')[0];\n    g.type='text\/javascript'; g.async=true; g.defer=true; g.src=u+'piwik.js'; s.parentNode.insertBefore(g,s);\n  })();\n<\/script><br \/>\n<!-- End Piwik Code --><\/p>\n","protected":false},"excerpt":{"rendered":"<p>Soziologische Monographien der letzten Jahrzehnte\u00a0 erschienen bezeichnenderweise immer wieder unter Titeln, die von\u00a0einem einzelnen Begriff aus das Gef\u00fcge sp\u00e4tmoderner Gesellschaften aufrollen:\u00a0Risiko-,\u00a0Erlebnis-, Multioptions-, Abstiegs- gesellschaft,\u00a0Resonanz als Weltbeziehung etc. &#8211; bei Andreas Reckwitz geht es nun um Singularit\u00e4ten als solche. Mit einigen Abstrichen befassen sich alle diese Titel mit Erscheinungen des \u00dcbergangs von der klassischen\u00a0 Industriegesellschaft zur &hellip; <\/p>\n<p class=\"link-more\"><a href=\"https:\/\/www.klaus-janowitz.de\/wordpress\/die-gesellschaft-der-singularitaeten-rez\/\" class=\"more-link\"><span class=\"screen-reader-text\">\u201eDie Gesellschaft der Singularit\u00e4ten (Rez.)\u201c <\/span>weiterlesen<\/a><\/p>\n","protected":false},"author":1,"featured_media":0,"comment_status":"open","ping_status":"open","sticky":false,"template":"","format":"standard","meta":{"jetpack_post_was_ever_published":false,"_jetpack_newsletter_access":"","_jetpack_dont_email_post_to_subs":false,"_jetpack_newsletter_tier_id":0,"_jetpack_memberships_contains_paywalled_content":false,"_jetpack_memberships_contains_paid_content":false,"activitypub_content_warning":"","activitypub_content_visibility":"","activitypub_max_image_attachments":4,"activitypub_interaction_policy_quote":"","activitypub_status":"","footnotes":"","jetpack_publicize_message":"","jetpack_publicize_feature_enabled":true,"jetpack_social_post_already_shared":true,"jetpack_social_options":{"image_generator_settings":{"template":"highway","default_image_id":0,"font":"","enabled":false},"version":2}},"categories":[1,66,67],"tags":[73,37,112,60,61,111,76],"class_list":["post-10647","post","type-post","status-publish","format-standard","hentry","category-allgemein","category-digitaler-wandel","category-rezensionen","tag-digitale-transformation","tag-digitaler-wandel","tag-kulturoekonomie","tag-review","tag-rezension","tag-singularisierung","tag-soziologie"],"yoast_head":"<!-- This site is optimized with the Yoast SEO plugin v27.5 - https:\/\/yoast.com\/product\/yoast-seo-wordpress\/ -->\n<title>Die Gesellschaft der Singularit\u00e4ten (Rez.) - Netnographie &amp; Digitaler Wandel<\/title>\n<meta name=\"robots\" content=\"index, follow, max-snippet:-1, max-image-preview:large, max-video-preview:-1\" \/>\n<link rel=\"canonical\" href=\"https:\/\/www.klaus-janowitz.de\/wordpress\/die-gesellschaft-der-singularitaeten-rez\/\" \/>\n<meta property=\"og:locale\" content=\"de_DE\" \/>\n<meta property=\"og:type\" content=\"article\" \/>\n<meta property=\"og:title\" content=\"Die Gesellschaft der Singularit\u00e4ten (Rez.) - Netnographie &amp; Digitaler Wandel\" \/>\n<meta property=\"og:description\" content=\"Soziologische Monographien der letzten Jahrzehnte\u00a0 erschienen bezeichnenderweise immer wieder unter Titeln, die von\u00a0einem einzelnen Begriff aus das Gef\u00fcge sp\u00e4tmoderner Gesellschaften aufrollen:\u00a0Risiko-,\u00a0Erlebnis-, Multioptions-, Abstiegs- gesellschaft,\u00a0Resonanz als Weltbeziehung etc. &#8211; bei Andreas Reckwitz geht es nun um Singularit\u00e4ten als solche. Mit einigen Abstrichen befassen sich alle diese Titel mit Erscheinungen des \u00dcbergangs von der klassischen\u00a0 Industriegesellschaft zur &hellip; \u201eDie Gesellschaft der Singularit\u00e4ten (Rez.)\u201c weiterlesen\" \/>\n<meta property=\"og:url\" content=\"https:\/\/www.klaus-janowitz.de\/wordpress\/die-gesellschaft-der-singularitaeten-rez\/\" \/>\n<meta property=\"og:site_name\" content=\"Netnographie &amp; Digitaler Wandel\" \/>\n<meta property=\"article:published_time\" content=\"2017-11-22T18:03:06+00:00\" \/>\n<meta property=\"article:modified_time\" content=\"2021-11-24T19:24:58+00:00\" \/>\n<meta property=\"og:image\" content=\"http:\/\/www.klaus-janowitz.de\/wordpress\/wp-content\/uploads\/2017\/10\/Gesellschaft_der_Singularitaeten-181x300.jpg\" \/>\n<meta name=\"author\" content=\"KlausMJan\" \/>\n<meta name=\"twitter:card\" content=\"summary_large_image\" \/>\n<meta name=\"twitter:label1\" content=\"Verfasst von\" \/>\n\t<meta name=\"twitter:data1\" content=\"KlausMJan\" \/>\n\t<meta name=\"twitter:label2\" content=\"Gesch\u00e4tzte Lesezeit\" \/>\n\t<meta name=\"twitter:data2\" content=\"7\u00a0Minuten\" \/>\n<script type=\"application\/ld+json\" class=\"yoast-schema-graph\">{\"@context\":\"https:\\\/\\\/schema.org\",\"@graph\":[{\"@type\":\"Article\",\"@id\":\"https:\\\/\\\/www.klaus-janowitz.de\\\/wordpress\\\/die-gesellschaft-der-singularitaeten-rez\\\/#article\",\"isPartOf\":{\"@id\":\"https:\\\/\\\/www.klaus-janowitz.de\\\/wordpress\\\/die-gesellschaft-der-singularitaeten-rez\\\/\"},\"author\":{\"name\":\"KlausMJan\",\"@id\":\"https:\\\/\\\/www.klaus-janowitz.de\\\/wordpress\\\/#\\\/schema\\\/person\\\/010eda704157cb8ce4370bfd0376c858\"},\"headline\":\"Die Gesellschaft der Singularit\u00e4ten (Rez.)\",\"datePublished\":\"2017-11-22T18:03:06+00:00\",\"dateModified\":\"2021-11-24T19:24:58+00:00\",\"mainEntityOfPage\":{\"@id\":\"https:\\\/\\\/www.klaus-janowitz.de\\\/wordpress\\\/die-gesellschaft-der-singularitaeten-rez\\\/\"},\"wordCount\":1257,\"commentCount\":0,\"image\":{\"@id\":\"https:\\\/\\\/www.klaus-janowitz.de\\\/wordpress\\\/die-gesellschaft-der-singularitaeten-rez\\\/#primaryimage\"},\"thumbnailUrl\":\"http:\\\/\\\/www.klaus-janowitz.de\\\/wordpress\\\/wp-content\\\/uploads\\\/2017\\\/10\\\/Gesellschaft_der_Singularitaeten-181x300.jpg\",\"keywords\":[\"Digitale Transformation\",\"digitaler Wandel\",\"Kultur\u00f6konomie\",\"Review\",\"Rezension\",\"Singularisierung\",\"Soziologie\"],\"articleSection\":{\"1\":\"Digitaler Wandel\",\"2\":\"Rezensionen\"},\"inLanguage\":\"de\",\"potentialAction\":[{\"@type\":\"CommentAction\",\"name\":\"Comment\",\"target\":[\"https:\\\/\\\/www.klaus-janowitz.de\\\/wordpress\\\/die-gesellschaft-der-singularitaeten-rez\\\/#respond\"]}]},{\"@type\":\"WebPage\",\"@id\":\"https:\\\/\\\/www.klaus-janowitz.de\\\/wordpress\\\/die-gesellschaft-der-singularitaeten-rez\\\/\",\"url\":\"https:\\\/\\\/www.klaus-janowitz.de\\\/wordpress\\\/die-gesellschaft-der-singularitaeten-rez\\\/\",\"name\":\"Die Gesellschaft der Singularit\u00e4ten (Rez.) - Netnographie &amp; Digitaler Wandel\",\"isPartOf\":{\"@id\":\"https:\\\/\\\/www.klaus-janowitz.de\\\/wordpress\\\/#website\"},\"primaryImageOfPage\":{\"@id\":\"https:\\\/\\\/www.klaus-janowitz.de\\\/wordpress\\\/die-gesellschaft-der-singularitaeten-rez\\\/#primaryimage\"},\"image\":{\"@id\":\"https:\\\/\\\/www.klaus-janowitz.de\\\/wordpress\\\/die-gesellschaft-der-singularitaeten-rez\\\/#primaryimage\"},\"thumbnailUrl\":\"http:\\\/\\\/www.klaus-janowitz.de\\\/wordpress\\\/wp-content\\\/uploads\\\/2017\\\/10\\\/Gesellschaft_der_Singularitaeten-181x300.jpg\",\"datePublished\":\"2017-11-22T18:03:06+00:00\",\"dateModified\":\"2021-11-24T19:24:58+00:00\",\"author\":{\"@id\":\"https:\\\/\\\/www.klaus-janowitz.de\\\/wordpress\\\/#\\\/schema\\\/person\\\/010eda704157cb8ce4370bfd0376c858\"},\"breadcrumb\":{\"@id\":\"https:\\\/\\\/www.klaus-janowitz.de\\\/wordpress\\\/die-gesellschaft-der-singularitaeten-rez\\\/#breadcrumb\"},\"inLanguage\":\"de\",\"potentialAction\":[{\"@type\":\"ReadAction\",\"target\":[\"https:\\\/\\\/www.klaus-janowitz.de\\\/wordpress\\\/die-gesellschaft-der-singularitaeten-rez\\\/\"]}]},{\"@type\":\"ImageObject\",\"inLanguage\":\"de\",\"@id\":\"https:\\\/\\\/www.klaus-janowitz.de\\\/wordpress\\\/die-gesellschaft-der-singularitaeten-rez\\\/#primaryimage\",\"url\":\"http:\\\/\\\/www.klaus-janowitz.de\\\/wordpress\\\/wp-content\\\/uploads\\\/2017\\\/10\\\/Gesellschaft_der_Singularitaeten-181x300.jpg\",\"contentUrl\":\"http:\\\/\\\/www.klaus-janowitz.de\\\/wordpress\\\/wp-content\\\/uploads\\\/2017\\\/10\\\/Gesellschaft_der_Singularitaeten-181x300.jpg\"},{\"@type\":\"BreadcrumbList\",\"@id\":\"https:\\\/\\\/www.klaus-janowitz.de\\\/wordpress\\\/die-gesellschaft-der-singularitaeten-rez\\\/#breadcrumb\",\"itemListElement\":[{\"@type\":\"ListItem\",\"position\":1,\"name\":\"Startseite\",\"item\":\"https:\\\/\\\/www.klaus-janowitz.de\\\/wordpress\\\/\"},{\"@type\":\"ListItem\",\"position\":2,\"name\":\"Die Gesellschaft der Singularit\u00e4ten (Rez.)\"}]},{\"@type\":\"WebSite\",\"@id\":\"https:\\\/\\\/www.klaus-janowitz.de\\\/wordpress\\\/#website\",\"url\":\"https:\\\/\\\/www.klaus-janowitz.de\\\/wordpress\\\/\",\"name\":\"Netnographie &amp; Digitaler Wandel\",\"description\":\"Blog rund um die Themen Netnographie, Online-Kultur und Digitalen Wandel\",\"potentialAction\":[{\"@type\":\"SearchAction\",\"target\":{\"@type\":\"EntryPoint\",\"urlTemplate\":\"https:\\\/\\\/www.klaus-janowitz.de\\\/wordpress\\\/?s={search_term_string}\"},\"query-input\":{\"@type\":\"PropertyValueSpecification\",\"valueRequired\":true,\"valueName\":\"search_term_string\"}}],\"inLanguage\":\"de\"},{\"@type\":\"Person\",\"@id\":\"https:\\\/\\\/www.klaus-janowitz.de\\\/wordpress\\\/#\\\/schema\\\/person\\\/010eda704157cb8ce4370bfd0376c858\",\"name\":\"KlausMJan\",\"image\":{\"@type\":\"ImageObject\",\"inLanguage\":\"de\",\"@id\":\"https:\\\/\\\/secure.gravatar.com\\\/avatar\\\/94d3059bf264a4da1fe44d92721e645980d64122c3365532a3b1517b78db5093?s=96&r=g\",\"url\":\"https:\\\/\\\/secure.gravatar.com\\\/avatar\\\/94d3059bf264a4da1fe44d92721e645980d64122c3365532a3b1517b78db5093?s=96&r=g\",\"contentUrl\":\"https:\\\/\\\/secure.gravatar.com\\\/avatar\\\/94d3059bf264a4da1fe44d92721e645980d64122c3365532a3b1517b78db5093?s=96&r=g\",\"caption\":\"KlausMJan\"},\"sameAs\":[\"http:\\\/\\\/www.netnographie.eu\\\/wordpress\"],\"url\":\"https:\\\/\\\/www.klaus-janowitz.de\\\/wordpress\\\/author\\\/klausmjan\\\/\"}]}<\/script>\n<!-- \/ Yoast SEO plugin. -->","yoast_head_json":{"title":"Die Gesellschaft der Singularit\u00e4ten (Rez.) - Netnographie &amp; Digitaler Wandel","robots":{"index":"index","follow":"follow","max-snippet":"max-snippet:-1","max-image-preview":"max-image-preview:large","max-video-preview":"max-video-preview:-1"},"canonical":"https:\/\/www.klaus-janowitz.de\/wordpress\/die-gesellschaft-der-singularitaeten-rez\/","og_locale":"de_DE","og_type":"article","og_title":"Die Gesellschaft der Singularit\u00e4ten (Rez.) - Netnographie &amp; Digitaler Wandel","og_description":"Soziologische Monographien der letzten Jahrzehnte\u00a0 erschienen bezeichnenderweise immer wieder unter Titeln, die von\u00a0einem einzelnen Begriff aus das Gef\u00fcge sp\u00e4tmoderner Gesellschaften aufrollen:\u00a0Risiko-,\u00a0Erlebnis-, Multioptions-, Abstiegs- gesellschaft,\u00a0Resonanz als Weltbeziehung etc. &#8211; bei Andreas Reckwitz geht es nun um Singularit\u00e4ten als solche. Mit einigen Abstrichen befassen sich alle diese Titel mit Erscheinungen des \u00dcbergangs von der klassischen\u00a0 Industriegesellschaft zur &hellip; \u201eDie Gesellschaft der Singularit\u00e4ten (Rez.)\u201c weiterlesen","og_url":"https:\/\/www.klaus-janowitz.de\/wordpress\/die-gesellschaft-der-singularitaeten-rez\/","og_site_name":"Netnographie &amp; Digitaler Wandel","article_published_time":"2017-11-22T18:03:06+00:00","article_modified_time":"2021-11-24T19:24:58+00:00","og_image":[{"url":"http:\/\/www.klaus-janowitz.de\/wordpress\/wp-content\/uploads\/2017\/10\/Gesellschaft_der_Singularitaeten-181x300.jpg","type":"","width":"","height":""}],"author":"KlausMJan","twitter_card":"summary_large_image","twitter_misc":{"Verfasst von":"KlausMJan","Gesch\u00e4tzte Lesezeit":"7\u00a0Minuten"},"schema":{"@context":"https:\/\/schema.org","@graph":[{"@type":"Article","@id":"https:\/\/www.klaus-janowitz.de\/wordpress\/die-gesellschaft-der-singularitaeten-rez\/#article","isPartOf":{"@id":"https:\/\/www.klaus-janowitz.de\/wordpress\/die-gesellschaft-der-singularitaeten-rez\/"},"author":{"name":"KlausMJan","@id":"https:\/\/www.klaus-janowitz.de\/wordpress\/#\/schema\/person\/010eda704157cb8ce4370bfd0376c858"},"headline":"Die Gesellschaft der Singularit\u00e4ten (Rez.)","datePublished":"2017-11-22T18:03:06+00:00","dateModified":"2021-11-24T19:24:58+00:00","mainEntityOfPage":{"@id":"https:\/\/www.klaus-janowitz.de\/wordpress\/die-gesellschaft-der-singularitaeten-rez\/"},"wordCount":1257,"commentCount":0,"image":{"@id":"https:\/\/www.klaus-janowitz.de\/wordpress\/die-gesellschaft-der-singularitaeten-rez\/#primaryimage"},"thumbnailUrl":"http:\/\/www.klaus-janowitz.de\/wordpress\/wp-content\/uploads\/2017\/10\/Gesellschaft_der_Singularitaeten-181x300.jpg","keywords":["Digitale Transformation","digitaler Wandel","Kultur\u00f6konomie","Review","Rezension","Singularisierung","Soziologie"],"articleSection":{"1":"Digitaler Wandel","2":"Rezensionen"},"inLanguage":"de","potentialAction":[{"@type":"CommentAction","name":"Comment","target":["https:\/\/www.klaus-janowitz.de\/wordpress\/die-gesellschaft-der-singularitaeten-rez\/#respond"]}]},{"@type":"WebPage","@id":"https:\/\/www.klaus-janowitz.de\/wordpress\/die-gesellschaft-der-singularitaeten-rez\/","url":"https:\/\/www.klaus-janowitz.de\/wordpress\/die-gesellschaft-der-singularitaeten-rez\/","name":"Die Gesellschaft der Singularit\u00e4ten (Rez.) - Netnographie &amp; Digitaler Wandel","isPartOf":{"@id":"https:\/\/www.klaus-janowitz.de\/wordpress\/#website"},"primaryImageOfPage":{"@id":"https:\/\/www.klaus-janowitz.de\/wordpress\/die-gesellschaft-der-singularitaeten-rez\/#primaryimage"},"image":{"@id":"https:\/\/www.klaus-janowitz.de\/wordpress\/die-gesellschaft-der-singularitaeten-rez\/#primaryimage"},"thumbnailUrl":"http:\/\/www.klaus-janowitz.de\/wordpress\/wp-content\/uploads\/2017\/10\/Gesellschaft_der_Singularitaeten-181x300.jpg","datePublished":"2017-11-22T18:03:06+00:00","dateModified":"2021-11-24T19:24:58+00:00","author":{"@id":"https:\/\/www.klaus-janowitz.de\/wordpress\/#\/schema\/person\/010eda704157cb8ce4370bfd0376c858"},"breadcrumb":{"@id":"https:\/\/www.klaus-janowitz.de\/wordpress\/die-gesellschaft-der-singularitaeten-rez\/#breadcrumb"},"inLanguage":"de","potentialAction":[{"@type":"ReadAction","target":["https:\/\/www.klaus-janowitz.de\/wordpress\/die-gesellschaft-der-singularitaeten-rez\/"]}]},{"@type":"ImageObject","inLanguage":"de","@id":"https:\/\/www.klaus-janowitz.de\/wordpress\/die-gesellschaft-der-singularitaeten-rez\/#primaryimage","url":"http:\/\/www.klaus-janowitz.de\/wordpress\/wp-content\/uploads\/2017\/10\/Gesellschaft_der_Singularitaeten-181x300.jpg","contentUrl":"http:\/\/www.klaus-janowitz.de\/wordpress\/wp-content\/uploads\/2017\/10\/Gesellschaft_der_Singularitaeten-181x300.jpg"},{"@type":"BreadcrumbList","@id":"https:\/\/www.klaus-janowitz.de\/wordpress\/die-gesellschaft-der-singularitaeten-rez\/#breadcrumb","itemListElement":[{"@type":"ListItem","position":1,"name":"Startseite","item":"https:\/\/www.klaus-janowitz.de\/wordpress\/"},{"@type":"ListItem","position":2,"name":"Die Gesellschaft der Singularit\u00e4ten (Rez.)"}]},{"@type":"WebSite","@id":"https:\/\/www.klaus-janowitz.de\/wordpress\/#website","url":"https:\/\/www.klaus-janowitz.de\/wordpress\/","name":"Netnographie &amp; Digitaler Wandel","description":"Blog rund um die Themen Netnographie, Online-Kultur und Digitalen Wandel","potentialAction":[{"@type":"SearchAction","target":{"@type":"EntryPoint","urlTemplate":"https:\/\/www.klaus-janowitz.de\/wordpress\/?s={search_term_string}"},"query-input":{"@type":"PropertyValueSpecification","valueRequired":true,"valueName":"search_term_string"}}],"inLanguage":"de"},{"@type":"Person","@id":"https:\/\/www.klaus-janowitz.de\/wordpress\/#\/schema\/person\/010eda704157cb8ce4370bfd0376c858","name":"KlausMJan","image":{"@type":"ImageObject","inLanguage":"de","@id":"https:\/\/secure.gravatar.com\/avatar\/94d3059bf264a4da1fe44d92721e645980d64122c3365532a3b1517b78db5093?s=96&r=g","url":"https:\/\/secure.gravatar.com\/avatar\/94d3059bf264a4da1fe44d92721e645980d64122c3365532a3b1517b78db5093?s=96&r=g","contentUrl":"https:\/\/secure.gravatar.com\/avatar\/94d3059bf264a4da1fe44d92721e645980d64122c3365532a3b1517b78db5093?s=96&r=g","caption":"KlausMJan"},"sameAs":["http:\/\/www.netnographie.eu\/wordpress"],"url":"https:\/\/www.klaus-janowitz.de\/wordpress\/author\/klausmjan\/"}]}},"jetpack_publicize_connections":[],"jetpack_featured_media_url":"","jetpack_sharing_enabled":true,"jetpack_shortlink":"https:\/\/wp.me\/p15Wn2-2LJ","jetpack_likes_enabled":true,"jetpack-related-posts":[{"id":86844,"url":"https:\/\/www.klaus-janowitz.de\/wordpress\/automatisierte-singularisierung-ki-und-die-herstellung-von-einmaligkeit\/","url_meta":{"origin":10647,"position":0},"title":"Automatisierte Singularisierung &#8211; KI und die Herstellung von Einmaligkeit","author":"KlausMJan","date":"21. Juli 2025","format":false,"excerpt":"Singularisierung ist ein Konzept aus der Soziologie, das mit\u00a0Andreas Reckwitz\u00a0und seinem (Haupt-) werk\u00a0Die Gesellschaft der Singularit\u00e4ten\u00a0\u00a0(2017) verbreitet wurde. Vorweg: Der soziologischer Begriff Singularit\u00e4t unterscheidet sich von dem in der KI \u2013 Technologie \u2013 (s.u. und vgl. die Bildunterschrift re.). Singularisierung als Gesellschaftslogik der Sp\u00e4tmoderne Reckwitz beschrieb die Transformation moderner Gesellschaften\u2026","rel":"","context":"In &quot;Allgemein&quot;","block_context":{"text":"Allgemein","link":"https:\/\/www.klaus-janowitz.de\/wordpress\/category\/allgemein\/"},"img":{"alt_text":"","src":"https:\/\/i0.wp.com\/www.klaus-janowitz.de\/wordpress\/wp-content\/uploads\/2025\/07\/Gegenueberstellung_perplex.jpg?resize=350%2C200&ssl=1","width":350,"height":200,"srcset":"https:\/\/i0.wp.com\/www.klaus-janowitz.de\/wordpress\/wp-content\/uploads\/2025\/07\/Gegenueberstellung_perplex.jpg?resize=350%2C200&ssl=1 1x, https:\/\/i0.wp.com\/www.klaus-janowitz.de\/wordpress\/wp-content\/uploads\/2025\/07\/Gegenueberstellung_perplex.jpg?resize=525%2C300&ssl=1 1.5x, https:\/\/i0.wp.com\/www.klaus-janowitz.de\/wordpress\/wp-content\/uploads\/2025\/07\/Gegenueberstellung_perplex.jpg?resize=700%2C400&ssl=1 2x, https:\/\/i0.wp.com\/www.klaus-janowitz.de\/wordpress\/wp-content\/uploads\/2025\/07\/Gegenueberstellung_perplex.jpg?resize=1050%2C600&ssl=1 3x, https:\/\/i0.wp.com\/www.klaus-janowitz.de\/wordpress\/wp-content\/uploads\/2025\/07\/Gegenueberstellung_perplex.jpg?resize=1400%2C800&ssl=1 4x"},"classes":[]},{"id":5773,"url":"https:\/\/www.klaus-janowitz.de\/wordpress\/digitaler-wandel-ein-neuer-leitbegriff\/","url_meta":{"origin":10647,"position":1},"title":"Digitaler Wandel &#8211; ein neuer Leitbegriff","author":"KlausMJan","date":"4. Mai 2015","format":false,"excerpt":"Das Internet ist schon lange kein\u00a0Neuland mehr und schon gar nicht ein\u00a0Neues Medium*. Vor nunmehr zwei Jahrzehnten, etwa Mitte der 90er Jahre setzte es sich in der Breite durch und um die Jahrtausendwende herum war man dann \"drin\". In den Jahren danach folgten schnellere DSL-Verbindungen mit Flatrates, mit dem\u00a0iPhone verbreitete\u2026","rel":"","context":"In &quot;Allgemein&quot;","block_context":{"text":"Allgemein","link":"https:\/\/www.klaus-janowitz.de\/wordpress\/category\/allgemein\/"},"img":{"alt_text":"Digitaler Wandel ist mehr als technologischer Wandel","src":"https:\/\/i0.wp.com\/www.klaus-janowitz.de\/wordpress\/wp-content\/uploads\/2015\/04\/Firewire_ports-300x161.jpg?resize=350%2C200","width":350,"height":200},"classes":[]},{"id":34197,"url":"https:\/\/www.klaus-janowitz.de\/wordpress\/singulaerer-vs-massenkonsum-experience-economy\/","url_meta":{"origin":10647,"position":2},"title":"Singul\u00e4rer- vs  Massenkonsum\/ Experience Economy","author":"KlausMJan","date":"17. September 2020","format":false,"excerpt":"In der Markthalle Neun in Berlin - Kreuzberg gibt es das passende Bild: Mittendrin im foodporn der Markthalle steht eine ALDI Filiale, eingekapselt im Container.\u00a0 Markthalle Neun ist ein geradezu iconisches Projekt der neuen Esskultur - mit allem was dazugeh\u00f6rt: CraftBeer, Vin Naturel, die Metzgerei Kumpel & Keule, Patisserie fine,\u2026","rel":"","context":"In &quot;Allgemein&quot;","block_context":{"text":"Allgemein","link":"https:\/\/www.klaus-janowitz.de\/wordpress\/category\/allgemein\/"},"img":{"alt_text":"","src":"https:\/\/i0.wp.com\/www.klaus-janowitz.de\/wordpress\/wp-content\/uploads\/2019\/05\/IMG_2608-e1558009813441-300x225.jpg?resize=350%2C200&ssl=1","width":350,"height":200},"classes":[]},{"id":68385,"url":"https:\/\/www.klaus-janowitz.de\/wordpress\/soziologie-im-duett-reckwitz-rosa-spaetmoderne-in-der-krise-rez\/","url_meta":{"origin":10647,"position":3},"title":"Soziologie im Duett &#8211; Reckwitz &#038; Rosa: Sp\u00e4tmoderne in der Krise (Rez.)","author":"KlausMJan","date":"2. Dezember 2021","format":false,"excerpt":"Andreas Reckwitz und Hartmut Rosa\u00a0 z\u00e4hlen (neben Armin Nassehi und Harald Welzer) zu den bekanntesten Soziologen ihrer Generation. Beide haben in den letzten Jahren B\u00fccher ver\u00f6ffentlicht, die man als ihr jeweils Grosses Werk verstehen kann - mit entsprechender Medienresonanz und nachfolgender Breitenwirkung.\u00a0 Bei Reckwitz steht das neue Schl\u00fcsselmilieu der urbanen\u2026","rel":"","context":"In &quot;Allgemein&quot;","block_context":{"text":"Allgemein","link":"https:\/\/www.klaus-janowitz.de\/wordpress\/category\/allgemein\/"},"img":{"alt_text":"","src":"https:\/\/i0.wp.com\/www.klaus-janowitz.de\/wordpress\/wp-content\/uploads\/2021\/10\/reckwitz_rosa_Ges-190x300.jpg?resize=350%2C200&ssl=1","width":350,"height":200},"classes":[]},{"id":87247,"url":"https:\/\/www.klaus-janowitz.de\/wordpress\/fuenfzehn-jahre-blog-digitaler-wandel-als-zeitgeschichte\/","url_meta":{"origin":10647,"position":4},"title":"F\u00fcnfzehn Jahre Blog &#8211; Digitaler Wandel als Zeitgeschichte","author":"KlausMJan","date":"1. Oktober 2025","format":false,"excerpt":"F\u00fcnfzehn Jahre sind ein Abschnitt der Zeitgeschichte. Solange betreibe ich jetzt diesen Blog - mittlerweile sind es knapp 200 Beitr\u00e4ge. Startpunkt war das Netnocamp bei der IHK K\u00f6ln im September 2010. Vorausgegangen war eine mit\u00a0 Dreamweaver erstellte Website,\u00a0 noch im Tabellen- Layout,\u00a0 einige \u00e4ltere\u00a0 Texte (hier zu lesen) von dort\u2026","rel":"","context":"In &quot;Allgemein&quot;","block_context":{"text":"Allgemein","link":"https:\/\/www.klaus-janowitz.de\/wordpress\/category\/allgemein\/"},"img":{"alt_text":"","src":"https:\/\/i0.wp.com\/www.klaus-janowitz.de\/wordpress\/wp-content\/uploads\/2025\/09\/getty-images-MVdQKxe_YTg-unsplash-300x176.jpg?resize=350%2C200&ssl=1","width":350,"height":200},"classes":[]},{"id":7318,"url":"https:\/\/www.klaus-janowitz.de\/wordpress\/machtbalance-figuration-und-digitaler-wandel\/","url_meta":{"origin":10647,"position":5},"title":"Machtbalance, Figuration und digitaler Wandel","author":"KlausMJan","date":"28. Dezember 2015","format":false,"excerpt":"In einem der letzten Beitr\u00e4ge hatte ich den digitalen Wandel in die Perspektive der Zivilisationstheorie\u00a0von Norbert Elias gestellt. Digitaler Wandel l\u00e4sst sich so als ein langfristiger Prozess verstehen, in dem technologische und gesellschaftliche Entwicklungen miteinander verkn\u00fcpft sind. Digitaler Wandel bedeutet nicht, dass bestehende Strukturen in ein neues Format \u00fcbersetzt werden,\u2026","rel":"","context":"In &quot;Allgemein&quot;","block_context":{"text":"Allgemein","link":"https:\/\/www.klaus-janowitz.de\/wordpress\/category\/allgemein\/"},"img":{"alt_text":"","src":"https:\/\/i0.wp.com\/www.klaus-janowitz.de\/wordpress\/wp-content\/uploads\/2011\/01\/elias.jpg?resize=350%2C200&ssl=1","width":350,"height":200},"classes":[]}],"_links":{"self":[{"href":"https:\/\/www.klaus-janowitz.de\/wordpress\/wp-json\/wp\/v2\/posts\/10647","targetHints":{"allow":["GET"]}}],"collection":[{"href":"https:\/\/www.klaus-janowitz.de\/wordpress\/wp-json\/wp\/v2\/posts"}],"about":[{"href":"https:\/\/www.klaus-janowitz.de\/wordpress\/wp-json\/wp\/v2\/types\/post"}],"author":[{"embeddable":true,"href":"https:\/\/www.klaus-janowitz.de\/wordpress\/wp-json\/wp\/v2\/users\/1"}],"replies":[{"embeddable":true,"href":"https:\/\/www.klaus-janowitz.de\/wordpress\/wp-json\/wp\/v2\/comments?post=10647"}],"version-history":[{"count":7,"href":"https:\/\/www.klaus-janowitz.de\/wordpress\/wp-json\/wp\/v2\/posts\/10647\/revisions"}],"predecessor-version":[{"id":68789,"href":"https:\/\/www.klaus-janowitz.de\/wordpress\/wp-json\/wp\/v2\/posts\/10647\/revisions\/68789"}],"wp:attachment":[{"href":"https:\/\/www.klaus-janowitz.de\/wordpress\/wp-json\/wp\/v2\/media?parent=10647"}],"wp:term":[{"taxonomy":"category","embeddable":true,"href":"https:\/\/www.klaus-janowitz.de\/wordpress\/wp-json\/wp\/v2\/categories?post=10647"},{"taxonomy":"post_tag","embeddable":true,"href":"https:\/\/www.klaus-janowitz.de\/wordpress\/wp-json\/wp\/v2\/tags?post=10647"}],"curies":[{"name":"wp","href":"https:\/\/api.w.org\/{rel}","templated":true}]}}